{"id":79472,"date":"2023-03-29T13:20:23","date_gmt":"2023-03-29T16:20:23","guid":{"rendered":"https:\/\/100xd.com.ar\/?p=79472"},"modified":"2023-03-29T13:20:23","modified_gmt":"2023-03-29T16:20:23","slug":"carolina-piparo-se-fue-del-bloque-de-jose-luis-espert-en-diputados-por-visiones-politicas-incompatibles","status":"publish","type":"post","link":"https:\/\/100xd.com.ar\/en\/carolina-piparo-se-fue-del-bloque-de-jose-luis-espert-en-diputados-por-visiones-politicas-incompatibles\/","title":{"rendered":"Carolina P\u00edparo se fue del bloque de Jos\u00e9 Luis Espert en Diputados por \u201cvisiones pol\u00edticas incompatibles\u201d"},"content":{"rendered":"<p class=\"wp-block-paragraph\">La diputada nacional&nbsp;<strong>Carolina P\u00edparo<\/strong>&nbsp;abandon\u00f3 ayer oficialmente el bloque&nbsp;<strong>Avanza Libertad<\/strong>, liderado por Jose Luis Espert, \u201cpor visiones pol\u00edticas incompatibles\u201d. Hac\u00eda tiempo que la dirigente hab\u00eda comenzando a mostrarse con&nbsp;<strong>Javier Milei.<\/strong><\/p>\n\n\n\n<p class=\"wp-block-paragraph\">P\u00edparo comunic\u00f3 la decisi\u00f3n formalmente a la C\u00e1mara de Diputados, en coincidencia con la confirmaci\u00f3n reciente de<a href=\"https:\/\/www.lanacion.com.ar\/politica\/jose-luis-espert-propuso-un-nombre-para-el-frente-opositor-que-busca-armar-con-juntos-por-el-cambio-nid29032023\/\">\u00a0Espert de sus conversaciones con Juntos por el Cambio<\/a>. La exdiputada bonaerense hab\u00eda tenido fuertes desacuerdos con esa fuerza pol\u00edtica antes de acercarse a Espert en 2019.<\/p>\n\n\n\n<p class=\"wp-block-paragraph\">\u201cCon la coherencia como vara rectora, voy a seguir defendiendo los intereses de los miles de bonaerenses que me eligieron para representar desde \u00e9sta banca&nbsp;<strong>las ideas de las libertad<\/strong>\u201d, difundi\u00f3 en su cuenta de Twitter P\u00edparo.<\/p>\n\n\n\n<p class=\"wp-block-paragraph\">P\u00edparo inform\u00f3 que formar\u00e1 un monobloque que se llamar\u00e1&nbsp;<strong>\u201cBuenos Aires libre\u201d&nbsp;<\/strong>y explic\u00f3: \u201cTomo esta decisi\u00f3n bas\u00e1ndome en la coherencia como base rectora para seguir defendiendo los intereses de los miles de bonaerenses que me han elegido para representar desde esta banca las ideas de la libertad\u201d.<\/p>\n\n\n\n<p class=\"wp-block-paragraph\"><a href=\"https:\/\/www.lanacion.com.ar\/politica\/espert-revelo-que-conversa-con-juntos-por-el-cambio-para-armar-un-gran-frente-opositor-nid27032023\/\">En medio de&nbsp;<strong>conversaciones<\/strong><\/a>&nbsp;con Juntos por el Cambio,&nbsp;<strong>Espert<\/strong>&nbsp;dijo a&nbsp;<strong>LN+<\/strong>&nbsp;que si eventualmente se conforma un nuevo&nbsp;<strong>frente opositor<\/strong>&nbsp;entre ambas fuerzas deber\u00eda llevar en su nombre un t\u00e9rmino que considera fundamental: \u201c<strong>libertad<\/strong>\u201d.<\/p>\n\n\n\n<p class=\"wp-block-paragraph\">\u201cEsa palabra deber\u00eda estar en cualquier espacio opositor que se precie de defender las ideas del sentido com\u00fan\u201d, manifest\u00f3. No obstante, Espert aclar\u00f3 que no busca sumarse a Juntos por el Cambio y explic\u00f3 que su intenci\u00f3n es avanzar en el dise\u00f1o de un frente opositor nuevo que integre a su espacio \u201c<strong>Avanza Libertad\u201d en igualdad de condiciones<\/strong>&nbsp;con los partidos que hoy conforman Juntos por el Cambio: Pro, la Uni\u00f3n C\u00edvica Radical, y la Coalici\u00f3n C\u00edvica. Por eso, sugiri\u00f3 que debe haber un nuevo nombre.<\/p>\n\n\n\n<p class=\"wp-block-paragraph\">\u201cEse nuevo espacio opositor me gustar\u00eda que tuviera la palabra libertad de la forma que sea. Podr\u00eda ser\u00a0<strong>\u2018Juntos por el Cambio y la Libertad\u2019<\/strong>\u00a0o \u2018Juntos por la Libertad y el Cambio\u2019\u201d, opin\u00f3 Espert en declaraciones al programa\u00a0<em>+Naci\u00f3n<\/em>, conducido por Luis Majul y Pablo Rossi. El actual diputado remarc\u00f3 que ese t\u00e9rmino \u201cdeber\u00eda estar\u201d en la denominaci\u00f3n final.<\/p>\n\n\n\n<p class=\"wp-block-paragraph\">Fuente:<a href=\"https:\/\/www.lanacion.com.ar\/\"> La Naci\u00f3n<\/a><\/p>","protected":false},"excerpt":{"rendered":"<p>La diputada nacional&nbsp;Carolina P\u00edparo&nbsp;abandon\u00f3 ayer oficialmente el bloque&nbsp;Avanza Libertad, liderado por Jose Luis Espert, \u201cpor visiones pol\u00edticas incompatibles\u201d. Hac\u00eda tiempo que la dirigente hab\u00eda comenzando a mostrarse con&nbsp;Javier Milei. P\u00edparo comunic\u00f3 la decisi\u00f3n formalmente a la C\u00e1mara de Diputados, en coincidencia con la confirmaci\u00f3n reciente de\u00a0Espert de sus conversaciones con Juntos por el Cambio. La [&hellip;]<\/p>\n","protected":false},"author":9,"featured_media":0,"comment_status":"open","ping_status":"open","sticky":false,"template":"","format":"standard","meta":{"site-sidebar-layout":"default","site-content-layout":"","ast-site-content-layout":"default","site-content-style":"default","site-sidebar-style":"default","ast-global-header-display":"","ast-banner-title-visibility":"","ast-main-header-display":"","ast-hfb-above-header-display":"","ast-hfb-below-header-display":"","ast-hfb-mobile-header-display":"","site-post-title":"","ast-breadcrumbs-content":"","ast-featured-img":"","footer-sml-layout":"","ast-disable-related-posts":"","theme-transparent-header-meta":"","adv-header-id-meta":"","stick-header-meta":"","header-above-stick-meta":"","header-main-stick-meta":"","header-below-stick-meta":"","astra-migrate-meta-layouts":"default","ast-page-background-enabled":"default","ast-page-background-meta":{"desktop":{"background-color":"","background-image":"","background-repeat":"repeat","background-position":"center center","background-size":"auto","background-attachment":"scroll","background-type":"","background-media":"","overlay-type":"","overlay-color":"","overlay-opacity":"","overlay-gradient":""},"tablet":{"background-color":"","background-image":"","background-repeat":"repeat","background-position":"center center","background-size":"auto","background-attachment":"scroll","background-type":"","background-media":"","overlay-type":"","overlay-color":"","overlay-opacity":"","overlay-gradient":""},"mobile":{"background-color":"","background-image":"","background-repeat":"repeat","background-position":"center center","background-size":"auto","background-attachment":"scroll","background-type":"","background-media":"","overlay-type":"","overlay-color":"","overlay-opacity":"","overlay-gradient":""}},"ast-content-background-meta":{"desktop":{"background-color":"var(--ast-global-color-5)","background-image":"","background-repeat":"repeat","background-position":"center center","background-size":"auto","background-attachment":"scroll","background-type":"","background-media":"","overlay-type":"","overlay-color":"","overlay-opacity":"","overlay-gradient":""},"tablet":{"background-color":"var(--ast-global-color-5)","background-image":"","background-repeat":"repeat","background-position":"center center","background-size":"auto","background-attachment":"scroll","background-type":"","background-media":"","overlay-type":"","overlay-color":"","overlay-opacity":"","overlay-gradient":""},"mobile":{"background-color":"var(--ast-global-color-5)","background-image":"","background-repeat":"repeat","background-position":"center center","background-size":"auto","background-attachment":"scroll","background-type":"","background-media":"","overlay-type":"","overlay-color":"","overlay-opacity":"","overlay-gradient":""}},"footnotes":""},"categories":[2],"tags":[],"class_list":["post-79472","post","type-post","status-publish","format-standard","hentry","category-politica"],"spectra_blocks_featured_image_url":null,"spectra_blocks_author_info":{"display_name":"Jorge Alfredo Baret","avatar_url":"https:\/\/secure.gravatar.com\/avatar\/31696f5ca83439b642450ec7d3f82f98451a5efacb414343d5478c982b337f26?s=96&d=mm&r=g","author_link":"https:\/\/100xd.com.ar\/en\/author\/jorge\/","description":"Ingeniero Qu\u00edmico UTN - Director Apoderado de Comunicaciones Auditadas SA. Editor Responsable 100xd.com.ar."},"_links":{"self":[{"href":"https:\/\/100xd.com.ar\/en\/wp-json\/wp\/v2\/posts\/79472","targetHints":{"allow":["GET"]}}],"collection":[{"href":"https:\/\/100xd.com.ar\/en\/wp-json\/wp\/v2\/posts"}],"about":[{"href":"https:\/\/100xd.com.ar\/en\/wp-json\/wp\/v2\/types\/post"}],"author":[{"embeddable":true,"href":"https:\/\/100xd.com.ar\/en\/wp-json\/wp\/v2\/users\/9"}],"replies":[{"embeddable":true,"href":"https:\/\/100xd.com.ar\/en\/wp-json\/wp\/v2\/comments?post=79472"}],"version-history":[{"count":1,"href":"https:\/\/100xd.com.ar\/en\/wp-json\/wp\/v2\/posts\/79472\/revisions"}],"predecessor-version":[{"id":79474,"href":"https:\/\/100xd.com.ar\/en\/wp-json\/wp\/v2\/posts\/79472\/revisions\/79474"}],"wp:attachment":[{"href":"https:\/\/100xd.com.ar\/en\/wp-json\/wp\/v2\/media?parent=79472"}],"wp:term":[{"taxonomy":"category","embeddable":true,"href":"https:\/\/100xd.com.ar\/en\/wp-json\/wp\/v2\/categories?post=79472"},{"taxonomy":"post_tag","embeddable":true,"href":"https:\/\/100xd.com.ar\/en\/wp-json\/wp\/v2\/tags?post=79472"}],"curies":[{"name":"wp","href":"https:\/\/api.w.org\/{rel}","templated":true}]}}