{"id":78191,"date":"2023-03-05T13:35:02","date_gmt":"2023-03-05T16:35:02","guid":{"rendered":"https:\/\/100xd.com.ar\/?p=78191"},"modified":"2023-03-05T13:35:02","modified_gmt":"2023-03-05T16:35:02","slug":"cristina-kirchner-reapareceria-en-un-acto-la-proxima-semana-luego-de-que-se-conozcan-los-fundamentos-en-el-caso-vialidad","status":"publish","type":"post","link":"https:\/\/100xd.com.ar\/en\/cristina-kirchner-reapareceria-en-un-acto-la-proxima-semana-luego-de-que-se-conozcan-los-fundamentos-en-el-caso-vialidad\/","title":{"rendered":"Cristina Kirchner reaparecer\u00eda en un acto la pr\u00f3xima semana, luego de que se conozcan los fundamentos en el caso \u201cVialidad\u201d"},"content":{"rendered":"<p class=\"wp-block-paragraph\"><strong>Cristina Kirchner podr\u00eda reaparecer en un acto p\u00fablico la pr\u00f3xima semana, apenas un d\u00eda despu\u00e9s de que el Tribunal Oral Federal (TOF) 2<\/strong>, entregue los fundamentos de su condena en el caso \u201cVialidad\u201d. De concretarse la presentaci\u00f3n, Kirchner volver\u00eda a hablar p\u00fablicamente despu\u00e9s de m\u00e1s de dos meses y ocurrir\u00eda un d\u00eda antes de la convocatoria en Avellaneda, donde el kirchnerismo se pronunciar\u00e1 contra su supuesta \u201cproscripci\u00f3n\u201d y reclamar\u00e1 que sea candidata.<\/p>\n\n\n\n<p class=\"wp-block-paragraph\">La reaparici\u00f3n de Kirchner se dar\u00eda&nbsp;<mark>en la sede de Viedma, de la Universidad Nacional de R\u00edo Negro<\/mark>&nbsp;con motivo de recibir un doctorado honoris causa, un hecho casi id\u00e9ntico al que protagoniz\u00f3 el 6 de mayo del a\u00f1o pasado, en Resistencia, Chaco. Entonces estuvo acompa\u00f1ada por el gobernador local,<strong>&nbsp;Jorge \u201cCoqui\u201d Capitanich.&nbsp;<\/strong>Esta vez estar\u00eda con el senador&nbsp;<strong>Mart\u00edn Do\u00f1ate<\/strong>, rionegrino y protagonista de una de las principales peleas que lleva adelante el kirchnerismo con la Corte Suprema de Justicia de la Naci\u00f3n por su designaci\u00f3n en el Consejo de la Magistratura.<\/p>\n\n\n\n<figure data-spectra-id=\"spectra-579bda76-857d-494f-9397-19f4d35ee5ce\" class=\"wp-block-image\"><img decoding=\"async\" src=\"https:\/\/resizer.glanacion.com\/resizer\/1rgO5yHoJT50DLCImcobzDGFt6g=\/310x0\/filters:format(webp):quality(80)\/cloudfront-us-east-1.images.arcpublishing.com\/lanacionar\/C7BM3T57DRCTVCJPG2LXX3PLLQ.jpg\" alt=\"Cristina Kirchner, con el gobernador del Chaco, Jorge Capitanich, y la vicegobernadora, Anal\u00eda Rach Quiroga\" title=\"Cristina Kirchner reaparecer\u00eda en un acto la pr\u00f3xima semana, luego de que se conozcan los fundamentos en el caso \u201cVialidad\u201d\" \/><figcaption>Cristina Kirchner, con el gobernador del Chaco, Jorge Capitanich, y la vicegobernadora, Anal\u00eda Rach Quiroga<\/figcaption><\/figure>\n\n\n\n<p class=\"wp-block-paragraph\">Inicialmente la informaci\u00f3n fue dada a conocer por el portal Letra P y pese a que ya es considerado un hecho en distintas terminales del kirchnerismo, cerca de la vicepresidenta evitaban confirmar la informaci\u00f3n sobre el evento que, de concretarse,&nbsp;<strong>se dar\u00e1 un d\u00eda antes del plenario de la militancia que distintos espacios que conforman el kirchnerismo convocan el s\u00e1bado 11 de marzo en Avellaneda<\/strong>. Bajo la consigna&nbsp;<a href=\"https:\/\/www.lanacion.com.ar\/politica\/el-kirchnerismo-se-prepara-para-llevar-a-las-calles-el-reclamo-contra-la-proscripcion-de-cristina-nid17022023\/\">\u201cLuche y Vuelve\u201d y \u201cCristina 2023\u2033<\/a>, est\u00e1 previsto para las 16 en el predio de la UTN en Villa Dom\u00ednico, una de las localidades que componen el partido del intendente&nbsp;<strong>Jorge Ferraresi,<\/strong>&nbsp;otro de los que impulsa que Kirchner vuelva a presentarse como presidenta.<\/p>\n\n\n\n<p class=\"wp-block-paragraph\">Ese d\u00eda se conmemoran 50 a\u00f1os de la asunci\u00f3n de&nbsp;<strong>H\u00e9ctor C\u00e1mpora<\/strong>&nbsp;al poder y es una fecha en la que desde hace semanas se esperaba la confirmaci\u00f3n de un acto para conmemorar el hecho.&nbsp;<mark>\u201cLuche y vuelve\u201d,&nbsp;<\/mark>es parte de las consignas que se levantan entorno a la convocatoria que se lanz\u00f3 este viernes.<\/p>\n\n\n\n<figure data-spectra-id=\"spectra-e3bdf43c-99b3-436d-b94e-d48b9a08e052\" class=\"wp-block-image\"><img decoding=\"async\" src=\"https:\/\/resizer.glanacion.com\/resizer\/J6U_w7xDjFiu8HXU_H0KHrKKhqg=\/310x0\/filters:format(webp):quality(80)\/cloudfront-us-east-1.images.arcpublishing.com\/lanacionar\/4TQII3KHU5CALIEGHGGWLRP7NY.jpg\" alt=\".\" title=\"Cristina Kirchner reaparecer\u00eda en un acto la pr\u00f3xima semana, luego de que se conozcan los fundamentos en el caso \u201cVialidad\u201d\" \/><figcaption>.<\/figcaption><\/figure>\n\n\n\n<p class=\"wp-block-paragraph\"><a href=\"https:\/\/www.lanacion.com.ar\/politica\/cristina-kirchner-en-avellaneda-en-vivo-nid27122022\/\">La \u00faltima vez que Kirchner habl\u00f3 p\u00fablicamente fue a fines de diciembre pasado precisamente en Avellaneda<\/a>, tres semanas despu\u00e9s de haber sido condenada a 6 a\u00f1os de prisi\u00f3n e inhabilitaci\u00f3n perpetua para ejercer cargos p\u00fablicos. En el lapso entre el d\u00eda del fallo, el martes 6 de diciembre, cuando se expres\u00f3 luego de que se conociera el veredicto y el 27 de de ese mes, que reapareci\u00f3, la exmandataria debi\u00f3 suspender dos veces un evento previsto en el CCK donde se referir\u00eda, frente al Grupo de Puebla, al tema judicial y el&nbsp;<em>lawfare<\/em>.&nbsp;<a href=\"https:\/\/www.lanacion.com.ar\/politica\/se-volvio-a-suspender-el-seminario-sobre-el-lawfare-y-la-marcha-en-solidaridad-por-cristina-nid14122022\/\">Sin embargo, su cuadro de Covid positivo primero y luego el triunfo de la selecci\u00f3n argentina en Qatar 2022<\/a>&nbsp;con la multitud que sali\u00f3 a la calle trastocaron sus planes y no hubo la muestra popular en apoyo a su condena.<\/p>\n\n\n\n<p class=\"wp-block-paragraph\">El kirchnerismo sostiene a nivel pol\u00edtico que Kirchner est\u00e1 proscripta, algo que no tiene respaldo desde lo t\u00e9cnico, porque su condena no est\u00e1 firme. El mismo 6, Kirchner se corri\u00f3 de la carrera electoral al decir:&nbsp;<mark>\u201cEn 2023, no voy a ser candidata a nada, ya no voy a tener fueros\u201d<\/mark>. Luego se comenz\u00f3 a hablar de proscripci\u00f3n.<\/p>\n\n\n\n<p class=\"wp-block-paragraph\">El tema ocupa un lugar central en el espacio en general y en la interna del oficialismo en particular. De hecho fue el eje del documento con el que el Frente de Todos sali\u00f3 en la madrugada del viernes 17, tras la denominada \u201cmesa electoral\u201d. Titulado \u201cDemocracia sin proscripciones. Unidad para transformar\u201d, el documento abord\u00f3 el tema de lleno.<\/p>\n\n\n\n<p class=\"wp-block-paragraph\">El \u201coperativo clamor\u201d para que Kirchner sea candidata en las pr\u00f3ximas elecciones ya est\u00e1 en marcha a trav\u00e9s de las declaraciones y pedidos de varios referentes de su espacio, como el ministro bonaerense,&nbsp;<mark><strong>Andr\u00e9s \u201cCuervo\u201d Larroque<\/strong>&nbsp;y su par nacional,&nbsp;<strong>Eduardo \u201cWado\u201d de Pedro,<\/strong>&nbsp;dos hombres de La C\u00e1mpora y de extrema confianza de la exmandataria.<\/mark><\/p>\n\n\n\n<p class=\"wp-block-paragraph\"><strong>\u201cPara m\u00ed, Cristina tiene que ser candidata a Presidenta. Estoy a fondo con ella. Si eso pasa, creo que ganamos<\/strong>\u201d, dijo Larroque esta semana. Como contrapartida de esa posibilidad est\u00e1 la indefinici\u00f3n de Alberto Fern\u00e1ndez sobre si volver\u00e1 o no a ser candidato, lo que tensa la cuerda interna.<\/p>\n\n\n\n<p class=\"wp-block-paragraph\"><a href=\"https:\/\/www.lanacion.com.ar\/autor\/cdevanna\/\">Cecilia Devanna<\/a><\/p>\n\n\n\n<p class=\"wp-block-paragraph\">Fuente:<a href=\"https:\/\/www.lanacion.com.ar\/\"> La Naci\u00f3n<\/a><\/p>","protected":false},"excerpt":{"rendered":"<p>Cristina Kirchner podr\u00eda reaparecer en un acto p\u00fablico la pr\u00f3xima semana, apenas un d\u00eda despu\u00e9s de que el Tribunal Oral Federal (TOF) 2, entregue los fundamentos de su condena en el caso \u201cVialidad\u201d. De concretarse la presentaci\u00f3n, Kirchner volver\u00eda a hablar p\u00fablicamente despu\u00e9s de m\u00e1s de dos meses y ocurrir\u00eda un d\u00eda antes de la [&hellip;]<\/p>\n","protected":false},"author":9,"featured_media":0,"comment_status":"open","ping_status":"open","sticky":false,"template":"","format":"standard","meta":{"site-sidebar-layout":"default","site-content-layout":"","ast-site-content-layout":"default","site-content-style":"default","site-sidebar-style":"default","ast-global-header-display":"","ast-banner-title-visibility":"","ast-main-header-display":"","ast-hfb-above-header-display":"","ast-hfb-below-header-display":"","ast-hfb-mobile-header-display":"","site-post-title":"","ast-breadcrumbs-content":"","ast-featured-img":"","footer-sml-layout":"","ast-disable-related-posts":"","theme-transparent-header-meta":"","adv-header-id-meta":"","stick-header-meta":"","header-above-stick-meta":"","header-main-stick-meta":"","header-below-stick-meta":"","astra-migrate-meta-layouts":"default","ast-page-background-enabled":"default","ast-page-background-meta":{"desktop":{"background-color":"","background-image":"","background-repeat":"repeat","background-position":"center center","background-size":"auto","background-attachment":"scroll","background-type":"","background-media":"","overlay-type":"","overlay-color":"","overlay-opacity":"","overlay-gradient":""},"tablet":{"background-color":"","background-image":"","background-repeat":"repeat","background-position":"center center","background-size":"auto","background-attachment":"scroll","background-type":"","background-media":"","overlay-type":"","overlay-color":"","overlay-opacity":"","overlay-gradient":""},"mobile":{"background-color":"","background-image":"","background-repeat":"repeat","background-position":"center center","background-size":"auto","background-attachment":"scroll","background-type":"","background-media":"","overlay-type":"","overlay-color":"","overlay-opacity":"","overlay-gradient":""}},"ast-content-background-meta":{"desktop":{"background-color":"var(--ast-global-color-5)","background-image":"","background-repeat":"repeat","background-position":"center center","background-size":"auto","background-attachment":"scroll","background-type":"","background-media":"","overlay-type":"","overlay-color":"","overlay-opacity":"","overlay-gradient":""},"tablet":{"background-color":"var(--ast-global-color-5)","background-image":"","background-repeat":"repeat","background-position":"center center","background-size":"auto","background-attachment":"scroll","background-type":"","background-media":"","overlay-type":"","overlay-color":"","overlay-opacity":"","overlay-gradient":""},"mobile":{"background-color":"var(--ast-global-color-5)","background-image":"","background-repeat":"repeat","background-position":"center center","background-size":"auto","background-attachment":"scroll","background-type":"","background-media":"","overlay-type":"","overlay-color":"","overlay-opacity":"","overlay-gradient":""}},"footnotes":""},"categories":[25],"tags":[],"class_list":["post-78191","post","type-post","status-publish","format-standard","hentry","category-destacado"],"spectra_blocks_featured_image_url":null,"spectra_blocks_author_info":{"display_name":"Jorge Alfredo Baret","avatar_url":"https:\/\/secure.gravatar.com\/avatar\/31696f5ca83439b642450ec7d3f82f98451a5efacb414343d5478c982b337f26?s=96&d=mm&r=g","author_link":"https:\/\/100xd.com.ar\/en\/author\/jorge\/","description":"Ingeniero Qu\u00edmico UTN - Director Apoderado de Comunicaciones Auditadas SA. Editor Responsable 100xd.com.ar."},"_links":{"self":[{"href":"https:\/\/100xd.com.ar\/en\/wp-json\/wp\/v2\/posts\/78191","targetHints":{"allow":["GET"]}}],"collection":[{"href":"https:\/\/100xd.com.ar\/en\/wp-json\/wp\/v2\/posts"}],"about":[{"href":"https:\/\/100xd.com.ar\/en\/wp-json\/wp\/v2\/types\/post"}],"author":[{"embeddable":true,"href":"https:\/\/100xd.com.ar\/en\/wp-json\/wp\/v2\/users\/9"}],"replies":[{"embeddable":true,"href":"https:\/\/100xd.com.ar\/en\/wp-json\/wp\/v2\/comments?post=78191"}],"version-history":[{"count":1,"href":"https:\/\/100xd.com.ar\/en\/wp-json\/wp\/v2\/posts\/78191\/revisions"}],"predecessor-version":[{"id":78193,"href":"https:\/\/100xd.com.ar\/en\/wp-json\/wp\/v2\/posts\/78191\/revisions\/78193"}],"wp:attachment":[{"href":"https:\/\/100xd.com.ar\/en\/wp-json\/wp\/v2\/media?parent=78191"}],"wp:term":[{"taxonomy":"category","embeddable":true,"href":"https:\/\/100xd.com.ar\/en\/wp-json\/wp\/v2\/categories?post=78191"},{"taxonomy":"post_tag","embeddable":true,"href":"https:\/\/100xd.com.ar\/en\/wp-json\/wp\/v2\/tags?post=78191"}],"curies":[{"name":"wp","href":"https:\/\/api.w.org\/{rel}","templated":true}]}}