{"id":7760,"date":"2015-08-19T08:50:22","date_gmt":"2015-08-19T11:50:22","guid":{"rendered":"http:\/\/www.100xd.com.ar\/?p=7760"},"modified":"2015-08-20T09:13:17","modified_gmt":"2015-08-20T12:13:17","slug":"tinelli-habilitado-como-candidato-y-nombrado-vicepresidente-segundo-de-afa","status":"publish","type":"post","link":"https:\/\/100xd.com.ar\/en\/tinelli-habilitado-como-candidato-y-nombrado-vicepresidente-segundo-de-afa\/","title":{"rendered":"Tinelli fue habilitado como candidato y nombrado vicepresidente tercero de la AFA"},"content":{"rendered":"<p>El vicepresidente de San Lorenzo, Marcelo Tinelli, qued\u00f3 habilitado por el Comit\u00e9 Ejecutivo, junto al resto de sus colegas dirigentes del f\u00fatbol argentino, para presentarse en las elecciones a presidente de AFA que finalmente se celebrar\u00e1n el 1 de marzo del a\u00f1o pr\u00f3ximo, con la posibilidad de establecer una lista \u00fanica de consenso por la que se trabajar\u00e1 en los pr\u00f3ximos meses.<\/p>\n<p>Esta decisi\u00f3n, conjuntamente con la de nombrar a Tinelli como vicepresidente tercero de AFA, surgi\u00f3 tras una reuni\u00f3n desarrollada extramuros de la que participaron el propio Tinelli; el titular de Independiente, Hugo Moyano; sus colegas de San Lorenzo, Mat\u00edas Lammens, y de Barracas Central y representante del ascenso, Claudio Tapia, y el vice de Argentinos Juniors e hijo del presidente afista, Luis Fernando Segura.<\/p>\n<p>Del encuentro celebrado en unas oficinas de C\u00f3rdoba y Montevideo se lleg\u00f3 al punto de encuentro propuesto por &#8220;Chiqui&#8221; Tapia, yerno de Moyano, quien en representaci\u00f3n del &#8220;grondonismo&#8221; decidi\u00f3 dejar de lado la reinterpretaci\u00f3n del apartado 5 del art\u00edculo 50 del reglamento de AFA, que impide la presentaci\u00f3n a elecciones de todos aquellos dirigentes con menos de cuatro a\u00f1os en el ejercicio de sus funciones.<\/p>\n<p>Con tal postura en las manos estos dirigentes (menos Tinelli y Moyano) fueron hasta el edificio de la calle Viamonte para llevar adelante una reuni\u00f3n que no tuvo nada de pol\u00e9mica y un todo de acuerdos, y a la que falt\u00f3 por prescripci\u00f3n m\u00e9dica Luis Segura, por lo que Miguel Silva, secretario general de AFA, hered\u00f3 su conducci\u00f3n.<\/p>\n<p>Justamente Silva, presidente de Arsenal, hab\u00eda comenzado poco despu\u00e9s del mediod\u00eda una ronda de negociaciones que incluyeron en un primer encuentro a Lammens, y al presidente de River Plate, Rodolfo D&#8217;onofrio.<\/p>\n<p>Tinelli quer\u00eda elecciones en diciembre y los &#8220;grondonistas&#8221; en junio. Por eso partieron la diferencia para el 1 de marzo.<\/p>\n<p>&#8220;Yo apoyo a Tinelli porque V\u00e9lez siempre estuvo de acuerdo con una AFA de otras condiciones y Tinelli es el candidato con m\u00e1s futuro&#8221;, apunt\u00f3 Ra\u00fal G\u00e1mez al momento de ingresar a la reuni\u00f3n, mientras detr\u00e1s suyo un individuo disfrazado de Papa Francisco portaba una pancarta en obvio respaldo al conductor televisivo que dec\u00eda:&#8221;Yo te avalo, sos mi hombre&#8221;.<\/p>\n<p>&#8220;Es la primera vez que con la muerte de Julio Grondona se uni\u00f3 el f\u00fatbol y eso ocurri\u00f3 porque hubo di\u00e1logo entre todos. La idea es crear una nueva vicepresidencia y trabajar todos juntos&#8221;, sostuvo Tapia una vez finalizado el c\u00f3nclave en la sede afista.<\/p>\n<p>Y a su lado Lammens, como para dejar claras las dos representaciones que estaban en pugna, al menos hasta esta noche, apunt\u00f3 que la resoluci\u00f3n &#8220;se adopt\u00f3 por unanimidad y eso es muy bueno para el f\u00fatbol. Ahora es necesario que se pongan a trabajar todos los clubes para dejar atr\u00e1s las divisiones y las peleas&#8221;.<\/p>\n<p>&#8220;Hoy los dirigentes nos dimos cuenta que hay crisis en la AFA y que debemos ponernos a trabajar todos por una AFA m\u00e1s fuerte&#8221;, concluy\u00f3 el sost\u00e9n dirigencial de Tinelli en San Lorenzo.<\/p>\n<p>De la reuni\u00f3n del Comit\u00e9 no participaron el vicepresidente de Boca Juniors, Juan Carlos Crespi, y el titular de Belgrano, de C\u00f3rdoba, Armando P\u00e9rez, este \u00faltimo tambi\u00e9n por prescripci\u00f3n m\u00e9dica como Luis Segura.<\/p>\n<p>Arsenal, Independiente, Racing y Argentinos Juniors eran los \u00fanicos que a poco de iniciarse la se opon\u00edan finalmente al &#8220;tinellismo&#8221;.<\/p>\n<p>La pr\u00f3xima semana Tinelli se convertir\u00e1 en el vice tercero de AFA, algo que decidi\u00f3 el Comit\u00e9 Ejecutivo pero lo tiene que refrendar la Asamblea Ordinaria de octubre en la que inicialmente se iba a elegir presidente.<\/p>\n<p>De esta manera la c\u00fapula afista quedar\u00e1 ordenada con Luis Segura como presidente, D&#8217;onofrio como vice primero, Tapia como vice segundo y Tinelli como vice tercero.<\/p>\n<p>Adem\u00e1s se resolvi\u00f3, en el marco de estas negocaciones y en virtud del respaldo sostendio por algunos clubes de los denominados &#8220;chicos&#8221; para con la postulaci\u00f3n de Tinelli, que en el campeonato de transici\u00f3n de febrero a junio de 2016 haya un ascenso a primera y un descenso a la B Nacional, con el objetivo de que el campeonato largo 2016-2017 que comenzar\u00e1 en agosto del a\u00f1o pr\u00f3ximo tambi\u00e9n contenga a 30 equipos.<\/p>\n<p>Todo esto qued\u00f3 finalmente resumido en un contexto tem\u00e1tico de cinco puntos, que le otorgaron car\u00e1cter formal a un acuerdo impensado cuando el sol ya estaba cayendo en el horizonte de una AFA que intentar\u00e1 disipar en los pr\u00f3ximos seis meses todos los nubarrones que se instalaron sobre ella desde el fallecimiento de Julio Humberto Grondona.<\/p>\n<p>Estos \u00edtems, a los que se agrega una autorizaci\u00f3n al presidente de AFA para llevar los puntos 1 y 2 para su aprobaci\u00f3n ante la Inspecci\u00f3n General de Justicia, son los siguientes:<\/p>\n<p>1- Interpretar el art\u00edculo 50, inciso 5), del Reglamento General, en el sentido de que para la postulaci\u00f3n no se requiere antig\u00fcedad en el cargo de directivo a quien se encuentre en tal calidad en club directamente afiliado a esta Asociaci\u00f3n, o de liga afiliada, \u00f3 de clubes indirectamente afiliados a \u00e9sta.<\/p>\n<p>2- Prorrogar el mandato del Presidente, por \u00fanica vez, cuyo vencimiento opera el 25 de octubre de 2015, hasta el 1\u00ba de marzo de 2016. Por Presidencia se definir\u00e1 la fecha en la cual se llevar\u00e1 a cabo la Asamblea Ordinaria de elecci\u00f3n de Presidente (Estatuto Art. 10 apartado 2).<\/p>\n<p>3- Crear una Vicepresidencia 3ra. que reemplazar\u00e1 por su orden en caso de ausencia y con sus mismas atribuciones al Presidente, Vicepresidente 1ro. y Vicepresidente 2do.<\/p>\n<p>4- Convocar a Asamblea Extraordinaria con el objeto del tratamiento de las modificaciones previstas en los puntos 2do. y 3ro. del presente temario. La misma ser\u00e1 convocada para la fecha 22 de octubre de 2015 en que se llevar\u00e1 a cabo, en distinto horario, la Asamblea Ordinaria.<\/p>\n<p>5- Al momento de la Asamblea extraordinaria se incorporar\u00e1 dentro del Orden del D\u00eda la modificaci\u00f3n del sistema de descensos en los campeonatos del a\u00f1o 2016 aprobada por unanimidad en el Comit\u00e9 Ejecutivo. En este orden, en junio de 2016 habr\u00e1 un descenso en lugar de los 3 reglamentados al d\u00eda de la fecha.<\/p>\n<p><script src=\"\/\/platform.twitter.com\/widgets.js\" async=\"\" charset=\"utf-8\"><\/script><\/p>","protected":false},"excerpt":{"rendered":"<p>El vicepresidente de San Lorenzo, Marcelo Tinelli, qued\u00f3 habilitado por el Comit\u00e9 Ejecutivo, junto al resto de sus colegas dirigentes del f\u00fatbol argentino, para presentarse en las elecciones a presidente de AFA que finalmente se celebrar\u00e1n el 1 de marzo del a\u00f1o pr\u00f3ximo, con la posibilidad de establecer una lista \u00fanica de consenso por la [&hellip;]<\/p>\n","protected":false},"author":4,"featured_media":0,"comment_status":"open","ping_status":"open","sticky":false,"template":"","format":"standard","meta":{"site-sidebar-layout":"default","site-content-layout":"","ast-site-content-layout":"default","site-content-style":"default","site-sidebar-style":"default","ast-global-header-display":"","ast-banner-title-visibility":"","ast-main-header-display":"","ast-hfb-above-header-display":"","ast-hfb-below-header-display":"","ast-hfb-mobile-header-display":"","site-post-title":"","ast-breadcrumbs-content":"","ast-featured-img":"","footer-sml-layout":"","ast-disable-related-posts":"","theme-transparent-header-meta":"","adv-header-id-meta":"","stick-header-meta":"","header-above-stick-meta":"","header-main-stick-meta":"","header-below-stick-meta":"","astra-migrate-meta-layouts":"default","ast-page-background-enabled":"default","ast-page-background-meta":{"desktop":{"background-color":"","background-image":"","background-repeat":"repeat","background-position":"center center","background-size":"auto","background-attachment":"scroll","background-type":"","background-media":"","overlay-type":"","overlay-color":"","overlay-opacity":"","overlay-gradient":""},"tablet":{"background-color":"","background-image":"","background-repeat":"repeat","background-position":"center center","background-size":"auto","background-attachment":"scroll","background-type":"","background-media":"","overlay-type":"","overlay-color":"","overlay-opacity":"","overlay-gradient":""},"mobile":{"background-color":"","background-image":"","background-repeat":"repeat","background-position":"center center","background-size":"auto","background-attachment":"scroll","background-type":"","background-media":"","overlay-type":"","overlay-color":"","overlay-opacity":"","overlay-gradient":""}},"ast-content-background-meta":{"desktop":{"background-color":"var(--ast-global-color-5)","background-image":"","background-repeat":"repeat","background-position":"center center","background-size":"auto","background-attachment":"scroll","background-type":"","background-media":"","overlay-type":"","overlay-color":"","overlay-opacity":"","overlay-gradient":""},"tablet":{"background-color":"var(--ast-global-color-5)","background-image":"","background-repeat":"repeat","background-position":"center center","background-size":"auto","background-attachment":"scroll","background-type":"","background-media":"","overlay-type":"","overlay-color":"","overlay-opacity":"","overlay-gradient":""},"mobile":{"background-color":"var(--ast-global-color-5)","background-image":"","background-repeat":"repeat","background-position":"center center","background-size":"auto","background-attachment":"scroll","background-type":"","background-media":"","overlay-type":"","overlay-color":"","overlay-opacity":"","overlay-gradient":""}},"footnotes":""},"categories":[11],"tags":[199,1551],"class_list":["post-7760","post","type-post","status-publish","format-standard","hentry","category-deportes","tag-afa","tag-tinelli"],"spectra_blocks_featured_image_url":null,"spectra_blocks_author_info":{"display_name":"Facundo Novillo","avatar_url":"https:\/\/secure.gravatar.com\/avatar\/09745bc65ce6bf84291d6515d5f759c04b4fce4f329b8a975a8ac2982b552d3e?s=96&d=mm&r=g","author_link":"https:\/\/100xd.com.ar\/en\/author\/facundo\/","description":""},"_links":{"self":[{"href":"https:\/\/100xd.com.ar\/en\/wp-json\/wp\/v2\/posts\/7760","targetHints":{"allow":["GET"]}}],"collection":[{"href":"https:\/\/100xd.com.ar\/en\/wp-json\/wp\/v2\/posts"}],"about":[{"href":"https:\/\/100xd.com.ar\/en\/wp-json\/wp\/v2\/types\/post"}],"author":[{"embeddable":true,"href":"https:\/\/100xd.com.ar\/en\/wp-json\/wp\/v2\/users\/4"}],"replies":[{"embeddable":true,"href":"https:\/\/100xd.com.ar\/en\/wp-json\/wp\/v2\/comments?post=7760"}],"version-history":[{"count":4,"href":"https:\/\/100xd.com.ar\/en\/wp-json\/wp\/v2\/posts\/7760\/revisions"}],"predecessor-version":[{"id":7799,"href":"https:\/\/100xd.com.ar\/en\/wp-json\/wp\/v2\/posts\/7760\/revisions\/7799"}],"wp:attachment":[{"href":"https:\/\/100xd.com.ar\/en\/wp-json\/wp\/v2\/media?parent=7760"}],"wp:term":[{"taxonomy":"category","embeddable":true,"href":"https:\/\/100xd.com.ar\/en\/wp-json\/wp\/v2\/categories?post=7760"},{"taxonomy":"post_tag","embeddable":true,"href":"https:\/\/100xd.com.ar\/en\/wp-json\/wp\/v2\/tags?post=7760"}],"curies":[{"name":"wp","href":"https:\/\/api.w.org\/{rel}","templated":true}]}}