{"id":75658,"date":"2023-01-05T11:58:10","date_gmt":"2023-01-05T14:58:10","guid":{"rendered":"https:\/\/100xd.com.ar\/?p=75658"},"modified":"2023-01-05T11:58:10","modified_gmt":"2023-01-05T14:58:10","slug":"provincia-de-san-juan-libros-para-aprender-167-757-textos-fueron-entregados-a-estudiantes-de-nivel-inicial-y-primario-en-2022","status":"publish","type":"post","link":"https:\/\/100xd.com.ar\/en\/provincia-de-san-juan-libros-para-aprender-167-757-textos-fueron-entregados-a-estudiantes-de-nivel-inicial-y-primario-en-2022\/","title":{"rendered":"Provincia de San Ju\u00e1n: Libros para Aprender: 167.757 textos fueron entregados a estudiantes de Nivel Inicial y Primario en 2022"},"content":{"rendered":"<p class=\"wp-block-paragraph\">El programa Libros para Aprender implementado por Naci\u00f3n tiende a fortalecer los conocimientos de los estudiantes en las \u00e1reas de Matem\u00e1tica y Pr\u00e1cticas del Lenguaje \/ Lengua. Se reconoce al libro escolar como herramienta que facilita la construcci\u00f3n de conocimientos tanto para docentes como para estudiantes.<\/p>\n\n\n\n<p class=\"wp-block-paragraph\">El prop\u00f3sito central de esta iniciativa es la intensificaci\u00f3n de la ense\u00f1anza y de los aprendizajes focalizando en las \u00e1reas de pr\u00e1cticas del Lenguaje \/ Lengua y la Matem\u00e1tica en Nivel Inicial y Primario, para que todos los estudiantes cumplan sus trayectorias escolares construyendo el sentido de los conocimientos en Lengua por medio de la lectura y la escritura y, en Matem\u00e1tica mediante la resoluci\u00f3n de situaciones problem\u00e1ticas, siendo las actividades l\u00fadicas el veh\u00edculo para la elaboraci\u00f3n de soluciones y a su vez analizando el recurso matem\u00e1tico.<\/p>\n\n\n\n<p class=\"wp-block-paragraph\">Se brinda a supervisores, directivos y docentes un acompa\u00f1amiento para enriquecer sus propuestas de ense\u00f1anza atendiendo la continuidad pedag\u00f3gica para los diferentes saberes iniciales de los estudiantes y teniendo en cuenta la diversidad de contextos sociales y culturales.<\/p>\n\n\n\n<p class=\"wp-block-paragraph\">En este sentido, el programa promueve el fortalecimiento de Equipos Jurisdiccionales que permitan potenciar los saberes en las \u00e1reas lengua y matem\u00e1tica priorizando el libro que proporciona este programa como recurso did\u00e1ctico.<\/p>\n\n\n\n<p class=\"wp-block-paragraph\">A San Juan llegaron del programa \u201cLibros para Aprender\u201d ejemplares para estudiantes del Nivel Inicial, salas de 3, 4 y 5 a\u00f1os de gesti\u00f3n estatal, de gesti\u00f3n privada cuota cero u oferta \u00fanica y de gesti\u00f3n comunitaria, 29257 libros de dos obras literarias en la misma modalidad de acuerdo con la selecci\u00f3n realizada por cada jurisdicci\u00f3n para 330 escuelas. Para Nivel Primario llegaron 138500 libros de lengua, matem\u00e1tica y \u00e1reas integradas, de acuerdo a la matr\u00edcula solicitada por cada jurisdicci\u00f3n para 368 escuelas.<\/p>\n\n\n\n<figure class=\"wp-block-table\"><table><tbody><tr><td><\/td><td>Nivel Inicial<\/td><td>Nivel Primario<\/td><\/tr><tr><td>Cantidad de libros<\/td><td>29257<\/td><td>138500<\/td><\/tr><tr><td>Cantidad de escuelas<\/td><td>330<\/td><td>368<\/td><\/tr><\/tbody><\/table><\/figure>\n\n\n\n<h3 class=\"wp-block-heading\"><strong>Capacitaci\u00f3n de educadores para trabajar con los libros en el aula<\/strong><\/h3>\n\n\n\n<p class=\"wp-block-paragraph\"><strong>Nivel Inicial<\/strong><\/p>\n\n\n\n<p class=\"wp-block-paragraph\">La capacitaci\u00f3n en el Nivel Inicial se llev\u00f3 a cabo en 4 encuentros anuales alternando entre virtual y presencial con asistencia promedio en cada encuentro de:<\/p>\n\n\n\n<p class=\"wp-block-paragraph\">Supervisores 13, Directores 33, Docentes 12, Profesores de ISFD 6 y Referentes Pedag\u00f3gicos 6, en total 70 personas.<\/p>\n\n\n\n<p class=\"wp-block-paragraph\">1er. Encuentro 15\/06\/2022 \u2013 Presencial<\/p>\n\n\n\n<p class=\"wp-block-paragraph\">2do. Encuentro 09\/08\/2022 \u2013 Bimodal (virtual\/presencial)<\/p>\n\n\n\n<p class=\"wp-block-paragraph\">3er. Encuentro 15\/09\/2022 \u2013 Presencial<\/p>\n\n\n\n<p class=\"wp-block-paragraph\">4to. Encuentro 24\/10\/2022 &#8211; Bimodal (virtual\/presencial)<strong><\/strong><\/p>\n\n\n\n<p class=\"wp-block-paragraph\"><strong>Nivel Primario<\/strong><\/p>\n\n\n\n<p class=\"wp-block-paragraph\">La capacitaci\u00f3n en el Nivel Primario se realiz\u00f3 en 6 encuentros, entre virtual y presencial con asistencia promedio en cada encuentro de:<\/p>\n\n\n\n<p class=\"wp-block-paragraph\">Supervisores 32, Directores 35, Docentes 18, Profesores de ISFD 9 y Referentes Pedag\u00f3gicos 6, en total 100 personas.<strong><\/strong><strong><\/strong><\/p>\n\n\n\n<p class=\"wp-block-paragraph\">1er. Encuentro 31\/03\/2022 \u2013 Bimodal (virtual\/presencial)<\/p>\n\n\n\n<p class=\"wp-block-paragraph\">2do. Encuentro 30\/06\/2022 \u2013 Presencial<\/p>\n\n\n\n<p class=\"wp-block-paragraph\">3er. Encuentro 11\/08\/2022 \u2013 Bimodal (virtual\/presencial)<\/p>\n\n\n\n<p class=\"wp-block-paragraph\">4to. Encuentro 30\/09\/2022 \u2013 Presencial<\/p>\n\n\n\n<p class=\"wp-block-paragraph\">5to. Encuentro 28\/10\/2022 \u2013 Bimodal (virtual\/presencial)<\/p>\n\n\n\n<p class=\"wp-block-paragraph\">6to. Encuentro 22\/11\/2022 \u2013 Virtual<\/p>\n\n\n\n<p class=\"wp-block-paragraph\">Fuente: <a href=\"https:\/\/sisanjuan.gob.ar\/\">Si San Ju\u00e1n<\/a><\/p>","protected":false},"excerpt":{"rendered":"<p>El programa Libros para Aprender implementado por Naci\u00f3n tiende a fortalecer los conocimientos de los estudiantes en las \u00e1reas de Matem\u00e1tica y Pr\u00e1cticas del Lenguaje \/ Lengua. Se reconoce al libro escolar como herramienta que facilita la construcci\u00f3n de conocimientos tanto para docentes como para estudiantes. El prop\u00f3sito central de esta iniciativa es la intensificaci\u00f3n [&hellip;]<\/p>\n","protected":false},"author":9,"featured_media":0,"comment_status":"open","ping_status":"open","sticky":false,"template":"","format":"standard","meta":{"site-sidebar-layout":"default","site-content-layout":"","ast-site-content-layout":"default","site-content-style":"default","site-sidebar-style":"default","ast-global-header-display":"","ast-banner-title-visibility":"","ast-main-header-display":"","ast-hfb-above-header-display":"","ast-hfb-below-header-display":"","ast-hfb-mobile-header-display":"","site-post-title":"","ast-breadcrumbs-content":"","ast-featured-img":"","footer-sml-layout":"","ast-disable-related-posts":"","theme-transparent-header-meta":"","adv-header-id-meta":"","stick-header-meta":"","header-above-stick-meta":"","header-main-stick-meta":"","header-below-stick-meta":"","astra-migrate-meta-layouts":"default","ast-page-background-enabled":"default","ast-page-background-meta":{"desktop":{"background-color":"","background-image":"","background-repeat":"repeat","background-position":"center center","background-size":"auto","background-attachment":"scroll","background-type":"","background-media":"","overlay-type":"","overlay-color":"","overlay-opacity":"","overlay-gradient":""},"tablet":{"background-color":"","background-image":"","background-repeat":"repeat","background-position":"center center","background-size":"auto","background-attachment":"scroll","background-type":"","background-media":"","overlay-type":"","overlay-color":"","overlay-opacity":"","overlay-gradient":""},"mobile":{"background-color":"","background-image":"","background-repeat":"repeat","background-position":"center center","background-size":"auto","background-attachment":"scroll","background-type":"","background-media":"","overlay-type":"","overlay-color":"","overlay-opacity":"","overlay-gradient":""}},"ast-content-background-meta":{"desktop":{"background-color":"var(--ast-global-color-5)","background-image":"","background-repeat":"repeat","background-position":"center center","background-size":"auto","background-attachment":"scroll","background-type":"","background-media":"","overlay-type":"","overlay-color":"","overlay-opacity":"","overlay-gradient":""},"tablet":{"background-color":"var(--ast-global-color-5)","background-image":"","background-repeat":"repeat","background-position":"center center","background-size":"auto","background-attachment":"scroll","background-type":"","background-media":"","overlay-type":"","overlay-color":"","overlay-opacity":"","overlay-gradient":""},"mobile":{"background-color":"var(--ast-global-color-5)","background-image":"","background-repeat":"repeat","background-position":"center center","background-size":"auto","background-attachment":"scroll","background-type":"","background-media":"","overlay-type":"","overlay-color":"","overlay-opacity":"","overlay-gradient":""}},"footnotes":""},"categories":[8,4],"tags":[],"class_list":["post-75658","post","type-post","status-publish","format-standard","hentry","category-el-mundo","category-sociedad"],"spectra_blocks_featured_image_url":null,"spectra_blocks_author_info":{"display_name":"Jorge Alfredo Baret","avatar_url":"https:\/\/secure.gravatar.com\/avatar\/31696f5ca83439b642450ec7d3f82f98451a5efacb414343d5478c982b337f26?s=96&d=mm&r=g","author_link":"https:\/\/100xd.com.ar\/en\/author\/jorge\/","description":"Ingeniero Qu\u00edmico UTN - Director Apoderado de Comunicaciones Auditadas SA. Editor Responsable 100xd.com.ar."},"_links":{"self":[{"href":"https:\/\/100xd.com.ar\/en\/wp-json\/wp\/v2\/posts\/75658","targetHints":{"allow":["GET"]}}],"collection":[{"href":"https:\/\/100xd.com.ar\/en\/wp-json\/wp\/v2\/posts"}],"about":[{"href":"https:\/\/100xd.com.ar\/en\/wp-json\/wp\/v2\/types\/post"}],"author":[{"embeddable":true,"href":"https:\/\/100xd.com.ar\/en\/wp-json\/wp\/v2\/users\/9"}],"replies":[{"embeddable":true,"href":"https:\/\/100xd.com.ar\/en\/wp-json\/wp\/v2\/comments?post=75658"}],"version-history":[{"count":1,"href":"https:\/\/100xd.com.ar\/en\/wp-json\/wp\/v2\/posts\/75658\/revisions"}],"predecessor-version":[{"id":75660,"href":"https:\/\/100xd.com.ar\/en\/wp-json\/wp\/v2\/posts\/75658\/revisions\/75660"}],"wp:attachment":[{"href":"https:\/\/100xd.com.ar\/en\/wp-json\/wp\/v2\/media?parent=75658"}],"wp:term":[{"taxonomy":"category","embeddable":true,"href":"https:\/\/100xd.com.ar\/en\/wp-json\/wp\/v2\/categories?post=75658"},{"taxonomy":"post_tag","embeddable":true,"href":"https:\/\/100xd.com.ar\/en\/wp-json\/wp\/v2\/tags?post=75658"}],"curies":[{"name":"wp","href":"https:\/\/api.w.org\/{rel}","templated":true}]}}