{"id":74964,"date":"2022-12-20T11:50:58","date_gmt":"2022-12-20T14:50:58","guid":{"rendered":"https:\/\/100xd.com.ar\/?p=74964"},"modified":"2022-12-20T11:50:58","modified_gmt":"2022-12-20T14:50:58","slug":"tras-el-ultimo-escandalo-con-el-aval-de-un-sector-del-radicalismo-el-frente-de-todos-convoco-a-una-sesion-para-crear-ocho-nuevas-universidades","status":"publish","type":"post","link":"https:\/\/100xd.com.ar\/en\/tras-el-ultimo-escandalo-con-el-aval-de-un-sector-del-radicalismo-el-frente-de-todos-convoco-a-una-sesion-para-crear-ocho-nuevas-universidades\/","title":{"rendered":"Tras el \u00faltimo esc\u00e1ndalo: con el aval de un sector del radicalismo, el Frente de Todos convoc\u00f3 a una sesi\u00f3n para crear ocho nuevas universidades"},"content":{"rendered":"<p class=\"wp-block-paragraph\">Por impulso del oficialismo, y&nbsp;<a href=\"https:\/\/www.lanacion.com.ar\/politica\/diputados-la-oposicion-no-dio-quorum-y-cecilia-moreau-continuara-como-presidenta-del-cuerpo-por-un-nid01122022\/\">tras fracasar en su primer intento<\/a>, la C\u00e1mara de Diputados convoc\u00f3 a&nbsp;<strong>sesi\u00f3n especial para este mi\u00e9rcoles<\/strong>&nbsp;-ser\u00eda la \u00faltima de este a\u00f1o- para tratar un temario propio, en el que se incluy\u00f3 la creaci\u00f3n de&nbsp;<mark>ocho universidades nacionales y la instrumentaci\u00f3n de un plan de pagos de deudas previsionales,&nbsp;<\/mark>entre otros temas. Los&nbsp;<strong>bloques de la UCR, Pro, la Coalici\u00f3n C\u00edvica y el interbloque Federal anticiparon que no dar\u00e1n&nbsp;<\/strong><em><strong>quorum<\/strong><\/em><em>&nbsp;<\/em>y acusaron al oficialismo de imponer un temario de manera unilateral sin el consenso de las fuerzas opositoras mayoritarias.<\/p>\n\n\n\n<p class=\"wp-block-paragraph\">Sin embargo,<mark>&nbsp;esta posici\u00f3n no es un\u00edvoca en Juntos por el Cambio, lo que anticipa un frente de conflicto en el principal espacio opositor<\/mark>. En efecto, el bloque de&nbsp;<strong>Evoluci\u00f3n Radical,<\/strong>&nbsp;que comanda el cordob\u00e9s&nbsp;<strong>Rodrigo De Loredo&nbsp;<\/strong>y que cuenta con&nbsp;<strong>12 integrantes,<\/strong>&nbsp;hizo trascender su voluntad de dar&nbsp;<em>quorum&nbsp;<\/em>en la \u00faltima sesi\u00f3n del a\u00f1o para darle aprobaci\u00f3n a las nuevas universidades nacionales, una de sus banderas pol\u00edticas.<a href=\"https:\/\/www.lanacion.com.ar\/politica\/el-gobierno-no-descarta-declarar-asueto-el-martes-20-de-diciembre-por-los-festejos-de-la-copa-del-nid19122022\/\" target=\"_blank\" rel=\"noreferrer noopener\"><em><\/em>DECLARAN MA\u00d1ANA FERIADO NACIONAL PARA LOS FESTEJOS CON LA SELECCI\u00d3N<\/a><\/p>\n\n\n\n<p class=\"wp-block-paragraph\">\u201cNo hay motivos reales para que no demos&nbsp;<em>quorum&nbsp;<\/em>en esta oportunidad. La Corte Suprema ya dio por resuelto el conflicto por la designaci\u00f3n de (la diputada radical)&nbsp;<strong>Roxana Reyes&nbsp;<\/strong>en el Consejo de la Magistratura, que fue lo que hizo fracasar la \u00faltima sesi\u00f3n en Diputados -anticiparon a&nbsp;<strong>LA NACION<\/strong>&nbsp;desde el bloque de Evoluci\u00f3n Radical-. En la provincia de Buenos Aires, Juntos por el Cambio le dio los votos al oficialismo para aprobar el presupuesto la semana pasada.&nbsp;<strong>No hay margen para no sentarnos a debatir este mi\u00e9rcoles<\/strong>, m\u00e1xime cuando los proyectos propuestos en el temario cuentan con los dict\u00e1menes correspondientes.\u201d<\/p>\n\n\n\n<p class=\"wp-block-paragraph\"><mark>La posici\u00f3n de los legisladores de Evoluci\u00f3n Radical es clave, ya que si efectivamente se sientan en sus bancas el oficialismo tendr\u00e1 garantizado el&nbsp;<em>quorum&nbsp;<\/em>para arrancar la sesi\u00f3n.<\/mark>&nbsp;Se descuenta que la izquierda, con cuatro miembros, y el interbloque Provincias Unidas -aliado al oficialismo- con sus cinco integrantes, tambi\u00e9n ser\u00e1n de la partida.<\/p>\n\n\n\n<figure data-spectra-id=\"spectra-17ad8897-aea7-4f1c-8581-f40f79ad16ef\" class=\"wp-block-image\"><img decoding=\"async\" src=\"https:\/\/resizer.glanacion.com\/resizer\/_pcQf_BcTpggjWqK9rVIQCOWJ4E=\/310x0\/filters:format(webp):quality(80)\/cloudfront-us-east-1.images.arcpublishing.com\/lanacionar\/PW72G3DL6NAR7JFONKSFW4BZXU.JPG\" alt=\"Rodrigo de Loredo, jefe del bloque de Evoluci\u00f3n Radical\" title=\"Tras el \u00faltimo esc\u00e1ndalo: con el aval de un sector del radicalismo, el Frente de Todos convoc\u00f3 a una sesi\u00f3n para crear ocho nuevas universidades\" \/><figcaption>Rodrigo de Loredo, jefe del bloque de Evoluci\u00f3n RadicalIgnacio S\u00e1nchez,Ignacio S\u00e1nchez<\/figcaption><\/figure>\n\n\n\n<p class=\"wp-block-paragraph\"><mark>La postura de Evoluci\u00f3n Radical anticipa un fuerte conflicto interno en Juntos por el Cambio, renuente a participar de las sesiones convocadas por el oficialismo mientras no haya un acuerdo de todas las partes sobre los temas a llevar al recinto<\/mark>. \u201cEl oficialismo act\u00faa como si tuviese la mayor\u00eda, convoca a sesiones especiales de manera unilateral e impone los temarios. Nosotros queremos tratar&nbsp;<strong>la nueva ley de alquileres&nbsp;<\/strong>y el proyecto que propone un<strong>&nbsp;alivio a los que tomaron cr\u00e9ditos UVA<\/strong>. No tuvimos respuesta\u201d, despotrican.<\/p>\n\n\n\n<p class=\"wp-block-paragraph\">En el mismo sentido se expres\u00f3 el jefe del interbloque Federal,<strong>&nbsp;Alejandro \u201cTopo\u201d Rodr\u00edguez.&nbsp;<\/strong>\u201cEsper\u00e1bamos otra cosa, un consenso amplio -sostuvo-. Ahora le corresponde al oficialismo garantizar el&nbsp;<em>quorum&nbsp;<\/em>ya que es el Frente de Todos quien convoca\u201d.<\/p>\n\n\n\n<p class=\"wp-block-paragraph\">Desde el oficialismo refutan las cr\u00edticas opositoras. \u201cHasta \u00faltimo momento,&nbsp;<strong>Germ\u00e1n Mart\u00ednez<\/strong>&nbsp;(jefe del bloque) intent\u00f3 acercar posiciones con Juntos por el Cambio para acordar una \u00faltima sesi\u00f3n. No encontr\u00f3 eco.&nbsp;<strong>Juntos por el Cambio ya entr\u00f3 en el modo campa\u00f1a electoral<\/strong>, no le interesa que el Congreso funcione ni que se aprueben los proyectos del Gobierno\u201d, retrucan.https:\/\/platform.twitter.com\/embed\/Tweet.html?dnt=false&amp;embedId=twitter-widget-0&amp;features=eyJ0ZndfdGltZWxpbmVfbGlzdCI6eyJidWNrZXQiOlsibGlua3RyLmVlIiwidHIuZWUiLCJ0ZXJyYS5jb20uYnIiLCJ3d3cubGlua3RyLmVlIiwid3d3LnRyLmVlIiwid3d3LnRlcnJhLmNvbS5iciJdLCJ2ZXJzaW9uIjpudWxsfSwidGZ3X2hvcml6b25fdGltZWxpbmVfMTIwMzQiOnsiYnVja2V0IjoidHJlYXRtZW50IiwidmVyc2lvbiI6bnVsbH0sInRmd190d2VldF9lZGl0X2JhY2tlbmQiOnsiYnVja2V0Ijoib24iLCJ2ZXJzaW9uIjpudWxsfSwidGZ3X3JlZnNyY19zZXNzaW9uIjp7ImJ1Y2tldCI6Im9uIiwidmVyc2lvbiI6bnVsbH0sInRmd19zaG93X2J1c2luZXNzX3ZlcmlmaWVkX2JhZGdlIjp7ImJ1Y2tldCI6Im9uIiwidmVyc2lvbiI6bnVsbH0sInRmd19jaGluX3BpbGxzXzE0NzQxIjp7ImJ1Y2tldCI6ImNvbG9yX2ljb25zIiwidmVyc2lvbiI6bnVsbH0sInRmd190d2VldF9yZXN1bHRfbWlncmF0aW9uXzEzOTc5Ijp7ImJ1Y2tldCI6InR3ZWV0X3Jlc3VsdCIsInZlcnNpb24iOm51bGx9LCJ0Zndfc2Vuc2l0aXZlX21lZGlhX2ludGVyc3RpdGlhbF8xMzk2MyI6eyJidWNrZXQiOiJpbnRlcnN0aXRpYWwiLCJ2ZXJzaW9uIjpudWxsfSwidGZ3X2V4cGVyaW1lbnRzX2Nvb2tpZV9leHBpcmF0aW9uIjp7ImJ1Y2tldCI6MTIwOTYwMCwidmVyc2lvbiI6bnVsbH0sInRmd19kdXBsaWNhdGVfc2NyaWJlc190b19zZXR0aW5ncyI6eyJidWNrZXQiOiJvbiIsInZlcnNpb24iOm51bGx9LCJ0ZndfdmlkZW9faGxzX2R5bmFtaWNfbWFuaWZlc3RzXzE1MDgyIjp7ImJ1Y2tldCI6InRydWVfYml0cmF0ZSIsInZlcnNpb24iOm51bGx9LCJ0Zndfc2hvd19ibHVlX3ZlcmlmaWVkX2JhZGdlIjp7ImJ1Y2tldCI6Im9uIiwidmVyc2lvbiI6bnVsbH0sInRmd19zaG93X2dvdl92ZXJpZmllZF9iYWRnZSI6eyJidWNrZXQiOiJvbiIsInZlcnNpb24iOm51bGx9LCJ0Zndfc2hvd19idXNpbmVzc19hZmZpbGlhdGVfYmFkZ2UiOnsiYnVja2V0Ijoib24iLCJ2ZXJzaW9uIjpudWxsfSwidGZ3X3R3ZWV0X2VkaXRfZnJvbnRlbmQiOnsiYnVja2V0Ijoib24iLCJ2ZXJzaW9uIjpudWxsfX0%3D&amp;frame=false&amp;hideCard=false&amp;hideThread=false&amp;id=1604915067715198976&amp;lang=es&amp;origin=https%3A%2F%2Fwww.lanacion.com.ar%2Fpolitica%2Ftras-el-escandalo-de-la-ultima-sesion-el-kirchnerismo-insistira-este-miercoles-en-diputados-para-nid19122022%2F&amp;sessionId=a961c3cf2deb647f1e241c9a99a6cf8ec307f721&amp;theme=light&amp;widgetsVersion=a3525f077c700%3A1667415560940&amp;width=550px<\/p>\n\n\n\n<p class=\"wp-block-paragraph\">Con la convocatoria a sesionar este mi\u00e9rcoles, el Frente de Todos procura superar la par\u00e1lisis a la que qued\u00f3 sumida la C\u00e1mara de Diputados desde la sesi\u00f3n del 1\u00b0 de diciembre pasado, que&nbsp;<a href=\"https:\/\/www.lanacion.com.ar\/politica\/el-ofensivo-gesto-de-cristian-ritondo-al-retirarse-de-la-sesion-de-diputados-nid01122022\/\">se cerr\u00f3 con esc\u00e1ndalo<\/a>&nbsp;tras la decisi\u00f3n de la presidenta de la C\u00e1mara de Diputados,&nbsp;<strong>Cecilia Moreau<\/strong>, de suspender las designaciones de los cuatro representantes del cuerpo ante el Consejo de la Magistratura en virtud de un fallo judicial. La semana pasada la Corte Suprema, en una acordada, puso fin al entuerto al ordenar que se le tome juramento a los legisladores.<\/p>\n\n\n\n<p class=\"wp-block-paragraph\">La actitud de Moreau le vali\u00f3 que el grueso de la oposici\u00f3n decidiera no reelegirla al frente del cuerpo y, en una sesi\u00f3n cargada de tensi\u00f3n y fuertes acusaciones cruzadas, evit\u00f3 que se avanzara en la creaci\u00f3n de las nuevas universidades. El oficialismo decidi\u00f3 ahora volver a la carga con un temario id\u00e9ntico, al que le incluy\u00f3&nbsp;<strong>un proyecto de plan de pago de deudas previsionales&nbsp;<\/strong>-con media sanci\u00f3n del Senado- y otra iniciativa para<strong>&nbsp;la informatizaci\u00f3n y digitalizaci\u00f3n de historias cl\u00ednicas<\/strong>.<\/p>\n\n\n\n<p class=\"wp-block-paragraph\">Las ocho universidades a crearse se ubican, en su mayor\u00eda, en la provincia de Buenos Aires. Tres de ellas ya consiguieron dictamen en agosto pasado: la del&nbsp;<strong>Delta<\/strong>, que fue impulsada por el ministro de Econom\u00eda,&nbsp;<strong>Sergio Massa<\/strong>, y que tendr\u00e1 sedes en Tigre, San Fernando y Escobar; la de&nbsp;<strong>Pilar<\/strong>, promovida por el intendente&nbsp;<strong>Federico de Ach\u00e1val<\/strong>&nbsp;(Frente de Todos) y respaldada por el gobernador&nbsp;<strong>Axel Kicillof<\/strong>&nbsp;y el presidente&nbsp;<strong>Alberto Fern\u00e1ndez<\/strong>; y la de&nbsp;<strong>Saladillo<\/strong>, que alienta la UCR, de la mano del diputado&nbsp;<strong>Emiliano Yacobitti&nbsp;<\/strong>(Evoluci\u00f3n Radical) junto al jefe comunal&nbsp;<strong>Jos\u00e9 Luis Salom\u00f3n<\/strong>. A ellas se suman, adem\u00e1s, las universidades de&nbsp;<strong>Ezeiza<\/strong>&nbsp;y&nbsp;<strong>Ca\u00f1uelas.<\/strong><a href=\"https:\/\/www.lanacion.com.ar\/politica\/los-mensajes-subliminales-de-la-politica-detras-de-las-celebraciones-por-el-mundial-nid19122022\/\" target=\"_blank\" rel=\"noreferrer noopener\"><em><\/em>LOS MENSAJES SUBLIMINALES DE LA POL\u00cdTICA EN SUS CELEBRACIONES POR EL MUNDIAL<\/a><\/p>\n\n\n\n<p class=\"wp-block-paragraph\">Las \u00fanicas dos universidades a crearse en el interior del pa\u00eds son las de&nbsp;<strong>R\u00edo Tercero<\/strong>, en C\u00f3rdoba y la&nbsp;<strong>Juan Laurentino Ortiz<\/strong>, en Paran\u00e1, Entre R\u00edos. El bloque Evoluci\u00f3n Radical no apoyar\u00e1 esta \u00faltima por considerar que no cuenta con el aval del Consejo Interuniversitario Nacional, y condicion\u00f3 su apoyo a la creaci\u00f3n de la Universidad Nacional de las&nbsp;<strong>Madres de Plaza de Mayo<\/strong>, en la Capital, a que el oficialismo acceda a modificar su sistema de autoridades.<\/p>\n\n\n\n<p class=\"wp-block-paragraph\">En mayor o menor grado, cada una de las sedes propuestas gener\u00f3\u00a0<strong>debate y resistencias<\/strong>, principalmente en\u00a0<strong>un sector de Pro y en la Coalici\u00f3n C\u00edvica<\/strong>, que en su momento advirti\u00f3 que la creaci\u00f3n de universidades responde a una necesidad del kirchnerismo para\u00a0<strong>generar cargos que den cobijo a sus militantes<\/strong>. Otros sectores alertaron tambi\u00e9n que la expansi\u00f3n se da en un contexto del\u00a0<strong>ajuste del gasto educativo<\/strong>.<\/p>\n\n\n\n<p class=\"wp-block-paragraph\"><a href=\"https:\/\/www.lanacion.com.ar\/autor\/laura-serra-164\/\">Laura Serra<\/a><\/p>\n\n\n\n<p class=\"wp-block-paragraph\">Fuente: <a href=\"https:\/\/www.lanacion.com.ar\/\">La Naci\u00f3n<\/a><\/p>","protected":false},"excerpt":{"rendered":"<p>Por impulso del oficialismo, y&nbsp;tras fracasar en su primer intento, la C\u00e1mara de Diputados convoc\u00f3 a&nbsp;sesi\u00f3n especial para este mi\u00e9rcoles&nbsp;-ser\u00eda la \u00faltima de este a\u00f1o- para tratar un temario propio, en el que se incluy\u00f3 la creaci\u00f3n de&nbsp;ocho universidades nacionales y la instrumentaci\u00f3n de un plan de pagos de deudas previsionales,&nbsp;entre otros temas. Los&nbsp;bloques de [&hellip;]<\/p>\n","protected":false},"author":9,"featured_media":0,"comment_status":"open","ping_status":"open","sticky":false,"template":"","format":"standard","meta":{"site-sidebar-layout":"default","site-content-layout":"","ast-site-content-layout":"default","site-content-style":"default","site-sidebar-style":"default","ast-global-header-display":"","ast-banner-title-visibility":"","ast-main-header-display":"","ast-hfb-above-header-display":"","ast-hfb-below-header-display":"","ast-hfb-mobile-header-display":"","site-post-title":"","ast-breadcrumbs-content":"","ast-featured-img":"","footer-sml-layout":"","ast-disable-related-posts":"","theme-transparent-header-meta":"","adv-header-id-meta":"","stick-header-meta":"","header-above-stick-meta":"","header-main-stick-meta":"","header-below-stick-meta":"","astra-migrate-meta-layouts":"default","ast-page-background-enabled":"default","ast-page-background-meta":{"desktop":{"background-color":"","background-image":"","background-repeat":"repeat","background-position":"center center","background-size":"auto","background-attachment":"scroll","background-type":"","background-media":"","overlay-type":"","overlay-color":"","overlay-opacity":"","overlay-gradient":""},"tablet":{"background-color":"","background-image":"","background-repeat":"repeat","background-position":"center center","background-size":"auto","background-attachment":"scroll","background-type":"","background-media":"","overlay-type":"","overlay-color":"","overlay-opacity":"","overlay-gradient":""},"mobile":{"background-color":"","background-image":"","background-repeat":"repeat","background-position":"center center","background-size":"auto","background-attachment":"scroll","background-type":"","background-media":"","overlay-type":"","overlay-color":"","overlay-opacity":"","overlay-gradient":""}},"ast-content-background-meta":{"desktop":{"background-color":"var(--ast-global-color-5)","background-image":"","background-repeat":"repeat","background-position":"center center","background-size":"auto","background-attachment":"scroll","background-type":"","background-media":"","overlay-type":"","overlay-color":"","overlay-opacity":"","overlay-gradient":""},"tablet":{"background-color":"var(--ast-global-color-5)","background-image":"","background-repeat":"repeat","background-position":"center center","background-size":"auto","background-attachment":"scroll","background-type":"","background-media":"","overlay-type":"","overlay-color":"","overlay-opacity":"","overlay-gradient":""},"mobile":{"background-color":"var(--ast-global-color-5)","background-image":"","background-repeat":"repeat","background-position":"center center","background-size":"auto","background-attachment":"scroll","background-type":"","background-media":"","overlay-type":"","overlay-color":"","overlay-opacity":"","overlay-gradient":""}},"footnotes":""},"categories":[2],"tags":[],"class_list":["post-74964","post","type-post","status-publish","format-standard","hentry","category-politica"],"spectra_blocks_featured_image_url":null,"spectra_blocks_author_info":{"display_name":"Jorge Alfredo Baret","avatar_url":"https:\/\/secure.gravatar.com\/avatar\/31696f5ca83439b642450ec7d3f82f98451a5efacb414343d5478c982b337f26?s=96&d=mm&r=g","author_link":"https:\/\/100xd.com.ar\/en\/author\/jorge\/","description":"Ingeniero Qu\u00edmico UTN - Director Apoderado de Comunicaciones Auditadas SA. Editor Responsable 100xd.com.ar."},"_links":{"self":[{"href":"https:\/\/100xd.com.ar\/en\/wp-json\/wp\/v2\/posts\/74964","targetHints":{"allow":["GET"]}}],"collection":[{"href":"https:\/\/100xd.com.ar\/en\/wp-json\/wp\/v2\/posts"}],"about":[{"href":"https:\/\/100xd.com.ar\/en\/wp-json\/wp\/v2\/types\/post"}],"author":[{"embeddable":true,"href":"https:\/\/100xd.com.ar\/en\/wp-json\/wp\/v2\/users\/9"}],"replies":[{"embeddable":true,"href":"https:\/\/100xd.com.ar\/en\/wp-json\/wp\/v2\/comments?post=74964"}],"version-history":[{"count":1,"href":"https:\/\/100xd.com.ar\/en\/wp-json\/wp\/v2\/posts\/74964\/revisions"}],"predecessor-version":[{"id":74966,"href":"https:\/\/100xd.com.ar\/en\/wp-json\/wp\/v2\/posts\/74964\/revisions\/74966"}],"wp:attachment":[{"href":"https:\/\/100xd.com.ar\/en\/wp-json\/wp\/v2\/media?parent=74964"}],"wp:term":[{"taxonomy":"category","embeddable":true,"href":"https:\/\/100xd.com.ar\/en\/wp-json\/wp\/v2\/categories?post=74964"},{"taxonomy":"post_tag","embeddable":true,"href":"https:\/\/100xd.com.ar\/en\/wp-json\/wp\/v2\/tags?post=74964"}],"curies":[{"name":"wp","href":"https:\/\/api.w.org\/{rel}","templated":true}]}}