{"id":70634,"date":"2022-09-23T14:50:44","date_gmt":"2022-09-23T17:50:44","guid":{"rendered":"https:\/\/100xd.com.ar\/?p=70634"},"modified":"2022-09-23T14:50:44","modified_gmt":"2022-09-23T17:50:44","slug":"cristina-kirchner-pidio-investigar-a-los-fiscales-del-caso-vialidad-por-prevaricato-y-vinculo-las-causas-judiciales-con-el-atentado","status":"publish","type":"post","link":"https:\/\/100xd.com.ar\/en\/cristina-kirchner-pidio-investigar-a-los-fiscales-del-caso-vialidad-por-prevaricato-y-vinculo-las-causas-judiciales-con-el-atentado\/","title":{"rendered":"Cristina Kirchner pidi\u00f3 investigar a los fiscales del caso Vialidad por prevaricato y vincul\u00f3 las causas judiciales con el atentado"},"content":{"rendered":"<p class=\"wp-block-paragraph\">La vicepresidenta de la Naci\u00f3n,&nbsp;<strong>Cristina Kirchner,<\/strong>&nbsp;pidi\u00f3 hoy que se investigue por prevaricato a los fiscales federales&nbsp;<strong>Diego Luciani y Sergio Mola<\/strong>, quienes pidieron que sea condenada a 12 a\u00f1os de prisi\u00f3n e inhabilitaci\u00f3n perpetua para ejercer cargos p\u00fablicas por el caso de las obras p\u00fablicas concedidas al empresario&nbsp;<strong>L\u00e1zaro B\u00e1ez<\/strong>&nbsp;en la provincia de Santa Cruz. Lo hizo al exponer desde el Senado en la \u00faltima audiencia de alegatos de su defensa.<\/p>\n\n\n\n<p class=\"wp-block-paragraph\"><strong>\u201cSe desmontaron las incre\u00edbles mentiras que desarrollando los fiscales Mola y Luciani y adem\u00e1s quedaron a la luz del d\u00eda la arbitrariedades que se han cometido en este juicio\u201d,<\/strong>&nbsp;dijo Cristina Kirchner al inicio de su exposici\u00f3n al recordar lo que dijeron sus abogados en las primeras dos audiencias de alegatos.PUBLICIDAD<\/p>\n\n\n\n<p class=\"wp-block-paragraph\">Y luego pidi\u00f3 que los fiscales sean investigados. \u201cVoy a solicitar que se extraiga testimonio de cada una de las mentiras de los fiscales contrastadas con los testigos, las pericias, la documentaci\u00f3n con la prueba obrante en el expediente y con el derecho\u201d.<\/p>\n\n\n\n<p class=\"wp-block-paragraph\">Pero adem\u00e1s vincul\u00f3 el intento de homicidio que sufri\u00f3 el 1\u00b0 de septiembre pasado con el juicio y las causas judiciales que afronta. \u201cDesde el \u00e1mbito judicial se da licencia social para que alguien pueda hacer cualquiera. Esto es crear un clima que han construido, no con las tres toneladas de prueba, lo que hay son 30 toneladas de tapas de Clar\u00edn, de La Naci\u00f3n y de alguna otra revista semanal donde se va estigmatizado a una mujer.&nbsp;<strong>Me siento en estado de indefensi\u00f3n con este pa\u00eds y con este poder judicial\u201d<\/strong><\/p>\n\n\n\n<p class=\"wp-block-paragraph\">Poco despu\u00e9s de las 11:30 y desde su despacho del Senado, Cristina Kirchner comenz\u00f3 su alegato. Dijo que lo hac\u00eda en su condici\u00f3n de abogada. \u201cSi no era abogada hubiese estado en un estado de indefensi\u00f3n frente al alegato del fiscal\u201d, fue una de las primeras cr\u00edticas.<\/p>\n\n\n\n<p class=\"wp-block-paragraph\">La vicepresidenta dijo que el fiscal Luciani tuvo&nbsp;<strong>\u201cintervenciones art\u00edsticas, grandilocuentes\u201d.<\/strong>&nbsp;Uno de los ejes que abord\u00f3 fue lo que los fiscales llamaron en su alegato el \u201cplan limpiar todo\u201d, por el cual a trav\u00e9s del an\u00e1lisis del celular del ex secretario de Obras P\u00fablicas Jos\u00e9 L\u00f3pez concluyeron que Cristina Kirchner aval\u00f3 el cierre de las empresas de B\u00e1ez y el despedido de sus trabajadores. Uno de los ejes fue un encuentro en noviembre de 2015 del empresario y la ex mandataria en Santa Cruz.<\/p>\n\n\n\n<p class=\"wp-block-paragraph\">\u201cTodo mentira. Ese d\u00eda estaba en un acto donde inauguramos una planta de uranio en Bariloche\u201d, dijo Cristina Kirchner que no hizo referencia a otro mensaje que exhibi\u00f3 la fiscal\u00eda de que el 1 de diciembre B\u00e1ez le escribi\u00f3 a L\u00f3pez para decirle que se hab\u00eda reunido con \u201cla se\u00f1ora\u201d.<img loading=\"lazy\" decoding=\"async\" alt=\"La vicepresidenta en su alegato\" height=\"1080\" width=\"1920\" class=\"\" src=\"https:\/\/cloudfront-us-east-1.images.arcpublishing.com\/infobae\/DZKE6SVRDBHALFB3B4LQYRJB7Y.jpg\" srcset=\"https:\/\/www.infobae.com\/new-resizer\/y2k2zOMJsXXctW2qVAexHhMjKPI=\/420x236\/filters:format(webp):quality(85)\/cloudfront-us-east-1.images.arcpublishing.com\/infobae\/DZKE6SVRDBHALFB3B4LQYRJB7Y.jpg 420w,https:\/\/www.infobae.com\/new-resizer\/fvzo_qlILYEI1aDQYrzOwcLM3Do=\/768x432\/filters:format(webp):quality(85)\/cloudfront-us-east-1.images.arcpublishing.com\/infobae\/DZKE6SVRDBHALFB3B4LQYRJB7Y.jpg 768w,https:\/\/www.infobae.com\/new-resizer\/9yfqI8fDSLN55nSEeDSIJGboLl0=\/992x558\/filters:format(webp):quality(85)\/cloudfront-us-east-1.images.arcpublishing.com\/infobae\/DZKE6SVRDBHALFB3B4LQYRJB7Y.jpg 992w,https:\/\/www.infobae.com\/new-resizer\/ifRONQQPZ5bfSgvofrH_V-zyI60=\/1200x675\/filters:format(webp):quality(85)\/cloudfront-us-east-1.images.arcpublishing.com\/infobae\/DZKE6SVRDBHALFB3B4LQYRJB7Y.jpg 1200w,https:\/\/www.infobae.com\/new-resizer\/I0EAHvLNd5edg8Y92w8BZMjL4XE=\/1440x810\/filters:format(webp):quality(85)\/cloudfront-us-east-1.images.arcpublishing.com\/infobae\/DZKE6SVRDBHALFB3B4LQYRJB7Y.jpg 1440w\" title=\"Cristina Kirchner pidi\u00f3 investigar a los fiscales del caso Vialidad por prevaricato y vincul\u00f3 las causas judiciales con el atentado\">La vicepresidenta en su alegato<\/p>\n\n\n\n<p class=\"wp-block-paragraph\">\u201cEn un ejercicio histri\u00f3nico nos dijo que hab\u00eda estado durante meses controlando 26 mil llamadas. Se le pasaron por alto mas de 4 mil llamadas de Caputo (Nda: Nicol\u00e1s, empresario), el hermano de la vida de Macri, donde ped\u00eda redeterminaciones de precio y demostraba una familiaridad, dijo y agreg\u00f3 que \u201cCaputo es un visitante asiduo a Los Abrojos, donde un juez y el fiscal juegan al futbol\u201d. La referencia fue a la quinta del ex presidente Macri y a que el fiscal Luciani y el juez Rodrigo Gim\u00e9nez Uriburu, uno de los integrantes del Tribunal Oral, formaban parte de un equipo de f\u00fatbol que particip\u00f3 de torneos en ese lugar. Ese aspecto lo remarc\u00f3 varias veces.<\/p>\n\n\n\n<p class=\"wp-block-paragraph\">Luego defendi\u00f3 su inocencia en el juicio. Mostr\u00f3 una Constituci\u00f3n Nacional y dijo que \u201cnada puede entrar en contradicci\u00f3n con esto\u201d. As\u00ed, marc\u00f3 que el art\u00edculo 1 habla del gobierno representativo, republicano y federal y que las acusaciones que se pueden hacer contra un presidente son mediante juicios pol\u00edticos.&nbsp;<strong>\u201cFuimos elegidos por el pueblo, no podemos ser nunca una asociaci\u00f3n il\u00edcita\u201d,<\/strong>&nbsp;sostuvo.<\/p>\n\n\n\n<p class=\"wp-block-paragraph\">\u201cLa acusaci\u00f3n dice que los tres gobiernos constitucionales fueron tres asociaciones il\u00edcitas para hacer 51 contratos viales en la provincia de Santa Cruz a trav\u00e9s de un interp\u00f3sita persona que es una provincia, Santa Cruz\u201d, agreg\u00f3. Luego dijo que N\u00e9stor Kirchner fue intendente de R\u00edo Gallegos en 1987 y tres veces gobernador. \u201cLo hizo pensando que iba a ser Presidente para hacer eso en la provincia que hab\u00eda gobernado tres per\u00edodos. Es il\u00f3gico. Militamos toda una vida para 51 obras viales. \u00bfPor qu\u00e9 raz\u00f3n no hizo las 51 obras cuando fue gobernador? Si lleg\u00f3 a presidente de chiripa\u201d, sostuvo.<\/p>\n\n\n\n<p class=\"wp-block-paragraph\">\u201cEstas obras fueron contratadas y licitadas en la provincia de Santa Cruz. Con un gobernador, ministros, un Congreso, con tribunal de cuentas, con presupuesto de Santa Cruz. Eran actos administrativos de la provincia de Santa Cruz\u201d, agreg\u00f3 Cristina Kirchner.<img loading=\"lazy\" decoding=\"async\" alt=\"El fiscal Diego Luciani\" height=\"1079\" width=\"1920\" class=\"\" src=\"https:\/\/cloudfront-us-east-1.images.arcpublishing.com\/infobae\/44BGLFNEB5GE3BBSNIKPZSQ6VA.jpg\" srcset=\"https:\/\/www.infobae.com\/new-resizer\/08dHCpaU6_7xK1uyVWKk39gDwtk=\/420x236\/filters:format(webp):quality(85)\/cloudfront-us-east-1.images.arcpublishing.com\/infobae\/44BGLFNEB5GE3BBSNIKPZSQ6VA.jpg 420w,https:\/\/www.infobae.com\/new-resizer\/cO__8-l3fOgYDLfg3xH2OfRBP_M=\/768x432\/filters:format(webp):quality(85)\/cloudfront-us-east-1.images.arcpublishing.com\/infobae\/44BGLFNEB5GE3BBSNIKPZSQ6VA.jpg 768w,https:\/\/www.infobae.com\/new-resizer\/mGySq0NQb76rbzojwNoEF60rhM8=\/992x558\/filters:format(webp):quality(85)\/cloudfront-us-east-1.images.arcpublishing.com\/infobae\/44BGLFNEB5GE3BBSNIKPZSQ6VA.jpg 992w,https:\/\/www.infobae.com\/new-resizer\/sXaTWUCxENNuQZ_rMDOg551ay-4=\/1200x675\/filters:format(webp):quality(85)\/cloudfront-us-east-1.images.arcpublishing.com\/infobae\/44BGLFNEB5GE3BBSNIKPZSQ6VA.jpg 1200w,https:\/\/www.infobae.com\/new-resizer\/_nMBuDnu389AVhHZ04FoHoMN5oc=\/1440x810\/filters:format(webp):quality(85)\/cloudfront-us-east-1.images.arcpublishing.com\/infobae\/44BGLFNEB5GE3BBSNIKPZSQ6VA.jpg 1440w\" title=\"Cristina Kirchner pidi\u00f3 investigar a los fiscales del caso Vialidad por prevaricato y vincul\u00f3 las causas judiciales con el atentado\">El fiscal Diego Luciani<\/p>\n\n\n\n<p class=\"wp-block-paragraph\">\u201cTodos los decretos objetados fueron aprobados por el Parlamento. Es un disparate lo que estamos discutiendo aqu\u00ed. Nadie declar\u00f3 invalida una licitaci\u00f3n. Han tra\u00eddo de los pelos el juicio porque ten\u00edan que traerme de los pelos a m\u00ed y as\u00ed trajeron de los pelos a la Constituci\u00f3n Nacional, a los C\u00f3digos, a la l\u00f3gica, A todo . Esto no ayuda, complica a un pa\u00eds. Lo torna rid\u00edculo, poco serio\u201d, critic\u00f3.<\/p>\n\n\n\n<p class=\"wp-block-paragraph\">Tambi\u00e9n compar\u00f3 su situaci\u00f3n con la causa judicial que afront\u00f3 el ex presidente Fernando de la R\u00faa por los cr\u00edmenes y heridos ocurridos en diciembre de 2001. Sostuvo que el ex presidente fue desvinculado de la causa porque los jueces de Comodoro Py se\u00f1alaron que pod\u00eda no saber lo que estaba ocurriendo. \u201cTodo pas\u00f3 en la Plaza de Mayo. De la R\u00faa no sab\u00eda nada pero Luciani dice que yo no pod\u00eda ignorar lo que ocurr\u00eda en santa cruz\u201d, critic\u00f3: \u201cCuando no es peronista el derecho penal es liberal\u201d.<\/p>\n\n\n\n<p class=\"wp-block-paragraph\"><a href=\"https:\/\/www.infobae.com\/politica\/2022\/09\/23\/cristina-kirchner-hablo-del-atentado-en-su-contra-nadie-puede-creer-que-esa-banda-tiene-la-autoria-intelectual\/\" target=\"_blank\" rel=\"noreferrer noopener\">El tramo final lo dej\u00f3 para el atentado del que fue v\u00edctima<\/a>. \u201c<strong>Lo tengo clar\u00edsimo: nadie puede pensar que esa banda planific\u00f3 e ide\u00f3 intelectualmente lo que me hicieron\u201d.<\/strong><\/p>\n\n\n\n<p class=\"wp-block-paragraph\">En ese contexto, la Vicepresidenta dijo que se siente&nbsp;<strong>indefensa<\/strong>. Asegur\u00f3, por ejemplo, que su despacho de la C\u00e1mara de Senadores fue apedreado durante 40 minutos sin que interviniera ninguna fuerza policial \u201clocal o nacional\u201d. La causa sobre este episodio qued\u00f3 a cargo de la jueza federal&nbsp;<strong>Mar\u00eda Eugenia Capuchetti<\/strong>&nbsp;y el fiscal&nbsp;<strong>Carlos R\u00edvolo<\/strong>, los mismos funcionarios que investigan el atentado en su contra.<\/p>\n\n\n\n<p class=\"wp-block-paragraph\">Record\u00f3 adem\u00e1s que el d\u00eda que el fiscal Luciani pidi\u00f3 una condena de 12 a\u00f1os en su contra algunos canales de televisi\u00f3n mostraban la puerta de su casa. \u201cEs la \u00fanica puerta que se conoce en la Argentina, la de Juncal y Uruguay, ah\u00ed mismito donde me quisieron pegar el tiro\u201d, analiz\u00f3.<\/p>\n\n\n\n<p class=\"wp-block-paragraph\">Fuente: <a href=\"https:\/\/www.infobae.com\/?noredirect\">Infobae.com<\/a><\/p>","protected":false},"excerpt":{"rendered":"<p>La vicepresidenta de la Naci\u00f3n,&nbsp;Cristina Kirchner,&nbsp;pidi\u00f3 hoy que se investigue por prevaricato a los fiscales federales&nbsp;Diego Luciani y Sergio Mola, quienes pidieron que sea condenada a 12 a\u00f1os de prisi\u00f3n e inhabilitaci\u00f3n perpetua para ejercer cargos p\u00fablicas por el caso de las obras p\u00fablicas concedidas al empresario&nbsp;L\u00e1zaro B\u00e1ez&nbsp;en la provincia de Santa Cruz. Lo hizo [&hellip;]<\/p>\n","protected":false},"author":9,"featured_media":0,"comment_status":"open","ping_status":"open","sticky":false,"template":"","format":"standard","meta":{"site-sidebar-layout":"default","site-content-layout":"","ast-site-content-layout":"default","site-content-style":"default","site-sidebar-style":"default","ast-global-header-display":"","ast-banner-title-visibility":"","ast-main-header-display":"","ast-hfb-above-header-display":"","ast-hfb-below-header-display":"","ast-hfb-mobile-header-display":"","site-post-title":"","ast-breadcrumbs-content":"","ast-featured-img":"","footer-sml-layout":"","ast-disable-related-posts":"","theme-transparent-header-meta":"","adv-header-id-meta":"","stick-header-meta":"","header-above-stick-meta":"","header-main-stick-meta":"","header-below-stick-meta":"","astra-migrate-meta-layouts":"default","ast-page-background-enabled":"default","ast-page-background-meta":{"desktop":{"background-color":"","background-image":"","background-repeat":"repeat","background-position":"center center","background-size":"auto","background-attachment":"scroll","background-type":"","background-media":"","overlay-type":"","overlay-color":"","overlay-opacity":"","overlay-gradient":""},"tablet":{"background-color":"","background-image":"","background-repeat":"repeat","background-position":"center center","background-size":"auto","background-attachment":"scroll","background-type":"","background-media":"","overlay-type":"","overlay-color":"","overlay-opacity":"","overlay-gradient":""},"mobile":{"background-color":"","background-image":"","background-repeat":"repeat","background-position":"center center","background-size":"auto","background-attachment":"scroll","background-type":"","background-media":"","overlay-type":"","overlay-color":"","overlay-opacity":"","overlay-gradient":""}},"ast-content-background-meta":{"desktop":{"background-color":"var(--ast-global-color-5)","background-image":"","background-repeat":"repeat","background-position":"center center","background-size":"auto","background-attachment":"scroll","background-type":"","background-media":"","overlay-type":"","overlay-color":"","overlay-opacity":"","overlay-gradient":""},"tablet":{"background-color":"var(--ast-global-color-5)","background-image":"","background-repeat":"repeat","background-position":"center center","background-size":"auto","background-attachment":"scroll","background-type":"","background-media":"","overlay-type":"","overlay-color":"","overlay-opacity":"","overlay-gradient":""},"mobile":{"background-color":"var(--ast-global-color-5)","background-image":"","background-repeat":"repeat","background-position":"center center","background-size":"auto","background-attachment":"scroll","background-type":"","background-media":"","overlay-type":"","overlay-color":"","overlay-opacity":"","overlay-gradient":""}},"footnotes":""},"categories":[2],"tags":[],"class_list":["post-70634","post","type-post","status-publish","format-standard","hentry","category-politica"],"spectra_blocks_featured_image_url":null,"spectra_blocks_author_info":{"display_name":"Jorge Alfredo Baret","avatar_url":"https:\/\/secure.gravatar.com\/avatar\/31696f5ca83439b642450ec7d3f82f98451a5efacb414343d5478c982b337f26?s=96&d=mm&r=g","author_link":"https:\/\/100xd.com.ar\/en\/author\/jorge\/","description":"Ingeniero Qu\u00edmico UTN - Director Apoderado de Comunicaciones Auditadas SA. Editor Responsable 100xd.com.ar."},"_links":{"self":[{"href":"https:\/\/100xd.com.ar\/en\/wp-json\/wp\/v2\/posts\/70634","targetHints":{"allow":["GET"]}}],"collection":[{"href":"https:\/\/100xd.com.ar\/en\/wp-json\/wp\/v2\/posts"}],"about":[{"href":"https:\/\/100xd.com.ar\/en\/wp-json\/wp\/v2\/types\/post"}],"author":[{"embeddable":true,"href":"https:\/\/100xd.com.ar\/en\/wp-json\/wp\/v2\/users\/9"}],"replies":[{"embeddable":true,"href":"https:\/\/100xd.com.ar\/en\/wp-json\/wp\/v2\/comments?post=70634"}],"version-history":[{"count":1,"href":"https:\/\/100xd.com.ar\/en\/wp-json\/wp\/v2\/posts\/70634\/revisions"}],"predecessor-version":[{"id":70636,"href":"https:\/\/100xd.com.ar\/en\/wp-json\/wp\/v2\/posts\/70634\/revisions\/70636"}],"wp:attachment":[{"href":"https:\/\/100xd.com.ar\/en\/wp-json\/wp\/v2\/media?parent=70634"}],"wp:term":[{"taxonomy":"category","embeddable":true,"href":"https:\/\/100xd.com.ar\/en\/wp-json\/wp\/v2\/categories?post=70634"},{"taxonomy":"post_tag","embeddable":true,"href":"https:\/\/100xd.com.ar\/en\/wp-json\/wp\/v2\/tags?post=70634"}],"curies":[{"name":"wp","href":"https:\/\/api.w.org\/{rel}","templated":true}]}}