{"id":70467,"date":"2022-09-20T10:04:39","date_gmt":"2022-09-20T13:04:39","guid":{"rendered":"https:\/\/100xd.com.ar\/?p=70467"},"modified":"2022-09-20T10:04:39","modified_gmt":"2022-09-20T13:04:39","slug":"comenzo-la-segunda-jornada-de-alegatos-de-la-defensa-de-cristina-kirchner-en-el-juicio-por-la-obra-publica","status":"publish","type":"post","link":"https:\/\/100xd.com.ar\/en\/comenzo-la-segunda-jornada-de-alegatos-de-la-defensa-de-cristina-kirchner-en-el-juicio-por-la-obra-publica\/","title":{"rendered":"Comenz\u00f3 la segunda jornada de alegatos de la defensa de Cristina Kirchner en el juicio por la obra p\u00fablica"},"content":{"rendered":"<p class=\"wp-block-paragraph\">La defensa de&nbsp;<strong>Cristina Kirchner<\/strong>&nbsp;comenz\u00f3 este martes la segunda audiencia de alegatos en el&nbsp;<strong>juicio oral por la obra p\u00fablica<\/strong>&nbsp;que recibi\u00f3 el empresario&nbsp;<strong>L\u00e1zaro B\u00e1ez<\/strong>&nbsp;en Santa Cruz. Por esta causa, los fiscales&nbsp;<strong>Diego Luciani<\/strong>&nbsp;y&nbsp;<strong>Sergio Mola<\/strong>&nbsp;solicitaron que la actual Vicepresidenta sea condenada a 12 a\u00f1os de prisi\u00f3n e inhabilitaci\u00f3n perpetua para ejercer cargos p\u00fablicos. En contrapartida, ayer los abogados&nbsp;<strong>Alberto Beraldi<\/strong>&nbsp;y&nbsp;<strong>Ary Llernovoy<\/strong>&nbsp;criticaron la actuaci\u00f3n de la Fiscal\u00eda durante siete horas. Adem\u00e1s, prometieron que hoy dar\u00e1n a conocer&nbsp;<strong>\u201cla mentira del plan limpiar todo\u201d<\/strong>&nbsp;y aseguraron que los fiscales \u201cno van a salir de su asombro\u201d.<\/p>\n\n\n\n<p class=\"wp-block-paragraph\">\u201cMa\u00f1ana, a partir de las 9,&nbsp;<strong>segu\u00ed mirando y escuchando c\u00f3mo el Dr. Beraldi contin\u00faa con la demolici\u00f3n de la escandalosa acusaci\u00f3n de Luciani y Mola<\/strong>. Algo nunca visto! Va a demostrar la farsa de los fiscales y el \u2018plan limpien todo\u2019. No te lo pierdas: descubr\u00ed c\u00f3mo te han mentido\u201d, tuite\u00f3 este lunes por la noche Cristina Kirchner, que el domingo ya hab\u00eda convocado a seguir los alegatos de forma online.<\/p>\n\n\n\n<p class=\"wp-block-paragraph\">La segunda audiencia comenz\u00f3 a las 9 horas y se puede seguir por&nbsp;<strong>Infobae<\/strong>.<\/p>\n\n\n\n<p class=\"wp-block-paragraph\">Horas antes, poco despu\u00e9s de que finalizara la primera jornada, la ex mandataria tambi\u00e9n se hab\u00eda expresado en sus redes: \u201cVieron lo que les dije ayer, no? Que Beraldi iba a desnudar el gui\u00f3n de Luciani y Mola.Me corrijo, fue mucho m\u00e1s all\u00e1:\u00a0<strong>prob\u00f3 en forma documentada -como debe hacerse en cualquier juicio- que Luciani y Mola mintieron descaradamente<\/strong>. \u00c9l, por decoro profesional, lo llam\u00f3 mala praxis\u201d.<\/p>\n\n\n\n<p class=\"wp-block-paragraph\">Este lunes, sin Cristina Kirchner presente en la videoconferencia (est\u00e1 autorizada a no hacerlo por sus labores institucionales), los abogados apuntaron contra la acusaci\u00f3n: \u201cLa fiscal\u00eda pidi\u00f3 89 a\u00f1os de prisi\u00f3n para todas las personas que est\u00e1n acusadas en este juicio. Es un disparate\u201d. Asimismo, defendieron al ex presidente N\u00e9stor Kirchner, sobre quien Luciani y Mola hicieron referencia como parte de la estructura criminal:&nbsp;<strong>\u201cN\u00e9stor Kirchner est\u00e1 muerto y lo imputan como si estuviera en este juicio\u201d<\/strong>.<\/p>\n\n\n\n<p class=\"wp-block-paragraph\">De todas formas, el momento m\u00e1s saliente de la primera jornada de alegatos de la defensa fue cuando Beraldi compar\u00f3 las causas de Cristina Kirchner con la que tuvo Juan Per\u00f3n en 1956, un a\u00f1o despu\u00e9s de ser derrocado por un golpe de estado.&nbsp;<strong>\u201cA Per\u00f3n le hicieron un proceso por traici\u00f3n a la patria y asociaci\u00f3n il\u00edcita, lo mismo que a Cristina\u201d<\/strong>, dijo y ley\u00f3 p\u00e1rrafos del fallo de la Justicia en el proceso al ex presidente.<\/p>\n\n\n\n<p class=\"wp-block-paragraph\">\u201cAmpliada las declaraciones indagatorias de los procesados surge a lo que se refiere a todos los legisladores nacionales que los mismo actuaron de forma de absoluta sumisi\u00f3n y de temor al ex presidente y de sus personeros aprobando leyes bajo amenaza directa y leyendo textos ya redactados\u201d, relat\u00f3 Beraldi. La referencia fue a parte de la acusaci\u00f3n de la Fiscal\u00eda a Cristina Kirchner que sostuvo que el Congreso aprob\u00f3 los presupuestos con las irregularidades en las obras p\u00fablicas de B\u00e1ez.<\/p>\n\n\n\n<p class=\"wp-block-paragraph\">\u201cEsas \u00e9pocas fueron vergonzosas y no pueden volver a repetirse.&nbsp;<strong>No puede pasar que se use a los jueces para cuestiones subalternas. Ese es el nunca m\u00e1s, no corrupci\u00f3n en la Justicia<\/strong>. Lo que millones de argentinos esperamos de este juicio es que se defina acorde a la ley\u201d, pidi\u00f3 el defensor.<img loading=\"lazy\" decoding=\"async\" alt=\"El abogado Carlos Beraldi critic\u00f3 el accionar de los fiscales\" height=\"1079\" width=\"1920\" class=\"\" src=\"https:\/\/cloudfront-us-east-1.images.arcpublishing.com\/infobae\/LVHHP2VKSFGNTDOLHGUN5SVSYI.jpg\" srcset=\"https:\/\/www.infobae.com\/new-resizer\/s7cC-ilJ9ZU1plKYEV6IwPpHxLg=\/420x236\/filters:format(webp):quality(85)\/cloudfront-us-east-1.images.arcpublishing.com\/infobae\/LVHHP2VKSFGNTDOLHGUN5SVSYI.jpg 420w,https:\/\/www.infobae.com\/new-resizer\/vwbjN0r4HG_CQZt71OOW7RzSPrY=\/768x432\/filters:format(webp):quality(85)\/cloudfront-us-east-1.images.arcpublishing.com\/infobae\/LVHHP2VKSFGNTDOLHGUN5SVSYI.jpg 768w,https:\/\/www.infobae.com\/new-resizer\/ENOKb_aXDd72kALtjWHWqgyprwo=\/992x558\/filters:format(webp):quality(85)\/cloudfront-us-east-1.images.arcpublishing.com\/infobae\/LVHHP2VKSFGNTDOLHGUN5SVSYI.jpg 992w,https:\/\/www.infobae.com\/new-resizer\/jA-ZUJdCTiMo1Q0mIzRiSbRxrhs=\/1200x675\/filters:format(webp):quality(85)\/cloudfront-us-east-1.images.arcpublishing.com\/infobae\/LVHHP2VKSFGNTDOLHGUN5SVSYI.jpg 1200w,https:\/\/www.infobae.com\/new-resizer\/BZ98_lwRn5WxaiHJf76hmxzluJo=\/1440x810\/filters:format(webp):quality(85)\/cloudfront-us-east-1.images.arcpublishing.com\/infobae\/LVHHP2VKSFGNTDOLHGUN5SVSYI.jpg 1440w\" title=\"Comenz\u00f3 la segunda jornada de alegatos de la defensa de Cristina Kirchner en el juicio por la obra p\u00fablica\">El abogado Carlos Beraldi critic\u00f3 el accionar de los fiscales<\/p>\n\n\n\n<p class=\"wp-block-paragraph\">Tras defender la gesti\u00f3n de la obra p\u00fablica en Santra Cruz desde el aspecto t\u00e9cnico, la audiencia termin\u00f3 a las 15 en punto como hab\u00eda pedido el tribunal. Pero antes Beraldi anunci\u00f3 que hoy hablar\u00e1 de lo que los fiscales llamaron en su alegato el \u201cplan limpiar todo\u201d. Se trata de lo que la Fiscal\u00eda entendi\u00f3 que fue la decisi\u00f3n del gobierno de Cristina Kirchner pocos d\u00edas antes de terminar su segundo mandato en 2015 de<strong>&nbsp;pagarle todas las obras que se deb\u00edan para luego cerrar las empresas. Los fiscales dijeron que la Vicepresidenta estaba al tanto de todo eso.<\/strong><\/p>\n\n\n\n<p class=\"wp-block-paragraph\">\u201cMa\u00f1ana ser\u00e1 el cap\u00edtulo a este otro hecho escandaloso que la fiscal\u00eda construy\u00f3 con calumnias y mentiras que llam\u00f3 plan limpiar todo.&nbsp;<strong>Yo les garantizo que si todo lo que vieron hasta aqu\u00ed es un escandalo cuando vean la mentira del plan limpiar todo no van a salir de su asombro\u201d<\/strong>, anunci\u00f3 el abogado.<\/p>\n\n\n\n<p class=\"wp-block-paragraph\">A su vez, la expectativa est\u00e1 puesta en saber si finalmente la propia Cristina Kirchner tomar\u00e1 la palabra durante esta jornada o la quee.com abresta el viernes, algo que es posible porque la Vicepresidenta es abogada y puede ejercer su propia defensa.<\/p>\n\n\n\n<p class=\"wp-block-paragraph\">Fuente:<a href=\"https:\/\/www.infobae.com\/?noredirect\"> Infobae.com<\/a><\/p>","protected":false},"excerpt":{"rendered":"<p>La defensa de&nbsp;Cristina Kirchner&nbsp;comenz\u00f3 este martes la segunda audiencia de alegatos en el&nbsp;juicio oral por la obra p\u00fablica&nbsp;que recibi\u00f3 el empresario&nbsp;L\u00e1zaro B\u00e1ez&nbsp;en Santa Cruz. Por esta causa, los fiscales&nbsp;Diego Luciani&nbsp;y&nbsp;Sergio Mola&nbsp;solicitaron que la actual Vicepresidenta sea condenada a 12 a\u00f1os de prisi\u00f3n e inhabilitaci\u00f3n perpetua para ejercer cargos p\u00fablicos. En contrapartida, ayer los abogados&nbsp;Alberto Beraldi&nbsp;y&nbsp;Ary [&hellip;]<\/p>\n","protected":false},"author":9,"featured_media":0,"comment_status":"open","ping_status":"open","sticky":false,"template":"","format":"standard","meta":{"site-sidebar-layout":"default","site-content-layout":"","ast-site-content-layout":"default","site-content-style":"default","site-sidebar-style":"default","ast-global-header-display":"","ast-banner-title-visibility":"","ast-main-header-display":"","ast-hfb-above-header-display":"","ast-hfb-below-header-display":"","ast-hfb-mobile-header-display":"","site-post-title":"","ast-breadcrumbs-content":"","ast-featured-img":"","footer-sml-layout":"","ast-disable-related-posts":"","theme-transparent-header-meta":"","adv-header-id-meta":"","stick-header-meta":"","header-above-stick-meta":"","header-main-stick-meta":"","header-below-stick-meta":"","astra-migrate-meta-layouts":"default","ast-page-background-enabled":"default","ast-page-background-meta":{"desktop":{"background-color":"","background-image":"","background-repeat":"repeat","background-position":"center center","background-size":"auto","background-attachment":"scroll","background-type":"","background-media":"","overlay-type":"","overlay-color":"","overlay-opacity":"","overlay-gradient":""},"tablet":{"background-color":"","background-image":"","background-repeat":"repeat","background-position":"center center","background-size":"auto","background-attachment":"scroll","background-type":"","background-media":"","overlay-type":"","overlay-color":"","overlay-opacity":"","overlay-gradient":""},"mobile":{"background-color":"","background-image":"","background-repeat":"repeat","background-position":"center center","background-size":"auto","background-attachment":"scroll","background-type":"","background-media":"","overlay-type":"","overlay-color":"","overlay-opacity":"","overlay-gradient":""}},"ast-content-background-meta":{"desktop":{"background-color":"var(--ast-global-color-5)","background-image":"","background-repeat":"repeat","background-position":"center center","background-size":"auto","background-attachment":"scroll","background-type":"","background-media":"","overlay-type":"","overlay-color":"","overlay-opacity":"","overlay-gradient":""},"tablet":{"background-color":"var(--ast-global-color-5)","background-image":"","background-repeat":"repeat","background-position":"center center","background-size":"auto","background-attachment":"scroll","background-type":"","background-media":"","overlay-type":"","overlay-color":"","overlay-opacity":"","overlay-gradient":""},"mobile":{"background-color":"var(--ast-global-color-5)","background-image":"","background-repeat":"repeat","background-position":"center center","background-size":"auto","background-attachment":"scroll","background-type":"","background-media":"","overlay-type":"","overlay-color":"","overlay-opacity":"","overlay-gradient":""}},"footnotes":""},"categories":[25],"tags":[],"class_list":["post-70467","post","type-post","status-publish","format-standard","hentry","category-destacado"],"spectra_blocks_featured_image_url":null,"spectra_blocks_author_info":{"display_name":"Jorge Alfredo Baret","avatar_url":"https:\/\/secure.gravatar.com\/avatar\/31696f5ca83439b642450ec7d3f82f98451a5efacb414343d5478c982b337f26?s=96&d=mm&r=g","author_link":"https:\/\/100xd.com.ar\/en\/author\/jorge\/","description":"Ingeniero Qu\u00edmico UTN - Director Apoderado de Comunicaciones Auditadas SA. Editor Responsable 100xd.com.ar."},"_links":{"self":[{"href":"https:\/\/100xd.com.ar\/en\/wp-json\/wp\/v2\/posts\/70467","targetHints":{"allow":["GET"]}}],"collection":[{"href":"https:\/\/100xd.com.ar\/en\/wp-json\/wp\/v2\/posts"}],"about":[{"href":"https:\/\/100xd.com.ar\/en\/wp-json\/wp\/v2\/types\/post"}],"author":[{"embeddable":true,"href":"https:\/\/100xd.com.ar\/en\/wp-json\/wp\/v2\/users\/9"}],"replies":[{"embeddable":true,"href":"https:\/\/100xd.com.ar\/en\/wp-json\/wp\/v2\/comments?post=70467"}],"version-history":[{"count":1,"href":"https:\/\/100xd.com.ar\/en\/wp-json\/wp\/v2\/posts\/70467\/revisions"}],"predecessor-version":[{"id":70469,"href":"https:\/\/100xd.com.ar\/en\/wp-json\/wp\/v2\/posts\/70467\/revisions\/70469"}],"wp:attachment":[{"href":"https:\/\/100xd.com.ar\/en\/wp-json\/wp\/v2\/media?parent=70467"}],"wp:term":[{"taxonomy":"category","embeddable":true,"href":"https:\/\/100xd.com.ar\/en\/wp-json\/wp\/v2\/categories?post=70467"},{"taxonomy":"post_tag","embeddable":true,"href":"https:\/\/100xd.com.ar\/en\/wp-json\/wp\/v2\/tags?post=70467"}],"curies":[{"name":"wp","href":"https:\/\/api.w.org\/{rel}","templated":true}]}}