{"id":69768,"date":"2022-09-04T12:07:51","date_gmt":"2022-09-04T15:07:51","guid":{"rendered":"https:\/\/100xd.com.ar\/?p=69768"},"modified":"2022-09-04T12:32:02","modified_gmt":"2022-09-04T15:32:02","slug":"un-pais-irremediablemente-roto","status":"publish","type":"post","link":"https:\/\/100xd.com.ar\/en\/un-pais-irremediablemente-roto\/","title":{"rendered":"Un pa\u00eds irremediablemente roto"},"content":{"rendered":"<p class=\"wp-block-paragraph\"><strong>Cristina Kirchner<\/strong>&nbsp;se hab\u00eda dejado llevar otra vez por el tumulto dulce de sus militantes cuando el agresor le apunt\u00f3 con el arma. Le hab\u00edan acercado un libro para firmar, que cay\u00f3 al piso y la distrajo, quiz\u00e1s para darle un instante de inconciencia ante lo que pudo haber sido su final. Cuando el dispar\u00f3 fall\u00f3, reaccion\u00f3 por reflejo sin saber lo que pasaba. Y as\u00ed continu\u00f3 varios minutos m\u00e1s, para seguir saludando a sus fieles. Tampoco en su entorno lograron entender bien lo que hab\u00eda ocurrido. Un concejal de Presidente Per\u00f3n fue el primero que reaccion\u00f3 y manote\u00f3 a&nbsp;<strong>Fernando Sabag Montiel<\/strong>&nbsp;a los gritos para que lo ayudaran a atraparlo. Un custodio del Instituto Patria lo agarr\u00f3 del cuello y lo fren\u00f3 en su huida. Otro militante identific\u00f3 el arma tirada en el suelo y la pis\u00f3 para que no se escabullera en el desorden.&nbsp;<strong>Todos integrantes de un entorno de seguridad informal que son de confianza, pero no profesionales<\/strong>&nbsp;(\u00bfhabr\u00e1 tenido que ver eso con la misteriosa visita que&nbsp;<strong>Juan Mart\u00edn Mena<\/strong>&nbsp;y el jefe de de seguridad&nbsp;<strong>Diego Carbone<\/strong>&nbsp;le hicieron a la jueza&nbsp;<strong>Mar\u00eda Eugenia Capuchetti<\/strong>&nbsp;en plena madrugada del viernes?). Reci\u00e9n un par de minutos despu\u00e9s la custodia oficial hizo entrar a Cristina a su casa, ante la queja de la vicepresidenta. Segu\u00eda sin saber qu\u00e9 hab\u00eda pasado. Cuando estuvo adentro le contaron lo ocurrido, y termin\u00f3 de dimensionar el episodio cuando vio las im\u00e1genes en la TV P\u00fablica.&nbsp;<mark>En esta secuencia fren\u00e9tica, cargada de descuidos, improvisaciones y azar, se puso en juego la estabilidad del pa\u00eds.<\/mark>&nbsp;Como en&nbsp;<em>Match Point<\/em>, la pelota qued\u00f3 suspendida y cay\u00f3 de un lado de la red; pero pudo ser diferente.<\/p>\n\n\n\n<figure data-spectra-id=\"spectra-157e67b8-9e44-4559-85db-016516eb6a26\" class=\"wp-block-image\"><img decoding=\"async\" src=\"https:\/\/resizer.glanacion.com\/resizer\/A4BIoh7883MfoVBeCkpOsQ4iXss=\/310x0\/filters:format(webp):quality(80)\/cloudfront-us-east-1.images.arcpublishing.com\/lanacionar\/5Z43ZVUDTNBALM4KW7SGRKMS3M.jpg\" alt=\"El momento en el que apuntan con un arma a Cristina Kirchner\" title=\"Un pa\u00eds irremediablemente roto\" \/><figcaption>El momento en el que apuntan con un arma a Cristina KirchnerCaptura de Video<\/figcaption><\/figure>\n\n\n\n<p class=\"wp-block-paragraph\">Aun en los sectores m\u00e1s moderados del oficialismo admiten que si la bala hubiera salido del cargador,&nbsp;<strong>la Argentina hubiese ingresado en una espiral de violencia inmediatamente. \u201cCreo que termin\u00e1bamos con muertos en las calles y tres edificios de Recoleta incendiados\u201d<\/strong>, grafican. Un escenario tr\u00e1gico tambi\u00e9n se hubiera producido si la Polic\u00eda de la Ciudad hubiese tenido alguna responsabilidad en el momento del hecho. \u201cNos salv\u00f3 el juez Gallardo\u201d, reconoc\u00edan en el entorno de&nbsp;<strong>Rodr\u00edguez Larreta<\/strong>. En el Gobierno algunos se asustaron a tal punto que sondearon a figuras de reconocido predicamento social para que hicieran una convocatoria por la pacificaci\u00f3n, casi una admisi\u00f3n de que la dirigencia pol\u00edtica ya no tiene facultades para generar cr\u00e9dito.<\/p>\n\n\n\n<p class=\"wp-block-paragraph\"><strong>Durante las primeras horas posteriores al ataque hubo un tenue aire de comprensi\u00f3n institucional<\/strong>. Fue el momento de los primeros tuits de la oposici\u00f3n, con mensajes de moderaci\u00f3n y repudio al intento de magnicidio. Se sum\u00f3 despu\u00e9s la potente imagen de los senadores de todos los bloques unidos en defensa de las instituciones.&nbsp;<strong>Juliana Di Tullio<\/strong>&nbsp;a un metro de&nbsp;<strong>Carolina Losada<\/strong>. Un espejismo ef\u00edmero. Pocos minutos despu\u00e9s los senadores oficialistas posaron de nuevo, pero solos, sin la oposici\u00f3n, e hicieron un discurso claramente m\u00e1s sesgado. La concordia se trab\u00f3 definitivamente en la C\u00e1mara de Diputados, donde tambi\u00e9n evaluaron una foto conjunta, idea que naufrag\u00f3 porque el Frente de Todos solo aceptaba hacer una sesi\u00f3n de repudio, que finalmente se hizo ayer en medio de muchas prevenciones y desconfianzas.<\/p>\n\n\n\n<figure data-spectra-id=\"spectra-072a10e5-13d5-4327-b4ae-302c8590ffa4\" class=\"wp-block-image\"><img decoding=\"async\" src=\"https:\/\/resizer.glanacion.com\/resizer\/0p3MyrvoRO5PhBBZbu1xqfCi9EQ=\/310x0\/filters:format(webp):quality(80)\/cloudfront-us-east-1.images.arcpublishing.com\/lanacionar\/AEWPDU6ZWREEZLS5RZXLCMIKJE\" alt=\"02\/09\/2022 Miembros de la C\u00e1mara de DIputados y del Senado de Argentina condenan el intento de asesinato de la vicepresidenta Cristina Fern\u00e1ndez de Kirchner.  La presidenta de la C\u00e1mara de Diputados de Argentina, Cecilia Moreau, ha anunciado en la madrugada de este viernes la convocatoria de una comisi\u00f3n conjunta de investigaci\u00f3n de ambas c\u00e1maras para investigar el &quot;atentado&quot; contra la vida de Cristina Fern\u00e1ndez de Kirchner.  POLITICA SUDAM\u00c9RICA ARGENTINA INTERNACIONAL LATINOAM\u00c9RICA SENADO DE ARGENTINA\" title=\"Un pa\u00eds irremediablemente roto\" \/><figcaption>02\/09\/2022 Miembros de la C\u00e1mara de DIputados y del Senado de Argentina condenan el intento de asesinato de la vicepresidenta Cristina Fern\u00e1ndez de Kirchner. La presidenta de la C\u00e1mara de Diputados de Argentina, Cecilia Moreau, ha anunciado en la madrugada de este viernes la convocatoria de una comisi\u00f3n conjunta de investigaci\u00f3n de ambas c\u00e1maras para investigar el &#8220;atentado&#8221; contra la vida de Cristina Fern\u00e1ndez de Kirchner. POLITICA SUDAM\u00c9RICA ARGENTINA INTERNACIONAL LATINOAM\u00c9RICA SENADO DE ARGENTINA<\/figcaption><\/figure>\n\n\n\n<p class=\"wp-block-paragraph\">La \u00faltima oportunidad de haber capitalizado con una mirada institucional el magnicidio que no fue se termin\u00f3 de diluir cuando&nbsp;<strong>Alberto Fern\u00e1ndez<\/strong>&nbsp;habl\u00f3 con Cristina Kirchner y se defini\u00f3 el tono discursivo de la cadena nacional. El Presidente, siempre atento a la aceptaci\u00f3n de su vice, eludi\u00f3 la invitaci\u00f3n que la historia le hab\u00eda hecho para ubicarse en un lugar diferente, el de un estadista que comprende que su pa\u00eds se acerc\u00f3 demasiado a un clima de descomposici\u00f3n civil. Esa noche alguien propuso en Olivos hacer una foto conjunta con los expresidentes vivos, y convocar a&nbsp;<strong>Mauricio Macri&nbsp;<\/strong>y a<strong>&nbsp;Eduardo Duhalde<\/strong>, pero la iniciativa fue r\u00e1pidamente desechada por el temor a un desaire que debilitara m\u00e1s a Fern\u00e1ndez. Cuando sali\u00f3 en p\u00fablico, habl\u00f3 del \u201cdiscurso del odio\u201d, apunt\u00f3 contra medios y opositores y les dio el argumento propicio para que los halcones del otro bando reaccionaran.<\/p>\n\n\n\n<figure data-spectra-id=\"spectra-88650039-8cb0-4da9-a7be-5fe36f104240\" class=\"wp-block-image\"><img decoding=\"async\" src=\"https:\/\/resizer.glanacion.com\/resizer\/qXYDn4UB3Ms2Nd5lnzqPEp2E7S0=\/310x0\/filters:format(webp):quality(80)\/cloudfront-us-east-1.images.arcpublishing.com\/lanacionar\/M422AADJ7ZDOFNUSE3VVFJSVHA.jpg\" alt=\"Alberto Fern\u00e1ndez\" title=\"Un pa\u00eds irremediablemente roto\" \/><figcaption>Alberto Fern\u00e1ndez<\/figcaption><\/figure>\n\n\n\n<p class=\"wp-block-paragraph\">Alguien que estuvo al tanto de la confecci\u00f3n de ese discurso admite que&nbsp;<strong>\u201cAlberto no ten\u00eda margen para hacer otra cosa. Con Cristina al borde de haber sido asesinada y la militancia conmocionada, \u00e9l ten\u00eda que evitar quedar bajo fuego propio por tibio\u201d<\/strong>. De hecho su visita a la casa de Juncal y Uruguay fue interpretada en el oficialismo como un intento de reforzar su mensaje de acompa\u00f1amiento a la vicepresidenta. Otra vez prevaleci\u00f3 su rol de facci\u00f3n en el Frente de Todos por sobre el que tiene como jefe del gobierno de todos. Y el decreto del feriado fue justificado por la idea de que la movilizaci\u00f3n se iba a producir de todos modos y era mejor evitar situaciones de conflicto con la gente que circula en un d\u00eda laborable.&nbsp;<mark>Nunca nadie pens\u00f3 seriamente en que la convocatoria incluyera a la oposici\u00f3n<\/mark>&nbsp;y por eso tampoco fueron parte de la foto que se hizo en paralelo al acto en la Casa Rosada. \u201cEl \u00e1mbito de acci\u00f3n con las otras fuerzas es el Congreso\u201d, acotaron. La \u201cdefensa de la democracia\u201d qued\u00f3 solo en manos del peronismo, que acudi\u00f3 en multitudes a la Plaza de Mayo. Tampoco del otro lado hubo magnanimidad. Nadie llam\u00f3 a la vicepresidenta por temor a la cr\u00edtica interna y a contribuir con su victimizaci\u00f3n. Tantos a\u00f1os de agravios dejaron secuela.<\/p>\n\n\n\n<p class=\"wp-block-paragraph\">En uno de sus momentos m\u00e1s oscuros desde que se recuper\u00f3 la democracia, la Argentina emergi\u00f3 con un d\u00e9ficit in\u00e9dito:&nbsp;<strong>no hubo ning\u00fan espacio, ni tampoco actores dispuestos, para articular un m\u00ednimo consenso de convivencia pac\u00edfica.&nbsp;<\/strong>El entramado institucional est\u00e1 deteriorado y no hay liderazgos que puedan escapar a la grieta. No hay un&nbsp;<strong>Ra\u00fal Alfons\u00edn<\/strong>&nbsp;y un&nbsp;<strong>Carlos Menem<\/strong>&nbsp;como en 1989, o un Duhalde y una mesa del di\u00e1logo al estilo 2002. En p\u00fablico hay acusaciones, y en reserva apenas di\u00e1logos inconducentes. Por eso la violencia amenaza con llenar ese vac\u00edo. En la rec\u00e1mara de la Bersa 32 qued\u00f3 trabada la \u00faltima se\u00f1al de un pa\u00eds que parece irremediablemente roto.<\/p>\n\n\n\n<figure data-spectra-id=\"spectra-95a5bc76-b964-4212-9f95-9c0a363b6ed3\" class=\"wp-block-image\"><img decoding=\"async\" src=\"https:\/\/resizer.glanacion.com\/resizer\/lOCrCOaYnAjYCgi2oOIeKDVVNnE=\/310x0\/filters:format(webp):quality(80)\/cloudfront-us-east-1.images.arcpublishing.com\/lanacionar\/XJ2QAVKWRFHA3DICIGC4BILYVY.JPG\" alt=\"Manifestaci\u00f3n en apoyo a Cristina Kirchner en Mar del Plata\" title=\"Un pa\u00eds irremediablemente roto\" \/><figcaption>Manifestaci\u00f3n en apoyo a Cristina Kirchner en Mar del Plata<\/figcaption><\/figure>\n\n\n\n<p class=\"wp-block-paragraph\">La \u00faltima medici\u00f3n de la consultora Zuban C\u00f3rdoba cuantifica este deterioro con una pregunta sencilla: \u201c\u00bfC\u00f3mo cree que es la situaci\u00f3n institucional y democr\u00e1tica del pa\u00eds?\u201d.<strong>&nbsp;El 49,7% la defini\u00f3 como \u201cmuy fr\u00e1gil\u201d y el 24,6% como \u201cfr\u00e1gil\u201d, lo que suma 74,3% de consideraciones negativas.<\/strong>&nbsp;<strong>Pablo Knopoff,<\/strong>&nbsp;director de la consultora Isonom\u00eda retrata este cuadro de descomposici\u00f3n al describir cinco conclusiones de sus estudios: \u201c<strong>Primero<\/strong>, hay un r\u00e9cord de pesimismo sobre el futuro, que si bien deber\u00eda tener un sentido intr\u00ednsecamente positivo, hoy tiene un significado negativo, a tal punto que el 56% responde que \u2018lo peor est\u00e1 por venir\u2019.&nbsp;<strong>Segundo<\/strong>, la gente no ve que las elecciones puedan mejorar la situaci\u00f3n, aunque gane el candidato que ellos apoyan.&nbsp;<strong>Tercero<\/strong>, todos entraron en modo crisis, porque antes era un t\u00e9rmino asociado al 2001 y ahora lo relacionan con el presente.&nbsp;<strong>Cuarto<\/strong>, ning\u00fan dirigente tiene un nivel de aprobaci\u00f3n que llegue al 50%, cuando siempre los que lideraban superaban el 60%.&nbsp;<strong>Quinto<\/strong>, cambi\u00f3 la autopercepci\u00f3n social: hist\u00f3ricamente en la Argentina hab\u00eda m\u00e1s gente que se identificaba como de clase media, aunque no perteneciera t\u00e9cnicamente a ese segmento, y ahora hay m\u00e1s gente que se identifica como de clase baja. Es una pobreza por emoci\u00f3n\u201d.<\/p>\n\n\n\n<h2 class=\"wp-block-heading\">Una centralidad interesada<\/h2>\n\n\n\n<p class=\"wp-block-paragraph\">Cuando el arma de Sabag Montiel se trab\u00f3, la escena pol\u00edtica ya estaba peligrosamente convulsionada.&nbsp;<strong>El verdadero disparador hab\u00eda sido el pedido de condena de Diego Luciani contra Cristina Kirchner<\/strong>. Despu\u00e9s de eso hubo una autodefensa p\u00fablica de la vicepresidenta denunciando persecuci\u00f3n y parcialidad; una frase muy infeliz de Alberto Fern\u00e1ndez sobre el fiscal; una vigilia constante en el departamento de Recoleta (del cual Cristina se iba a mudar para vivir en el mismo edificio que su hija Florencia, idea que primero se congel\u00f3 por el folclore de los militantes y que ahora se reactiv\u00f3 tras el ataque); la guerra de las vallas del s\u00e1bado pasado y una feroz interna en Pro por la estrategia de seguridad. En solo dos semanas hubo una abrupta redefinici\u00f3n del mapa.<\/p>\n\n\n\n<figure data-spectra-id=\"spectra-7d67fd8a-0f59-477f-94ea-b017498018e1\" class=\"wp-block-image\"><img decoding=\"async\" src=\"https:\/\/resizer.glanacion.com\/resizer\/sLVKsJzdvqSzxXYMvTpUzuB0-OI=\/310x0\/filters:format(webp):quality(80)\/cloudfront-us-east-1.images.arcpublishing.com\/lanacionar\/HA6JYP57JJGZHGNUBKOJUIOMZA.JPG\" alt=\"Carteles en apoyo a la vicepresidenta Cristina Kirchner\" title=\"Un pa\u00eds irremediablemente roto\" \/><figcaption>Carteles en apoyo a la vicepresidenta Cristina KirchnerRodrigo Abd &#8211; AP<\/figcaption><\/figure>\n\n\n\n<p class=\"wp-block-paragraph\">El peronismo gir\u00f3 definitivamente sobre Cristina Kirchner, quien termin\u00f3 de exhibir en vivo la centralidad que nunca perdi\u00f3 en privado. Un asesor ilustrado del oficialismo lo vincula con un proceso que tambi\u00e9n se da en otros pa\u00edses, el de las&nbsp;<strong>\u201chegemon\u00edas minoritarias\u201d,<\/strong>&nbsp;es decir, un sector intenso de una coalici\u00f3n que, a pesar de tener algo m\u00e1s de 20 puntos de adhesi\u00f3n, concentra la din\u00e1mica del espacio porque tiene un liderazgo n\u00edtido y una base de seguidores consistente. La vicepresidenta tambi\u00e9n tiene un argumento m\u00e1s pedestre para convencer al resto del peronismo:<mark>&nbsp;\u201cSi me persiguen a m\u00ed, imaginen lo que van a hacer con ustedes\u201d.&nbsp;<\/mark>Con poco \u00e1nimo, pero la CGT termin\u00f3 adhiriendo al corrimiento y el Movimiento Evita march\u00f3 a la Plaza de Mayo. Los intendentes bonaerenses est\u00e1n alineados desde hace tiempo y el PJ est\u00e1 dominado por el camporismo. Solo exhiben peque\u00f1as dosis de prescindencia los gobernadores peronistas, que dominan en territorios donde el kirchnerismo es mucho m\u00e1s d\u00e9bil, pero que carecen de incentivos para salir de sus dominios. Mientras no haya una figura capaz de desafiar el liderazgo interno de Cristina, ese colectivo est\u00e1 destinado a mantenerse en la irrelevancia. En 2019 se les escap\u00f3 la \u00faltima oportunidad, cuando la Alternativa Federal de&nbsp;<strong>Juan Schiaretti, Miguel \u00c1ngel Pichetto, Sergio Massa<\/strong>&nbsp;y&nbsp;<strong>Juan Urtubey<\/strong>&nbsp;ten\u00eda una decena de gobernadores detr\u00e1s dispuestos a acompa\u00f1arlos y todo se esfum\u00f3 con un video de Cristina.<\/p>\n\n\n\n<p class=\"wp-block-paragraph\">La centralidad de la vicepresidenta tiene dos objetivos confluyentes. El primero y m\u00e1s inmediato es sumar volumen pol\u00edtico para desafiar lo que presume ser\u00e1 un fallo adverso en la causa Vialidad.&nbsp;<strong>\u00bfAcaso alguien se atreve ahora a pronosticar qu\u00e9 podr\u00eda pasar si condenaran a Cristina antes de fin de a\u00f1o?<\/strong>&nbsp;La calle contra los tribunales; otra vez la institucionalidad en juego. El kirchnerismo ha sido eficaz en instalar en ciertos sectores de la sociedad el mensaje de que los magistrados persiguen a su l\u00edder a partir de un dato emp\u00edrico: la Justicia tiene una p\u00e9sima imagen p\u00fablica.&nbsp;<strong>La \u00faltima encuesta de la Universidad de San Andr\u00e9s midi\u00f3 un 82% de insatisfacci\u00f3n con su funcionamiento.<\/strong>&nbsp;Pero pasan por alto que un porcentaje muy alto considera al mismo tiempo que la vicepresidenta cometi\u00f3 actos de corrupci\u00f3n.<\/p>\n\n\n\n<p class=\"wp-block-paragraph\">El segundo objetivo de la vicepresidenta es posicionarse definitivamente como el factor ineludible de la decisi\u00f3n electoral para el pr\u00f3ximo a\u00f1o, ya sea como candidata (La C\u00e1mpora ya debati\u00f3 y resolvi\u00f3 instalar el \u201coperativo clamor\u201d) o como electora.&nbsp;<strong>Una reconstrucci\u00f3n de significado m\u00e1s cercana a la pureza de Unidad Ciudadana de 2017 que a la amplitud del Frente de Todos de 2019.<\/strong>&nbsp;Esa reconstrucci\u00f3n est\u00e1 basada en la \u00e9pica desplegada a partir del pronunciamiento de Luciani. \u201cHab\u00eda una necesidad de salir a expresarse en las calles y nos dieron el motivo\u201d, argumenta un ministro gravitante. Esa necesidad en realidad esconde la frustraci\u00f3n por la falta de soluci\u00f3n ante la grave situaci\u00f3n econ\u00f3mica, un plano mucho m\u00e1s inc\u00f3modo para el kirchnerismo, que siempre prefiri\u00f3 los s\u00edmbolos a los n\u00fameros.<\/p>\n\n\n\n<p class=\"wp-block-paragraph\">Hoy esa gesti\u00f3n, tercerizada en Massa, circula con menos turbulencia, pero igualmente fr\u00e1gil. En el Gobierno admiten que la situaci\u00f3n de las reservas los alarma (reconocen que la \u00fanica salida para evitar un fogonazo es seducir al campo con un d\u00f3lar mejorado, algo a lo que Cristina ya no est\u00e1 tan resistente) y&nbsp;<strong>se preparan para un escenario de mucha tensi\u00f3n entre septiembre y octubre, cuando empiecen a impactar los aumentos de servicios p\u00fablicos.<\/strong>&nbsp;Es improbable que la \u00e9pica alcance entonces.&nbsp;<mark>En La C\u00e1mpora reconocen que el respaldo a Massa sigue sujeto a resultados,<\/mark>&nbsp;y que antes de fin de a\u00f1o evaluar\u00e1n si la econom\u00eda sirve para apuntalar el proyecto electoral.<\/p>\n\n\n\n<figure data-spectra-id=\"spectra-50d85ca0-46a7-47fc-8002-23fd01133c0f\" class=\"wp-block-image\"><img decoding=\"async\" src=\"https:\/\/resizer.glanacion.com\/resizer\/8G6Us3ljWZvczD0ENMLKMrZfA-Y=\/310x0\/filters:format(webp):quality(80)\/cloudfront-us-east-1.images.arcpublishing.com\/lanacionar\/ZBG644KCVJDRDGUMTI3NNSHZEY.JPG\" alt=\"Reuni\u00f3n del PRO en Happening Costanera\" title=\"Un pa\u00eds irremediablemente roto\" \/><figcaption>Reuni\u00f3n del PRO en Happening CostaneraIgnacio S\u00e1nchez<\/figcaption><\/figure>\n\n\n\n<h2 class=\"wp-block-heading\">El impacto en la oposici\u00f3n<\/h2>\n\n\n\n<p class=\"wp-block-paragraph\">Como en todo sistema pol\u00edtico bipolar, los movimientos de un lado repercuten indefectiblemente en el otro.&nbsp;<strong>El almuerzo del mi\u00e9rcoles de la c\u00fapula de Pro fue sencillamente fatal. Larreta y Patricia Bullrich se cruzaron como nunca lo hab\u00edan hecho, ante el silencio salom\u00f3nico de Macri.<\/strong>&nbsp;El jefe porte\u00f1o le imput\u00f3 a la l\u00edder de Pro haber buscado desestabilizarlo cuando cuestion\u00f3 el operativo de seguridad de Recoleta y amag\u00f3 un par de veces con irse de la reuni\u00f3n. \u201cMir\u00e1 si yo hablaba en p\u00fablico cuando me preguntaban por las decisiones de Mauricio cuando era presidente\u201d, le reproch\u00f3. \u201cYo dije lo mismo que te digo hace cuatro a\u00f1os: no ten\u00e9s el control de la calle\u201d, le retruc\u00f3 ella. Ese v\u00ednculo est\u00e1 definitivamente quebrado y derrama sobre todo el partido. \u201c<mark>La sensaci\u00f3n con la que nos fuimos es que ingresamos en una etapa donde todo vale, que ya no hay reglas de competencia como siempre tuvimos<\/mark>\u201d, resumi\u00f3 uno de los referentes del espacio. Quiz\u00e1s Macri pueda hacer una mueca pensando que \u00e9l es capaz de ordenarlo, aunque para eso debe obviar el rechazo que genera en la opini\u00f3n p\u00fablica cada pelea opositora.<\/p>\n\n\n\n<p class=\"wp-block-paragraph\">Cuando Pro se junt\u00f3 a comer en la Costanera, todav\u00eda segu\u00eda rebotando en la coalici\u00f3n el corrimiento de&nbsp;<strong>Facundo Manes<\/strong>&nbsp;del pedido de juicio pol\u00edtico al Presidente por su frase sobre Luciani.&nbsp;<strong>Gerardo Morales<\/strong>, l\u00edder del partido, tambi\u00e9n se opuso.&nbsp;<strong>Mart\u00edn Lousteau<\/strong>, la otra figura radical, qued\u00f3 en el lado opuesto. Nunca hab\u00eda sido tan evidente la falta de rumbo y conducci\u00f3n en JxC como en las \u00faltimas semanas. El presupuesto de base es que ganar\u00e1n el a\u00f1o pr\u00f3ximo y entonces quien se imponga internamente liderar\u00e1 el futuro gobierno. Ese razonamiento puede ser una trampa seductora para evitar elaborar una propuesta para 2023 renovada respecto de la que ofrecieron en 2015, y que no se sustente solo en el antikirchnerismo.&nbsp;<strong>Juntos por el Cambio es hoy m\u00e1s parte del problema que una probable soluci\u00f3n.<\/strong><\/p>\n\n\n\n<p class=\"wp-block-paragraph\"><a href=\"https:\/\/www.lanacion.com.ar\/autor\/jorge-liotti-3011\/\">Jorge Liotti<\/a><\/p>\n\n\n\n<p class=\"wp-block-paragraph\">Fuente:<a href=\"https:\/\/www.lanacion.com.ar\/\"> La Naci\u00f3n<\/a><\/p>","protected":false},"excerpt":{"rendered":"<p>Cristina Kirchner&nbsp;se hab\u00eda dejado llevar otra vez por el tumulto dulce de sus militantes cuando el agresor le apunt\u00f3 con el arma. Le hab\u00edan acercado un libro para firmar, que cay\u00f3 al piso y la distrajo, quiz\u00e1s para darle un instante de inconciencia ante lo que pudo haber sido su final. Cuando el dispar\u00f3 fall\u00f3, [&hellip;]<\/p>\n","protected":false},"author":9,"featured_media":0,"comment_status":"open","ping_status":"open","sticky":false,"template":"","format":"standard","meta":{"site-sidebar-layout":"default","site-content-layout":"","ast-site-content-layout":"default","site-content-style":"default","site-sidebar-style":"default","ast-global-header-display":"","ast-banner-title-visibility":"","ast-main-header-display":"","ast-hfb-above-header-display":"","ast-hfb-below-header-display":"","ast-hfb-mobile-header-display":"","site-post-title":"","ast-breadcrumbs-content":"","ast-featured-img":"","footer-sml-layout":"","ast-disable-related-posts":"","theme-transparent-header-meta":"","adv-header-id-meta":"","stick-header-meta":"","header-above-stick-meta":"","header-main-stick-meta":"","header-below-stick-meta":"","astra-migrate-meta-layouts":"default","ast-page-background-enabled":"default","ast-page-background-meta":{"desktop":{"background-color":"","background-image":"","background-repeat":"repeat","background-position":"center center","background-size":"auto","background-attachment":"scroll","background-type":"","background-media":"","overlay-type":"","overlay-color":"","overlay-opacity":"","overlay-gradient":""},"tablet":{"background-color":"","background-image":"","background-repeat":"repeat","background-position":"center center","background-size":"auto","background-attachment":"scroll","background-type":"","background-media":"","overlay-type":"","overlay-color":"","overlay-opacity":"","overlay-gradient":""},"mobile":{"background-color":"","background-image":"","background-repeat":"repeat","background-position":"center center","background-size":"auto","background-attachment":"scroll","background-type":"","background-media":"","overlay-type":"","overlay-color":"","overlay-opacity":"","overlay-gradient":""}},"ast-content-background-meta":{"desktop":{"background-color":"var(--ast-global-color-5)","background-image":"","background-repeat":"repeat","background-position":"center center","background-size":"auto","background-attachment":"scroll","background-type":"","background-media":"","overlay-type":"","overlay-color":"","overlay-opacity":"","overlay-gradient":""},"tablet":{"background-color":"var(--ast-global-color-5)","background-image":"","background-repeat":"repeat","background-position":"center center","background-size":"auto","background-attachment":"scroll","background-type":"","background-media":"","overlay-type":"","overlay-color":"","overlay-opacity":"","overlay-gradient":""},"mobile":{"background-color":"var(--ast-global-color-5)","background-image":"","background-repeat":"repeat","background-position":"center center","background-size":"auto","background-attachment":"scroll","background-type":"","background-media":"","overlay-type":"","overlay-color":"","overlay-opacity":"","overlay-gradient":""}},"footnotes":""},"categories":[12],"tags":[],"class_list":["post-69768","post","type-post","status-publish","format-standard","hentry","category-opinion"],"spectra_blocks_featured_image_url":null,"spectra_blocks_author_info":{"display_name":"Jorge Alfredo Baret","avatar_url":"https:\/\/secure.gravatar.com\/avatar\/31696f5ca83439b642450ec7d3f82f98451a5efacb414343d5478c982b337f26?s=96&d=mm&r=g","author_link":"https:\/\/100xd.com.ar\/en\/author\/jorge\/","description":"Ingeniero Qu\u00edmico UTN - Director Apoderado de Comunicaciones Auditadas SA. Editor Responsable 100xd.com.ar."},"_links":{"self":[{"href":"https:\/\/100xd.com.ar\/en\/wp-json\/wp\/v2\/posts\/69768","targetHints":{"allow":["GET"]}}],"collection":[{"href":"https:\/\/100xd.com.ar\/en\/wp-json\/wp\/v2\/posts"}],"about":[{"href":"https:\/\/100xd.com.ar\/en\/wp-json\/wp\/v2\/types\/post"}],"author":[{"embeddable":true,"href":"https:\/\/100xd.com.ar\/en\/wp-json\/wp\/v2\/users\/9"}],"replies":[{"embeddable":true,"href":"https:\/\/100xd.com.ar\/en\/wp-json\/wp\/v2\/comments?post=69768"}],"version-history":[{"count":2,"href":"https:\/\/100xd.com.ar\/en\/wp-json\/wp\/v2\/posts\/69768\/revisions"}],"predecessor-version":[{"id":69786,"href":"https:\/\/100xd.com.ar\/en\/wp-json\/wp\/v2\/posts\/69768\/revisions\/69786"}],"wp:attachment":[{"href":"https:\/\/100xd.com.ar\/en\/wp-json\/wp\/v2\/media?parent=69768"}],"wp:term":[{"taxonomy":"category","embeddable":true,"href":"https:\/\/100xd.com.ar\/en\/wp-json\/wp\/v2\/categories?post=69768"},{"taxonomy":"post_tag","embeddable":true,"href":"https:\/\/100xd.com.ar\/en\/wp-json\/wp\/v2\/tags?post=69768"}],"curies":[{"name":"wp","href":"https:\/\/api.w.org\/{rel}","templated":true}]}}