{"id":68982,"date":"2022-08-17T12:16:22","date_gmt":"2022-08-17T15:16:22","guid":{"rendered":"https:\/\/100xd.com.ar\/?p=68982"},"modified":"2022-08-17T12:16:22","modified_gmt":"2022-08-17T15:16:22","slug":"la-argentina-tiene-14-veces-mas-conflictividad-laboral-que-el-resto-del-mundo","status":"publish","type":"post","link":"https:\/\/100xd.com.ar\/en\/la-argentina-tiene-14-veces-mas-conflictividad-laboral-que-el-resto-del-mundo\/","title":{"rendered":"La Argentina tiene 14 veces m\u00e1s conflictividad laboral que el resto del mundo"},"content":{"rendered":"<p class=\"wp-block-paragraph\">C\u00d3RDOBA.- La&nbsp;<a href=\"https:\/\/www.lanacion.com.ar\/politica\/la-cgt-activa-su-primera-protesta-contra-el-gobierno-y-se-teme-por-un-cruce-con-la-izquierda-nid17082022\/\">CGT realiza hoy su primera movilizaci\u00f3n de protesta contra el Gobierno nacional<\/a>. Desde hace algunas semanas, tambi\u00e9n en varias provincias, persisten reclamos de gremios estatales para mejorar salarios que quedaron atrasados por la inflaci\u00f3n. Seg\u00fan datos oficiales, la Argentina registra un alto nivel de conflictos en el \u00e1mbito laboral. En promedio,&nbsp;<mark>entre 2010 y 2020, cada trabajador perdi\u00f3 casi una jornada laboral por a\u00f1o debido a paros, mientras que en el resto del mundo, fue solo media hora.<\/mark><\/p>\n\n\n\n<p class=\"wp-block-paragraph\">Un informe del Instituto de Instituciones Econ\u00f3micas de la<strong>&nbsp;Bolsa de Comercio de C\u00f3rdoba&nbsp;<\/strong>sobre estad\u00edsiticas del Ministerio de Trabajo de la Naci\u00f3n y de la Organizaci\u00f3n Internacional del Trabajo (OIT) se\u00f1ala que la&nbsp;<strong>Argentina fue 14 veces m\u00e1s conflictiva que el promedio mundial<\/strong>. Entre 2010 y 2020, con&nbsp;<strong>200 paros cada 100.000 habitantes<\/strong>,&nbsp;<strong>Santa Cruz<\/strong>&nbsp;lider\u00f3 el ranking en la medici\u00f3n por provincias.<a href=\"https:\/\/www.lanacion.com.ar\/politica\/el-ingrato-momento-de-hacerse-cargo-nid16082022\/\" target=\"_blank\" rel=\"noreferrer noopener\"><em><\/em>EL INGRATO MOMENTO DE HACERSE CARGO<\/a><\/p>\n\n\n\n<p class=\"wp-block-paragraph\">El sector&nbsp;<strong>p\u00fablico<\/strong>&nbsp;-que cuenta con mayor nivel de protecci\u00f3n- fue m\u00e1s conflictivo que el privado. En la d\u00e9cada analizada, en promedio, un empleado estatal&nbsp;<strong>perdi\u00f3 2,3 jornadas<\/strong>&nbsp;de trabajo por a\u00f1o,&nbsp;<strong>16 veces m\u00e1s que un privado<\/strong>.&nbsp;<mark>En comparaci\u00f3n con el mundo, el argentino es 38 veces m\u00e1s conflictivo, seg\u00fan el informe.<\/mark><\/p>\n\n\n\n<p class=\"wp-block-paragraph\">La administraci\u00f3n p\u00fablica, con&nbsp;<strong>3600 paros en diez a\u00f1os fue la m\u00e1s conflictiva<\/strong>&nbsp;en el \u00e1rea estatal. Siguieron la salud p\u00fablica con 1900 y la educaci\u00f3n, con 1300.<\/p>\n\n\n\n<p class=\"wp-block-paragraph\">Por el lado de los&nbsp;<strong>privados<\/strong>, un empleado&nbsp;<strong>perdi\u00f3 en promedio una hora de trabajo por a\u00f1o<\/strong>; entre dos y tres veces m\u00e1s arriba que el mismo c\u00e1lculo a nivel mundial. La \u00fanica actividad privada que tuvo un nivel de conflictividad equivalente a la estatal fue la del&nbsp;<strong>transporte<\/strong>, con 1400 paros; la industria contabiliz\u00f3 900.<\/p>\n\n\n\n<figure data-spectra-id=\"spectra-f9e222dc-96a5-403c-97f7-7bab260bd24c\" class=\"wp-block-image\"><img decoding=\"async\" src=\"https:\/\/resizer.glanacion.com\/resizer\/Nl79VKaxuvQufJdsofGO00UUJUo=\/310x0\/filters:format(webp):quality(80)\/cloudfront-us-east-1.images.arcpublishing.com\/lanacionar\/SR5UO7WAQNA5NPW2WXXBQETKFI.jpg\" alt=\"Los manifestantes reunidos en la 9 de julio para la marcha de la CGT\" title=\"La Argentina tiene 14 veces m\u00e1s conflictividad laboral que el resto del mundo\" \/><figcaption>Los manifestantes reunidos en la 9 de julio para la marcha de la CGTLeo Vaca &#8211; T\u00e9lam<\/figcaption><\/figure>\n\n\n\n<p class=\"wp-block-paragraph\">Entre los privados el&nbsp;<strong>piso de conflictos se registr\u00f3 en 2019<\/strong>&nbsp;y, as\u00ed y todo, la conflictividad fue 50% m\u00e1s alta que en el resto del mundo. Pese a las&nbsp;<strong>restricciones por la pandemia<\/strong>&nbsp;del Covid-19, aument\u00f3 en 2020 y 2021, quebrando la tendencia previa.<\/p>\n\n\n\n<p class=\"wp-block-paragraph\">El reporte enfatiza el rol en la conflictividad del&nbsp;<strong>deterioro del salario real<\/strong>&nbsp;por la inflaci\u00f3n; en 2019, el 35% de los conflictos privados fueron a nivel nacional; esa cifra se duplic\u00f3 (73%) en los \u00faltimos dos a\u00f1os.<\/p>\n\n\n\n<p class=\"wp-block-paragraph\">Por ejemplo, un c\u00e1lculo del&nbsp;<strong>Instituto Argentino de An\u00e1lisis Fiscal<\/strong>&nbsp;(Iaraf) marca que&nbsp;<a href=\"https:\/\/www.lanacion.com.ar\/economia\/los-trabajadores-informales-perdieron-casi-un-ano-de-salario-en-los-ultimos-52-meses-nid30062022\/\">en los \u00faltimos 52 meses (desde enero de 2018 a junio pasado)&nbsp;<\/a>los&nbsp;<strong>trabajadores privados formales llevan perdidos el equivalente a siete sueldos; los p\u00fablicos, a 8,5 sueldos<\/strong>&nbsp;y los informales, a pr\u00e1cticamente once sueldos, o sea, a casi un a\u00f1o entero de ingresos.<\/p>\n\n\n\n<h2 class=\"wp-block-heading\"><strong>Por distrito<\/strong><\/h2>\n\n\n\n<p class=\"wp-block-paragraph\">El an\u00e1lisis por jurisdicci\u00f3n marca que la&nbsp;<strong>provincia de Buenos Aires<\/strong>&nbsp;fue la que concentr\u00f3 m\u00e1s protestas, con&nbsp;<strong>1800 paros&nbsp;<\/strong>registrados entre 2000 y 2020. El pico fue entre 2012-2015, con una elevada injerencia del sector p\u00fablico provincial (coincide con la segunda gobernaci\u00f3n de Daniel Scioli). Pero, por el volumen de poblaci\u00f3n el indicador bonaerense cada 100.000 habitantes es de los m\u00e1s bajos del pa\u00eds.<a href=\"https:\/\/www.lanacion.com.ar\/politica\/gregorio-dalbon-tuiteo-una-foto-de-una-manifestacion-minuscula-a-favor-de-cristina-kirchner-frente-a-nid16082022\/\" target=\"_blank\" rel=\"noreferrer noopener\"><em><\/em>GREGORIO DALB\u00d3N TUITE\u00d3 UNA FOTO DE UNA MANIFESTACI\u00d3N MIN\u00daSCULA A FAVOR DE CRISTINA KIRCHNER FRENTE A COMODORO PY<\/a><\/p>\n\n\n\n<p class=\"wp-block-paragraph\"><strong>Mendoza, la Ciudad de Buenos Aires, Santa Fe y C\u00f3rdoba<\/strong>, tambi\u00e9n cuentan con una cantidad de conflictos cada 100.000 habitantes debajo del promedio del pa\u00eds: 9, 18, 19 y 21, respectivamente.<\/p>\n\n\n\n<p class=\"wp-block-paragraph\"><strong>Santa Cruz<\/strong>, en cambio, es la\u00a0<strong>m\u00e1s conflictiva en t\u00e9rminos relativos<\/strong>, 208 paros cada 100.000 habitantes. En esta provincia, 500 de los 700 paros de la d\u00e9cada fueron en el sector estatal.\u00a0<strong>Tierra del Fuego y Chubut<\/strong>, con alrededor de 100 conflictos cada 100.000 personas, le siguen al distrito administrado por\u00a0<strong>Alicia Kirchner<\/strong>.<\/p>\n\n\n\n<p class=\"wp-block-paragraph\"><a href=\"https:\/\/www.lanacion.com.ar\/autor\/gabriela-origlia-6972\/\">Gabriela Origlia<\/a><\/p>\n\n\n\n<p class=\"wp-block-paragraph\">Fuente: <a href=\"https:\/\/www.lanacion.com.ar\/\">La Naci\u00f3n<\/a><\/p>","protected":false},"excerpt":{"rendered":"<p>C\u00d3RDOBA.- La&nbsp;CGT realiza hoy su primera movilizaci\u00f3n de protesta contra el Gobierno nacional. Desde hace algunas semanas, tambi\u00e9n en varias provincias, persisten reclamos de gremios estatales para mejorar salarios que quedaron atrasados por la inflaci\u00f3n. Seg\u00fan datos oficiales, la Argentina registra un alto nivel de conflictos en el \u00e1mbito laboral. En promedio,&nbsp;entre 2010 y 2020, [&hellip;]<\/p>\n","protected":false},"author":9,"featured_media":0,"comment_status":"open","ping_status":"open","sticky":false,"template":"","format":"standard","meta":{"site-sidebar-layout":"default","site-content-layout":"","ast-site-content-layout":"default","site-content-style":"default","site-sidebar-style":"default","ast-global-header-display":"","ast-banner-title-visibility":"","ast-main-header-display":"","ast-hfb-above-header-display":"","ast-hfb-below-header-display":"","ast-hfb-mobile-header-display":"","site-post-title":"","ast-breadcrumbs-content":"","ast-featured-img":"","footer-sml-layout":"","ast-disable-related-posts":"","theme-transparent-header-meta":"","adv-header-id-meta":"","stick-header-meta":"","header-above-stick-meta":"","header-main-stick-meta":"","header-below-stick-meta":"","astra-migrate-meta-layouts":"default","ast-page-background-enabled":"default","ast-page-background-meta":{"desktop":{"background-color":"","background-image":"","background-repeat":"repeat","background-position":"center center","background-size":"auto","background-attachment":"scroll","background-type":"","background-media":"","overlay-type":"","overlay-color":"","overlay-opacity":"","overlay-gradient":""},"tablet":{"background-color":"","background-image":"","background-repeat":"repeat","background-position":"center center","background-size":"auto","background-attachment":"scroll","background-type":"","background-media":"","overlay-type":"","overlay-color":"","overlay-opacity":"","overlay-gradient":""},"mobile":{"background-color":"","background-image":"","background-repeat":"repeat","background-position":"center center","background-size":"auto","background-attachment":"scroll","background-type":"","background-media":"","overlay-type":"","overlay-color":"","overlay-opacity":"","overlay-gradient":""}},"ast-content-background-meta":{"desktop":{"background-color":"var(--ast-global-color-5)","background-image":"","background-repeat":"repeat","background-position":"center center","background-size":"auto","background-attachment":"scroll","background-type":"","background-media":"","overlay-type":"","overlay-color":"","overlay-opacity":"","overlay-gradient":""},"tablet":{"background-color":"var(--ast-global-color-5)","background-image":"","background-repeat":"repeat","background-position":"center center","background-size":"auto","background-attachment":"scroll","background-type":"","background-media":"","overlay-type":"","overlay-color":"","overlay-opacity":"","overlay-gradient":""},"mobile":{"background-color":"var(--ast-global-color-5)","background-image":"","background-repeat":"repeat","background-position":"center center","background-size":"auto","background-attachment":"scroll","background-type":"","background-media":"","overlay-type":"","overlay-color":"","overlay-opacity":"","overlay-gradient":""}},"footnotes":""},"categories":[2],"tags":[],"class_list":["post-68982","post","type-post","status-publish","format-standard","hentry","category-politica"],"spectra_blocks_featured_image_url":null,"spectra_blocks_author_info":{"display_name":"Jorge Alfredo Baret","avatar_url":"https:\/\/secure.gravatar.com\/avatar\/31696f5ca83439b642450ec7d3f82f98451a5efacb414343d5478c982b337f26?s=96&d=mm&r=g","author_link":"https:\/\/100xd.com.ar\/en\/author\/jorge\/","description":"Ingeniero Qu\u00edmico UTN - Director Apoderado de Comunicaciones Auditadas SA. Editor Responsable 100xd.com.ar."},"_links":{"self":[{"href":"https:\/\/100xd.com.ar\/en\/wp-json\/wp\/v2\/posts\/68982","targetHints":{"allow":["GET"]}}],"collection":[{"href":"https:\/\/100xd.com.ar\/en\/wp-json\/wp\/v2\/posts"}],"about":[{"href":"https:\/\/100xd.com.ar\/en\/wp-json\/wp\/v2\/types\/post"}],"author":[{"embeddable":true,"href":"https:\/\/100xd.com.ar\/en\/wp-json\/wp\/v2\/users\/9"}],"replies":[{"embeddable":true,"href":"https:\/\/100xd.com.ar\/en\/wp-json\/wp\/v2\/comments?post=68982"}],"version-history":[{"count":1,"href":"https:\/\/100xd.com.ar\/en\/wp-json\/wp\/v2\/posts\/68982\/revisions"}],"predecessor-version":[{"id":68984,"href":"https:\/\/100xd.com.ar\/en\/wp-json\/wp\/v2\/posts\/68982\/revisions\/68984"}],"wp:attachment":[{"href":"https:\/\/100xd.com.ar\/en\/wp-json\/wp\/v2\/media?parent=68982"}],"wp:term":[{"taxonomy":"category","embeddable":true,"href":"https:\/\/100xd.com.ar\/en\/wp-json\/wp\/v2\/categories?post=68982"},{"taxonomy":"post_tag","embeddable":true,"href":"https:\/\/100xd.com.ar\/en\/wp-json\/wp\/v2\/tags?post=68982"}],"curies":[{"name":"wp","href":"https:\/\/api.w.org\/{rel}","templated":true}]}}