{"id":66704,"date":"2022-06-26T14:17:48","date_gmt":"2022-06-26T17:17:48","guid":{"rendered":"https:\/\/100xd.com.ar\/?p=66704"},"modified":"2022-06-26T14:17:48","modified_gmt":"2022-06-26T17:17:48","slug":"el-capitan-entregado-de-un-barco-a-la-deriva","status":"publish","type":"post","link":"https:\/\/100xd.com.ar\/en\/el-capitan-entregado-de-un-barco-a-la-deriva\/","title":{"rendered":"El capit\u00e1n entregado de un barco a la deriva"},"content":{"rendered":"<p class=\"wp-block-paragraph\">La reuni\u00f3n de gobernadores de anteayer en el Chaco hab\u00eda sido convocada originalmente para discutir el futuro de la hidrov\u00eda y solo estaba prevista la presencia de los mandatarios del norte. Folklore septentrional. Pero en la semana intervino&nbsp;<strong>Cristina Kirchner<\/strong>, que a falta de lapicera tiene el don de la interpelaci\u00f3n, y a trav\u00e9s de&nbsp;<strong>Jorge Capitanich<\/strong>&nbsp;y&nbsp;<strong>Axel Kicillof<\/strong>&nbsp;(una dupla para seguir de cerca) forj\u00f3 un segundo c\u00f3nclave. Por eso despu\u00e9s del almuerzo se nuclearon representantes de 14 provincias para firmar un acta constitutiva de una nueva liga de gobernadores y plantear demandas a la Casa Rosada, con eje en la lucha contra la inflaci\u00f3n, el faltante de gasoil y el traspaso de los planes sociales.&nbsp;<mark>Una demostraci\u00f3n de fuerza, no expl\u00edcitamente contra el Gobierno, pero claramente sin el Gobierno.<\/mark><\/p>\n\n\n\n<p class=\"wp-block-paragraph\">Algunos caudillos estaban inc\u00f3modos con la coloratura que hab\u00eda tomado el encuentro y advirtieron de su presencia a operadores de&nbsp;<strong>Alberto Fern\u00e1ndez<\/strong>, los mismos que hace un mes hab\u00edan logrado desactivar una reuni\u00f3n similar en el CFI a base de promesas de cambio. Uno de los gestores exitosos de aquella vez reconoci\u00f3: \u201cLo mismo que plantearon en el Chaco se lo ven\u00edan diciendo a Alberto desde hace tiempo. Lo que pasa es que nunca les dimos respuesta. Ahora avisaron y fueron.&nbsp;<strong>Alberto ya no los puede frenar m\u00e1s;&nbsp;<\/strong>por eso esta vez no se hicieron esfuerzos para abortar la cumbre. Ya no hay margen\u201d.<\/p>\n\n\n\n<figure data-spectra-id=\"spectra-3b96a8cf-2204-424b-bcc9-eddfd4156938\" class=\"wp-block-image\"><img decoding=\"async\" src=\"https:\/\/resizer.glanacion.com\/resizer\/qciu_BHWAcP6pKb3aPuvFyE6gwk=\/310x0\/filters:format(webp):quality(80)\/cloudfront-us-east-1.images.arcpublishing.com\/lanacionar\/7HCKTRTM45CYTLZ4RUSGA4ZV7M.jpg\" alt=\".\" title=\"El capit\u00e1n entregado de un barco a la deriva\" \/><figcaption>.<\/figcaption><\/figure>\n\n\n\n<p class=\"wp-block-paragraph\">Este episodio cerr\u00f3 una semana en la que, quiz\u00e1s como pocas veces antes,&nbsp;<strong>exhibi\u00f3 al Presidente en un peligroso estado de ausencia, distante de las din\u00e1micas de su propio espacio pol\u00edtico y de su gobierno<\/strong>.<strong>&nbsp;Transmiti\u00f3 una sensaci\u00f3n de ciclo terminado<\/strong>; ese momento cr\u00edtico de un mandatario en el que solo aspira a discurrir, sin herramientas para torcer rumbos. Un funcionario muy cercano a \u00e9l reflej\u00f3 el delicado momento: \u201c<mark>Est\u00e1 corrido de la gesti\u00f3n, no llama m\u00e1s a los ministros. Pero tenemos que trabajar para que llegue bien\u201d<\/mark>. En el kirchnerismo, en cambio, son impiadosos. Cuando se les pregunta si no hay riesgos institucionales al tensar tanto la interna minimizan el planteo y responden: \u201c\u00c9l arregl\u00f3 con el FMI; que el FMI lo ayude. El FMI no puede permitir que la Argentina caiga. Los riesgos existen, pero nosotros no queremos que nada se precipite\u201d.<\/p>\n\n\n\n<p class=\"wp-block-paragraph\">Si bien el Presidente est\u00e1 mucho m\u00e1s desinhibido para denostar a su vice, quienes lo conocen personalmente admiten que en su fuero interno baj\u00f3 la persiana. Quiz\u00e1s nada simbolice mejor ese estado de pensamiento que&nbsp;<strong>la decisi\u00f3n de ir tomando notas de sus vivencias diarias con la idea futura de elaborar un libro de memorias<\/strong>, tal como cuenta Santiago Dapelo en esta edici\u00f3n.<\/p>\n\n\n\n<p class=\"wp-block-paragraph\"><mark>As\u00ed, lateralmente, se gest\u00f3 el anuncio que ma\u00f1ana har\u00e1n Econom\u00eda, Desarrollo Productivo y el Banco Central para establecer un esquema de \u201cadministraci\u00f3n de importaciones\u201d<\/mark>. Quienes est\u00e1n al tanto de los secretos de la presentaci\u00f3n aseguran que \u201cla idea no es cerrar todo, sino establecer un esquema de prioridades, privilegiando a las pymes, los insumos, la energ\u00eda, los fertilizantes y todo lo que tenga que ver con el gasoducto\u201d. Tambi\u00e9n habr\u00e1 un esquema para que quienes puedan financien las compras y reci\u00e9n obtengan divisas a los 180 d\u00edas. \u201cNo hay un festival de importaciones, pero s\u00ed mucha especulaci\u00f3n por la brecha cambiaria\u201d, aclaran en el Gobierno, sin evitar que se note mucho que la medida se aceler\u00f3 tras el discurso de Cristina, quien tambi\u00e9n tiene el don b\u00edblico de transformar las palabras en acci\u00f3n.<\/p>\n\n\n\n<figure data-spectra-id=\"spectra-11be3b00-ed00-4e0f-bded-a17d3a4fc9d9\" class=\"wp-block-image\"><img decoding=\"async\" src=\"https:\/\/resizer.glanacion.com\/resizer\/u_avgFL0AYZwtpgmkguv86xvq-A=\/310x0\/filters:format(webp):quality(80)\/cloudfront-us-east-1.images.arcpublishing.com\/lanacionar\/CJJULYWHKFHEJE4HJA2R2DMPDA.jpg\" alt=\"Scioli, Pesce y Guzm\u00e1n\" title=\"El capit\u00e1n entregado de un barco a la deriva\" \/><figcaption>Scioli, Pesce y Guzm\u00e1n<\/figcaption><\/figure>\n\n\n\n<p class=\"wp-block-paragraph\">Alberto deja hacer, confiado en que un repunte econ\u00f3mico redundar\u00e1 en su consolidaci\u00f3n pol\u00edtica. Frente a sus interlocutores siempre busca mostrarse optimista y esperanzado en la recuperaci\u00f3n que le promete&nbsp;<strong>Mart\u00edn Guzm\u00e1n<\/strong>, a pesar de que todos pronostican un segundo semestre tortuoso.&nbsp;<mark>Incluso al propio ministro lo han visto por primera vez \u201crendido\u201d<\/mark>&nbsp;ante la constataci\u00f3n de que se le adelant\u00f3 la presi\u00f3n de los mercados que \u00e9l preve\u00eda para el a\u00f1o pr\u00f3ximo.<\/p>\n\n\n\n<p class=\"wp-block-paragraph\"><strong>Alberto Fern\u00e1ndez qued\u00f3 ahora en un inc\u00f3modo no-lugar.&nbsp;<\/strong>Tras la crisis por el acuerdo con el FMI en febrero, sostuvo un largo per\u00edodo de resistencia ante su vice, sin responder sus cr\u00edticas ni hacerle caso, en la convicci\u00f3n de que as\u00ed mostraba fortaleza. Al constatar que \u00e9l tambi\u00e9n se debilitaba con esa estrategia busc\u00f3 un reacercamiento, que tuvo en el acto de YPF un intento de escenificaci\u00f3n. Curiosamente, el Presidente se qued\u00f3 con una buena sensaci\u00f3n de ese reencuentro, a pesar de todo lo que le dijo Cristina esa noche. Pero esa ef\u00edmera \u201cOstpolitik\u201d termin\u00f3 de colapsar el lunes, cuando en Avellaneda la vicepresidenta clarific\u00f3 que no solo no hay reconciliaci\u00f3n posible sino que inici\u00f3 una fase activa de construcci\u00f3n pol\u00edtica aut\u00f3noma, simbolizada en la idea de reflotar Unidad Ciudadana. Parte de ese esp\u00edritu aperturista modelo 2018 qued\u00f3 reflejado en su reuni\u00f3n con&nbsp;<strong>Carlos Melconian<\/strong>&nbsp;(aunque escuche a muchos economistas, su mirada solo est\u00e1 signada por Kicillof)\u00ac y en el llamado que le hizo el viernes a&nbsp;<strong>H\u00e9ctor Daer<\/strong>, un hombre de la otra orilla.&nbsp;<mark>Todas se\u00f1ales que reactivaron las especulaciones sobre una Cristina candidata, pese a que su debilidad pol\u00edtica tambi\u00e9n es muy ostensible<\/mark>&nbsp;(siempre las decisiones de la Justicia act\u00faan como predictores certeros).<\/p>\n\n\n\n<figure data-spectra-id=\"spectra-2a78062c-6b24-4f43-8d74-867339d28aa0\" class=\"wp-block-image\"><img decoding=\"async\" src=\"https:\/\/resizer.glanacion.com\/resizer\/kR9nJvZU5ql1OKY-005DOzWdeXE=\/310x0\/filters:format(webp):quality(80)\/cloudfront-us-east-1.images.arcpublishing.com\/lanacionar\/NZV7EGPZTZHTXASTGKPP6DJNQQ.jpg\" alt=\".\" title=\"El capit\u00e1n entregado de un barco a la deriva\" \/><figcaption>.<\/figcaption><\/figure>\n\n\n\n<h2 class=\"wp-block-heading\">La ofrenda a los territoriales<\/h2>\n\n\n\n<p class=\"wp-block-paragraph\">La ofrenda de reconciliaci\u00f3n con los alcaldes, hist\u00f3ricamente recelosos del kirchnerismo, fue la propuesta de traspasarles el manejo de los Potenciar Trabaja que hoy administran los movimientos sociales. Se trata de un viejo reclamo de los intendentes y de los gobernadores, que&nbsp;<mark>hace una d\u00e9cada controlaban un 80% de esos beneficios y hoy apenas llegan al 17%<\/mark>. En la misma movida, le plant\u00f3 una amenaza cierta al Movimiento Evita, la organizaci\u00f3n que mayor cantidad de planes maneja. Ella nunca le perdon\u00f3 a&nbsp;<strong>Emilio P\u00e9rsico<\/strong>&nbsp;y al&nbsp;<strong>Chino Navarro<\/strong>&nbsp;que hayan contribuido con su derrota en 2017 al apoyar a&nbsp;<strong>Florencio Randazzo<\/strong>. La misma raz\u00f3n por la que maldice a Alberto Fern\u00e1ndez. Paradojas de la historia, el Potenciar Trabaja fue creado en 2009 (en ese momento Argentina Trabaja), en su primer mandato como presidenta, cuando esos mismos l\u00edderes sociales le llevaron la propuesta a un&nbsp;<strong>N\u00e9stor Kirchner<\/strong>&nbsp;furioso con los intendentes que lo hab\u00edan traicionado en la elecci\u00f3n contra&nbsp;<strong>Francisco De Narv\u00e1ez<\/strong>. Ahora se invirtieron las alianzas.<\/p>\n\n\n\n<p class=\"wp-block-paragraph\">Dos d\u00edas despu\u00e9s del discurso de Cristina,&nbsp;<strong>Juan Zabaleta<\/strong>&nbsp;hizo saber que les sacar\u00edan 180.000 planes a los movimientos para pas\u00e1rselos a las provincias y a los municipios. En realidad ten\u00eda previsto anunciarlo la semana anterior como corolario de las dos consignas centrales de su gesti\u00f3n: no aumentar la cantidad de asignaciones y flexibilizar el cambio de las unidades de gesti\u00f3n donde los beneficiarios deben registrar el trabajo realizado. Es una cruzada con la que apunta al Polo Obrero y las organizaciones de izquierda que son las que regularmente realizan piquetes urbanos. El ministro est\u00e1 convencido de que sus dirigentes, con&nbsp;<strong>Eduardo Belliboni<\/strong>&nbsp;a la cabeza, instalan la idea entre sus bases de que no deben trabajar para recibir el plan. Por el contrario, resalta la tarea territorial del Movimiento Evita (pese a su tensi\u00f3n con P\u00e9rsico), una manera de evitar que se interprete que est\u00e1 afectando a la base territorial de Fern\u00e1ndez.<\/p>\n\n\n\n<figure data-spectra-id=\"spectra-15c24bc7-8149-4ebb-a70f-d0264cca2a89\" class=\"wp-block-image\"><img decoding=\"async\" src=\"https:\/\/resizer.glanacion.com\/resizer\/mV5MD8CmsatrQRrGc3XOsWXFxoM=\/310x0\/filters:format(webp):quality(80)\/cloudfront-us-east-1.images.arcpublishing.com\/lanacionar\/ASD45UHWBBBH3EANKDZB54MDIU.JPG\" alt=\"Dirigentes de movimientos sociales junto al Ministro de Econom\u00eda Mart\u00edn Guzm\u00e1n, el Ministro de Dasarrollo Juan Zabaleta y el intendente de Almirante Brown Juan Fabiani recorrieron el 1\u00b0 Polo Productivo de Trabajo de la Federaci\u00f3n Uni\u00f3n Nacional de Cooperativas Argentina de Trabajo\" title=\"El capit\u00e1n entregado de un barco a la deriva\" \/><figcaption>Dirigentes de movimientos sociales junto al Ministro de Econom\u00eda Mart\u00edn Guzm\u00e1n, el Ministro de Dasarrollo Juan Zabaleta y el intendente de Almirante Brown Juan Fabiani recorrieron el 1\u00b0 Polo Productivo de Trabajo de la Federaci\u00f3n Uni\u00f3n Nacional de Cooperativas Argentina de TrabajoMinisterio de Econom\u00eda<\/figcaption><\/figure>\n\n\n\n<p class=\"wp-block-paragraph\">Sin embargo, al atrasarse unos d\u00edas el anuncio, Cristina se cruz\u00f3 en el medio y ti\u00f1\u00f3 todo con su embestida contra P\u00e9rsico y sus muchachos. Por eso cuando se conoci\u00f3 la medida, se pusieron en guardia.&nbsp;<mark>\u201cQue nos saquen los planes y van a ver qu\u00e9 pasa en las calles\u201d<\/mark>, amenaz\u00f3 uno de los l\u00edderes de una agrupaci\u00f3n hermana. En el Movimiento Evita hay cierta desilusi\u00f3n con el Presidente porque les prometi\u00f3 un Ministerio de la Econom\u00eda Popular, que ya pas\u00f3 al olvido. \u201cEl traspaso es una se\u00f1al de alerta para nosotros, aunque ahora digan que no nos van a sacar planes.&nbsp;<strong>Cuando necesitaron apoyo en las calles estuvimos, y en la pandemia fuimos nosotros los que contuvimos en lugares donde nadie quer\u00eda entrar<\/strong>\u201d, mascullan con bronca. Tambi\u00e9n recuerdan que hace un par de semanas P\u00e9rsico le hizo llegar el mensaje a Fern\u00e1ndez de que evaluar\u00edan otras opciones electorales si no demostraba mayor musculatura pol\u00edtica. Reconocen ahora que las protestas del Polo Obrero contribuyeron a instalar en amplios sectores sociales la idea de los \u201cplaneros haraganes\u201d y que eso los perjudic\u00f3. Y agregan: \u201cEsto es porque La C\u00e1mpora quiere manejar una caja que hasta ahora no administra (s\u00ed lo hace con el programa Alimentar, en manos de&nbsp;<strong>Laura Alonso<\/strong>) y porque nosotros representamos una amenaza territorial para algunos intendentes\u201d. Pocos d\u00edas antes hab\u00edan blanqueado que avanzaban en la construcci\u00f3n de un partido propio junto a la CCC y Barrios de Pie, cuyo principal emblema es la candidatura de la esposa de P\u00e9rsico,&nbsp;<strong>Patricia Cubria<\/strong>, nada menos que en La Matanza.<\/p>\n\n\n\n<p class=\"wp-block-paragraph\">\u201cEn realidad Juanchi ya ten\u00eda esta idea desde hace tiempo, cuando flexibiliz\u00f3 los pases de unidades ejecutoras. Cristina se anticip\u00f3 y le dio sentido pol\u00edtico.&nbsp;<strong>\u00bfAlberto? Estuvo al tanto de todo. No lo entusiasma, pero ya no puede evitarlo<\/strong>, aunque sepa que le tensiona la relaci\u00f3n con el Evita\u201d, comenta un funcionario al tanto de la jugada. Otra vez emergi\u00f3 el presidente impotente ante las movidas de su rival, pero con dos agravantes clave. Uno,&nbsp;<strong>tanto la liga que se arm\u00f3 en el Chaco como el traspaso de los planes cristalizan un corrimiento de sus aliados originales<\/strong>, gobernadores e intendentes, que en muchos casos no simpatizan con el kirchnerismo, pero que en la proyecci\u00f3n electoral hacia 2023 no encuentran ninguna perspectiva en las charlas que tienen con el Presidente en Olivos. Es notable c\u00f3mo a\u00fan siguen escaldados con el kirchnerismo, aunque otra vez sigan sus pasos. Tambi\u00e9n cu\u00e1nto le ha costado al peronismo tradicional no haber podido encontrar una figura que supere en adhesiones a los Kirchner en casi 20 a\u00f1os, m\u00e1s all\u00e1 de los transitorios triunfos legislativos de De Narv\u00e1ez y&nbsp;<strong>Sergio Massa<\/strong>.&nbsp;<mark>Los gobernadores solo quieren evitar que el declive econ\u00f3mico los arrastre<\/mark>; la pelea entre Alberto y Cristina es para ellos un problema del conurbano.&nbsp;<mark>Los intendentes, no tienen otra salida que acordar con La C\u00e1mpora.<\/mark><\/p>\n\n\n\n<figure data-spectra-id=\"spectra-2e1af52a-482f-4f4a-a2e8-78ea92152679\" class=\"wp-block-image\"><img decoding=\"async\" src=\"https:\/\/resizer.glanacion.com\/resizer\/0w6gbER0uOO4NfmVTYZs18RB3Zg=\/310x0\/filters:format(webp):quality(80)\/cloudfront-us-east-1.images.arcpublishing.com\/lanacionar\/SA6XRG7FKVHXLEE6IZSXJNOUWM.JPG\" alt=\"M\u00e1ximo Kirchner junto a Gabriel Katopodis en San Mart\u00edn por el homenaje a los Fusilados de Jos\u00e9 Le\u00f3n Su\u00e1rez\" title=\"El capit\u00e1n entregado de un barco a la deriva\" \/><figcaption>M\u00e1ximo Kirchner junto a Gabriel Katopodis en San Mart\u00edn por el homenaje a los Fusilados de Jos\u00e9 Le\u00f3n Su\u00e1rez<\/figcaption><\/figure>\n\n\n\n<p class=\"wp-block-paragraph\">El otro agravante est\u00e1 simbolizado en el corrimiento sutil que experimentan los tres ministros territoriales, Zabaleta,&nbsp;<strong>Jorge Ferraresi<\/strong>&nbsp;y<strong>&nbsp;Gabriel Katopodis<\/strong>. El primero, hace un tiempo el funcionario que con m\u00e1s \u00e9nfasis promov\u00eda la emancipaci\u00f3n de Fern\u00e1ndez, qued\u00f3 agotado de los sinsabores sin respuestas y hace un mes se reuni\u00f3 tres horas con Cristina. \u00c9l desmiente que all\u00ed se haya terminado de cerrar el anuncio de esta semana, pero s\u00ed es cierto que tambi\u00e9n piensa en su futuro y muchas veces act\u00faa como el intendente que todav\u00eda es. Y&nbsp;<mark>al igual que otros jefes comunales vislumbra que el armado en la provincia de Buenos Aires es inescindible del kirchnerismo.&nbsp;<\/mark>No es muy distinto a lo que ocurri\u00f3 con Ferraresi, quien amag\u00f3 con albertizarse, pero volvi\u00f3 al origen y termin\u00f3 siendo un feliz anfitri\u00f3n del acto del lunes. Lo mismo que Katopodis, quien m\u00e1s silenciosamente tambi\u00e9n fue desconectando sus esfuerzos por relanzar la gesti\u00f3n.&nbsp;<strong>En la Casa Rosada admiten que los tres ministros territoriales han perdido fluidez en el trato con Fern\u00e1ndez, una merma sensible<\/strong>. Son los mismos que hasta diciembre se reun\u00edan los lunes para almorzar en Olivos y dise\u00f1ar estrategias con el Presidente,&nbsp;<strong>Santiago Cafiero<\/strong>&nbsp;y&nbsp;<strong>Juan Manzur<\/strong>. Ese ejercicio de interlocuci\u00f3n se mud\u00f3 al Congreso y a la provincia de Buenos Aires. Hoy Alberto Fern\u00e1ndez se referencia solo en cinco personas: Cafiero,&nbsp;<strong>Julio Vitobello, Vilma Ibarra, Juan Manuel Olmos<\/strong>&nbsp;y&nbsp;<strong>Gabriela Cerruti<\/strong>&nbsp;(adem\u00e1s del di\u00e1logo inevitablemente diario con Guzm\u00e1n). Como ironiza un colega,&nbsp;<strong>los \u201ccaballeros de la mesa ratona\u201d.&nbsp;<\/strong>En septiembre, en plena crisis post PASO por las renuncias de ministros, el mismo Presidente hab\u00eda nucleado a una veintena de funcionarios que se alistaron para protegerlo ante el desaf\u00edo kirchnerista.<\/p>\n\n\n\n<p class=\"wp-block-paragraph\">Las postales que arroj\u00f3 la semana reflejan un estado de descomposici\u00f3n agravado en el Gobierno. Guzm\u00e1n es muy cr\u00edtico con los manejos de&nbsp;<strong>Miguel Pesce<\/strong>, quien a su vez cuestiona a los ministros econ\u00f3micos.&nbsp;<strong>Wado de Pedro<\/strong>&nbsp;busca zurcir detr\u00e1s de escena, pero baj\u00f3 el perfil ante la admisi\u00f3n del caos de la gesti\u00f3n. A un dirigente que lo visit\u00f3 en estos d\u00edas Manzur le transmiti\u00f3 su malestar con Guzm\u00e1n por la ausencia de reacci\u00f3n frente al faltante de gasoil en varias provincias, cr\u00edtica compartida por&nbsp;<strong>Juli\u00e1n Dom\u00ednguez<\/strong>. En sus charlas Massa fue mucho m\u00e1s duro: \u201cLos transportistas le golpean la puerta a&nbsp;<strong>Guerrera (Alexis<\/strong>, ministro de Transporte), por qu\u00e9 no van a reclamarle a Energ\u00eda y a Econom\u00eda. Que Guzm\u00e1n haga algo\u201d. Ayer Guerrera cr\u00edtico con nombre y apellido al secretario de Energ\u00eda. El presidente de la C\u00e1mara de Diputados tambi\u00e9n atraviesa un momento de tensa ambivalencia, e&nbsp;<mark>incluso dej\u00f3 trascender que present\u00f3 su renuncia al cargo hace un mes.<\/mark>&nbsp;Promete pronunciamientos fuertes en el congreso del Frente Renovador dentro de un par de semanas, pero acept\u00f3 viajar con el Presidente a Munich. Gan\u00f3 un lugar clave con el nombramiento de&nbsp;<strong>Guillermo Michel<\/strong>&nbsp;en la Aduana y habl\u00f3 con&nbsp;<strong>Daniel Scioli&nbsp;<\/strong>para recomponer, pero se lo nota inc\u00f3modo con las irresoluciones. Se queja porque sus charlas con Fern\u00e1ndez no se traducen en hechos. Pero a diferencia de otros, sigue cerca del Presidente. Cen\u00f3 el martes con \u00e9l y desayun\u00f3 el mi\u00e9rcoles. Mantiene expectativas.<\/p>\n\n\n\n<p class=\"wp-block-paragraph\">Alberto Fern\u00e1ndez estar\u00e1 hoy en Alemania y podr\u00e1 compartir penurias con los principales l\u00edderes mundiales.&nbsp;<strong>A ninguno de ellos les va muy bien.<\/strong>&nbsp;A veces el consuelo es sanador.<\/p>\n\n\n\n<figure data-spectra-id=\"spectra-32fda5fe-41b1-42e5-afa7-e59935698f84\" class=\"wp-block-image\"><img decoding=\"async\" src=\"https:\/\/resizer.glanacion.com\/resizer\/46nNJmWhFrtRZhoaCrDbUscbJs4=\/310x0\/filters:format(webp):quality(80)\/cloudfront-us-east-1.images.arcpublishing.com\/lanacionar\/EM7ZMKXAKFCUHK4MMU7DG3X5XY.jpg\" alt=\"Alberto Fern\u00e1ndez, Sergio Massa y Santiago Cafiero, en el avi\u00f3n, antes de partir hacia Alemania\" title=\"El capit\u00e1n entregado de un barco a la deriva\" \/><figcaption>Alberto Fern\u00e1ndez, Sergio Massa y Santiago Cafiero, en el avi\u00f3n, antes de partir hacia AlemaniaPresidencia<\/figcaption><\/figure>\n\n\n\n<p class=\"wp-block-paragraph\"><a href=\"https:\/\/www.lanacion.com.ar\/autor\/jorge-liotti-3011\/\">Jorge Liotti<\/a><\/p>\n\n\n\n<p class=\"wp-block-paragraph\">Fuente:<a href=\"https:\/\/www.lanacion.com.ar\/\"> La Naci\u00f3n<\/a><\/p>","protected":false},"excerpt":{"rendered":"<p>La reuni\u00f3n de gobernadores de anteayer en el Chaco hab\u00eda sido convocada originalmente para discutir el futuro de la hidrov\u00eda y solo estaba prevista la presencia de los mandatarios del norte. Folklore septentrional. Pero en la semana intervino&nbsp;Cristina Kirchner, que a falta de lapicera tiene el don de la interpelaci\u00f3n, y a trav\u00e9s de&nbsp;Jorge Capitanich&nbsp;y&nbsp;Axel [&hellip;]<\/p>\n","protected":false},"author":9,"featured_media":0,"comment_status":"open","ping_status":"open","sticky":false,"template":"","format":"standard","meta":{"site-sidebar-layout":"default","site-content-layout":"","ast-site-content-layout":"default","site-content-style":"default","site-sidebar-style":"default","ast-global-header-display":"","ast-banner-title-visibility":"","ast-main-header-display":"","ast-hfb-above-header-display":"","ast-hfb-below-header-display":"","ast-hfb-mobile-header-display":"","site-post-title":"","ast-breadcrumbs-content":"","ast-featured-img":"","footer-sml-layout":"","ast-disable-related-posts":"","theme-transparent-header-meta":"","adv-header-id-meta":"","stick-header-meta":"","header-above-stick-meta":"","header-main-stick-meta":"","header-below-stick-meta":"","astra-migrate-meta-layouts":"default","ast-page-background-enabled":"default","ast-page-background-meta":{"desktop":{"background-color":"","background-image":"","background-repeat":"repeat","background-position":"center center","background-size":"auto","background-attachment":"scroll","background-type":"","background-media":"","overlay-type":"","overlay-color":"","overlay-opacity":"","overlay-gradient":""},"tablet":{"background-color":"","background-image":"","background-repeat":"repeat","background-position":"center center","background-size":"auto","background-attachment":"scroll","background-type":"","background-media":"","overlay-type":"","overlay-color":"","overlay-opacity":"","overlay-gradient":""},"mobile":{"background-color":"","background-image":"","background-repeat":"repeat","background-position":"center center","background-size":"auto","background-attachment":"scroll","background-type":"","background-media":"","overlay-type":"","overlay-color":"","overlay-opacity":"","overlay-gradient":""}},"ast-content-background-meta":{"desktop":{"background-color":"var(--ast-global-color-5)","background-image":"","background-repeat":"repeat","background-position":"center center","background-size":"auto","background-attachment":"scroll","background-type":"","background-media":"","overlay-type":"","overlay-color":"","overlay-opacity":"","overlay-gradient":""},"tablet":{"background-color":"var(--ast-global-color-5)","background-image":"","background-repeat":"repeat","background-position":"center center","background-size":"auto","background-attachment":"scroll","background-type":"","background-media":"","overlay-type":"","overlay-color":"","overlay-opacity":"","overlay-gradient":""},"mobile":{"background-color":"var(--ast-global-color-5)","background-image":"","background-repeat":"repeat","background-position":"center center","background-size":"auto","background-attachment":"scroll","background-type":"","background-media":"","overlay-type":"","overlay-color":"","overlay-opacity":"","overlay-gradient":""}},"footnotes":""},"categories":[12],"tags":[],"class_list":["post-66704","post","type-post","status-publish","format-standard","hentry","category-opinion"],"spectra_blocks_featured_image_url":null,"spectra_blocks_author_info":{"display_name":"Jorge Alfredo Baret","avatar_url":"https:\/\/secure.gravatar.com\/avatar\/31696f5ca83439b642450ec7d3f82f98451a5efacb414343d5478c982b337f26?s=96&d=mm&r=g","author_link":"https:\/\/100xd.com.ar\/en\/author\/jorge\/","description":"Ingeniero Qu\u00edmico UTN - Director Apoderado de Comunicaciones Auditadas SA. Editor Responsable 100xd.com.ar."},"_links":{"self":[{"href":"https:\/\/100xd.com.ar\/en\/wp-json\/wp\/v2\/posts\/66704","targetHints":{"allow":["GET"]}}],"collection":[{"href":"https:\/\/100xd.com.ar\/en\/wp-json\/wp\/v2\/posts"}],"about":[{"href":"https:\/\/100xd.com.ar\/en\/wp-json\/wp\/v2\/types\/post"}],"author":[{"embeddable":true,"href":"https:\/\/100xd.com.ar\/en\/wp-json\/wp\/v2\/users\/9"}],"replies":[{"embeddable":true,"href":"https:\/\/100xd.com.ar\/en\/wp-json\/wp\/v2\/comments?post=66704"}],"version-history":[{"count":1,"href":"https:\/\/100xd.com.ar\/en\/wp-json\/wp\/v2\/posts\/66704\/revisions"}],"predecessor-version":[{"id":66706,"href":"https:\/\/100xd.com.ar\/en\/wp-json\/wp\/v2\/posts\/66704\/revisions\/66706"}],"wp:attachment":[{"href":"https:\/\/100xd.com.ar\/en\/wp-json\/wp\/v2\/media?parent=66704"}],"wp:term":[{"taxonomy":"category","embeddable":true,"href":"https:\/\/100xd.com.ar\/en\/wp-json\/wp\/v2\/categories?post=66704"},{"taxonomy":"post_tag","embeddable":true,"href":"https:\/\/100xd.com.ar\/en\/wp-json\/wp\/v2\/tags?post=66704"}],"curies":[{"name":"wp","href":"https:\/\/api.w.org\/{rel}","templated":true}]}}