{"id":65971,"date":"2022-06-09T11:24:08","date_gmt":"2022-06-09T14:24:08","guid":{"rendered":"https:\/\/100xd.com.ar\/?p=65971"},"modified":"2022-06-09T11:24:08","modified_gmt":"2022-06-09T14:24:08","slug":"gasoducto-nestor-kirchner-la-justicia-cito-a-4-expertos-para-analizar-cuestiones-tecnicas-sobre-la-licitacion-de-los-tubos","status":"publish","type":"post","link":"https:\/\/100xd.com.ar\/en\/gasoducto-nestor-kirchner-la-justicia-cito-a-4-expertos-para-analizar-cuestiones-tecnicas-sobre-la-licitacion-de-los-tubos\/","title":{"rendered":"Gasoducto N\u00e9stor Kirchner: la Justicia cit\u00f3 a 4 expertos para analizar cuestiones t\u00e9cnicas sobre la licitaci\u00f3n de los tubos"},"content":{"rendered":"<p class=\"wp-block-paragraph\">El juez federal&nbsp;<strong>Daniel Rafecas<\/strong>&nbsp;convoc\u00f3 a nueva audiencia&nbsp;<mark>con expertos para que expongan sobre las condiciones t\u00e9cnicas de la construcci\u00f3n del gasoducto N\u00e9stor Kirchner para la extracci\u00f3n de gas de Vaca Muerta<\/mark>, cuyas licitaciones est\u00e1n bajo investigaci\u00f3n judicial tras la salida del gobierno del ministro de Producci\u00f3n&nbsp;<strong>Matias Kulfas<\/strong>, quien este viernes deber\u00e1 declarar como testigo en el expediente.<\/p>\n\n\n\n<p class=\"wp-block-paragraph\">Fuentes judiciales informaron a&nbsp;<strong>Infobae&nbsp;<\/strong>que Rafecas cit\u00f3 para el pr\u00f3ximo mi\u00e9rcoles a las 10 a cuatro expertos. Uno de la empresa Transportadora Gas del Norte, otro de Transportadora Gas del Sur, uno de ENARGAS y el \u00faltimo de la Facultad de Ingeniera de la Universidad de Buenos Aires. Los especialistas fueron citados para que&nbsp;<strong>analicen y expliquen<\/strong>&nbsp;las exigencias t\u00e9cnicas para transportar el gas a trav\u00e9s del gasoducto.<\/p>\n\n\n\n<p class=\"wp-block-paragraph\">El juez hab\u00eda citado ya a otra audiencia para el martes a las 10 horas con otros cuatro expertos (de las empresas Pluspetrol, YPF, Tecpetrol y Total Austral que extraen el gas de Vaca Muerta) tambi\u00e9n para que expongan sobre las condiciones t\u00e9cnicas de la construcci\u00f3n del gasoducto.<img loading=\"lazy\" decoding=\"async\" alt=\"La licitaci\u00f3n del gasoducto N\u00e9stor Kirchner fue realizada a partir del decreto 76\/2022\" height=\"1080\" width=\"1920\" class=\"\" src=\"https:\/\/cloudfront-us-east-1.images.arcpublishing.com\/infobae\/F52J4VCHFNFW3FSAMRH63XZAVQ.jpg\" srcset=\"https:\/\/www.infobae.com\/new-resizer\/UmhRCHMizpxjyS3KY1Rf8FkqFx4=\/420x236\/filters:format(webp):quality(85)\/cloudfront-us-east-1.images.arcpublishing.com\/infobae\/F52J4VCHFNFW3FSAMRH63XZAVQ.jpg 420w,https:\/\/www.infobae.com\/new-resizer\/js-YtHWl-BguypImBOq7af9vu9o=\/768x432\/filters:format(webp):quality(85)\/cloudfront-us-east-1.images.arcpublishing.com\/infobae\/F52J4VCHFNFW3FSAMRH63XZAVQ.jpg 768w,https:\/\/www.infobae.com\/new-resizer\/K89LdCZA0No_Bz03tR9QT4cA6W0=\/992x558\/filters:format(webp):quality(85)\/cloudfront-us-east-1.images.arcpublishing.com\/infobae\/F52J4VCHFNFW3FSAMRH63XZAVQ.jpg 992w,https:\/\/www.infobae.com\/new-resizer\/QYFjYl4p0aCDgGlLLl9uuMu4eWI=\/1200x675\/filters:format(webp):quality(85)\/cloudfront-us-east-1.images.arcpublishing.com\/infobae\/F52J4VCHFNFW3FSAMRH63XZAVQ.jpg 1200w,https:\/\/www.infobae.com\/new-resizer\/NACsGFsnLSs6Q9u7to3QabtlWbA=\/1440x810\/filters:format(webp):quality(85)\/cloudfront-us-east-1.images.arcpublishing.com\/infobae\/F52J4VCHFNFW3FSAMRH63XZAVQ.jpg 1440w\" title=\"Gasoducto N\u00e9stor Kirchner: la Justicia cit\u00f3 a 4 expertos para analizar cuestiones t\u00e9cnicas sobre la licitaci\u00f3n de los tubos\">La licitaci\u00f3n del gasoducto N\u00e9stor Kirchner fue realizada a partir del decreto 76\/2022<\/p>\n\n\n\n<p class=\"wp-block-paragraph\">Las audiencias forman parte de las medidas de prueba que se ordenaron en la causa, que est\u00e1 a cargo del juez Rafecas y del fiscal federal&nbsp;<strong>Carlos Stornelli<\/strong>&nbsp;que concentraron tres denuncias que hicieron sobre el caso.<\/p>\n\n\n\n<p class=\"wp-block-paragraph\">Para ma\u00f1ana a las 10 est\u00e1 citado a declarar Kulfas y para el pr\u00f3ximo lunes a las 12 horas&nbsp;<strong>Antonio Pronsato<\/strong>, el ex funcionario a cargo de la unidad ejecutora del gasoducto que dej\u00f3 el cargo el 30 de junio.<\/p>\n\n\n\n<p class=\"wp-block-paragraph\">La justicia tambi\u00e9n tiene documentaci\u00f3n sobre las licitaciones que quedaron bajo investigaci\u00f3n que llev\u00f3 adelante la empresa estatal IEASA, entre ellas la de la empresa Techint.<\/p>\n\n\n\n<p class=\"wp-block-paragraph\">El viernes pasado, en el acto de aniversario por los 100 a\u00f1os de YPF, el presidente&nbsp;<strong>Alberto Fern\u00e1ndez&nbsp;<\/strong>y la vicepresidenta&nbsp;<strong>Cristina Kirchner<\/strong>&nbsp;se reencontraron despu\u00e9s de tres meses de silencio. En ese contexto, la vicepresidenta le dijo al jefe de Estado que use la lapicera, le advirti\u00f3 que no hay que ser amigo de los empresarios y se quej\u00f3 porque Techint mandaba a hacer trabajos a Brasil.<\/p>\n\n\n\n<p class=\"wp-block-paragraph\">\u201cHay que pedir que la chapa laminada que producen en Brasil para hacer los ca\u00f1os la hagan ac\u00e1, en Argentina\u201d, dijo la vicepresidenta sobre el final de su discurso y critic\u00f3: \u201cSe giran los d\u00f3lares entre ellos\u201d, afirm\u00f3.<img loading=\"lazy\" decoding=\"async\" alt=\"Matias Kulfas declara ma\u00f1ana como testigo (Maximiliano Luna)\" height=\"864\" width=\"1536\" class=\"\" src=\"https:\/\/cloudfront-us-east-1.images.arcpublishing.com\/infobae\/WBCH22BIUJF4BILLQKULXYWBOY.jpg\" srcset=\"https:\/\/www.infobae.com\/new-resizer\/N37yefWb8WSFx_zanhZSBo2CHoU=\/420x236\/filters:format(webp):quality(85)\/cloudfront-us-east-1.images.arcpublishing.com\/infobae\/WBCH22BIUJF4BILLQKULXYWBOY.jpg 420w,https:\/\/www.infobae.com\/new-resizer\/jWKEsNq3WgJ82WyjJE9L6AMi_Mc=\/768x432\/filters:format(webp):quality(85)\/cloudfront-us-east-1.images.arcpublishing.com\/infobae\/WBCH22BIUJF4BILLQKULXYWBOY.jpg 768w,https:\/\/www.infobae.com\/new-resizer\/sZ1fRgm9yUFhd1kbb8fhlwRNCoI=\/992x558\/filters:format(webp):quality(85)\/cloudfront-us-east-1.images.arcpublishing.com\/infobae\/WBCH22BIUJF4BILLQKULXYWBOY.jpg 992w,https:\/\/www.infobae.com\/new-resizer\/U4_Xer-aZmEjyPmDXsjyLAgtWb0=\/1200x675\/filters:format(webp):quality(85)\/cloudfront-us-east-1.images.arcpublishing.com\/infobae\/WBCH22BIUJF4BILLQKULXYWBOY.jpg 1200w,https:\/\/www.infobae.com\/new-resizer\/gXaccrOy14NKA2FDYuMYSxio_sM=\/1440x810\/filters:format(webp):quality(85)\/cloudfront-us-east-1.images.arcpublishing.com\/infobae\/WBCH22BIUJF4BILLQKULXYWBOY.jpg 1440w\" title=\"Gasoducto N\u00e9stor Kirchner: la Justicia cit\u00f3 a 4 expertos para analizar cuestiones t\u00e9cnicas sobre la licitaci\u00f3n de los tubos\">Matias Kulfas declara ma\u00f1ana como testigo (Maximiliano Luna)<\/p>\n\n\n\n<p class=\"wp-block-paragraph\">Al d\u00eda siguiente, Cristina Kirchner difundi\u00f3 un comunicado en<a href=\"https:\/\/www.infobae.com\/economia\/2022\/06\/04\/los-que-usan-mal-la-lapicera-son-los-funcionarios-de-cristina-la-frase-de-la-vicepresidenta-profundizo-la-interna-del-gobierno\/\">&nbsp;OFF de funcionarios del Ministerio de Producci\u00f3n enviado a trav\u00e9s de WhatsApp<\/a>&nbsp;en el que se hab\u00edan planteado sospechas sobre la licitaci\u00f3n que est\u00e1 en manos de funcionarios de la vicepresidenta. Disparando hacia Integraci\u00f3n Energ\u00e9tica Argentina (IASA), el&nbsp;<em>off the record<\/em>&nbsp;dec\u00eda: \u201cEllos armaron un pliego de licitaci\u00f3n a la medida de Techint y de la chapa que el grupo fabrica en Brasil, de 33 mm de espesor. Si en lugar de poner esa especificaci\u00f3n hubieran puesto 31mm, como son los gasoductos en Europa, se podr\u00eda haber provisto ca\u00f1os desde otra firma que produce en Villa Constituci\u00f3n (Laminados industriales SA)\u201d.<\/p>\n\n\n\n<p class=\"wp-block-paragraph\">Al mismo tiempo, el propio Kulfas hab\u00eda hecho declaraciones radiales cuestionando la dilaci\u00f3n en la construcci\u00f3n de gasoducto. En declaraciones period\u00edsticas a la radio AM 750, con posterioridad al acto de conmemoraci\u00f3n de los 100 a\u00f1os de YPF y al ser consultado por los dichos de la Vicepresidenta Cristina Kirchner sobre el v\u00ednculo del Gobierno con Techint, el ahora ex ministro se\u00f1al\u00f3: \u201cLa empresa que licita es IEASA, que es una empresa que est\u00e1 conducida por gente que tiene una relaci\u00f3n muy cercana con la Vicepresidenta, ah\u00ed est\u00e1n establecidas las condiciones. Nosotros hicimos el anuncio de que Argentina vuelve a producir chapa naval, esas chapas perfectamente se pueden usar para hacer gasoductos. Tiene que ver con la manera en que se establece la licitaci\u00f3n\u201d.<\/p>\n\n\n\n<p class=\"wp-block-paragraph\"><a href=\"https:\/\/www.infobae.com\/politica\/2022\/06\/06\/en-su-carta-de-renuncia-kulfas-apunto-contra-cristina-kirchner-y-ratifico-sus-dichos-sobre-la-licitacion-del-gasoducto\/\" target=\"_blank\" rel=\"noreferrer noopener\">Y en su carta de 14 p\u00e1ginas de renuncia, Kulfas volvi\u00f3 a sostener sus dichos:<\/a>&nbsp;\u201cRatifico lo dicho el viernes al finalizar el acto aniversario por los 100 a\u00f1os de YPF en Tecn\u00f3polis: si algo cabe reprocharse respecto al contenido nacional de los insumos del gasoducto, eso debe atribuirse pura y exclusivamente a las caracter\u00edsticas de la licitaci\u00f3n realizada por la empresa IEASA, cuyos miembros, al igual que el equipo de la Secretar\u00eda de Energ\u00eda, responden pol\u00edticamente a la Sra. Vicepresidenta.<\/p>\n\n\n\n<p class=\"wp-block-paragraph\">La licitaci\u00f3n del gasoducto N\u00e9stor Kirchner fue realizada a partir del decreto 76\/2022. Como parte del proceso, ya se ejecut\u00f3 la oferta p\u00fablica para la provisi\u00f3n de ca\u00f1er\u00edas, estudios de impacto ambiental y procesos para adquisici\u00f3n de bienes complementarios para la puesta en marcha del gasoducto. Hasta ahora, solo fue adjudicada la provisi\u00f3n de ca\u00f1er\u00edas. Se encuentra en etapa de an\u00e1lisis la adquisici\u00f3n de v\u00e1lvulas, electrodos, mantas termocontra\u00edbles, tramos de medici\u00f3n, cromat\u00f3grafos y otros elementos vinculados tanto al gasoducto como a obras complementarias.<\/p>\n\n\n\n<p class=\"wp-block-paragraph\">Fuente:<a href=\"https:\/\/www.infobae.com\/?noredirect\"> Infobae.com<\/a><\/p>","protected":false},"excerpt":{"rendered":"<p>El juez federal&nbsp;Daniel Rafecas&nbsp;convoc\u00f3 a nueva audiencia&nbsp;con expertos para que expongan sobre las condiciones t\u00e9cnicas de la construcci\u00f3n del gasoducto N\u00e9stor Kirchner para la extracci\u00f3n de gas de Vaca Muerta, cuyas licitaciones est\u00e1n bajo investigaci\u00f3n judicial tras la salida del gobierno del ministro de Producci\u00f3n&nbsp;Matias Kulfas, quien este viernes deber\u00e1 declarar como testigo en el [&hellip;]<\/p>\n","protected":false},"author":9,"featured_media":0,"comment_status":"open","ping_status":"open","sticky":false,"template":"","format":"standard","meta":{"site-sidebar-layout":"default","site-content-layout":"","ast-site-content-layout":"default","site-content-style":"default","site-sidebar-style":"default","ast-global-header-display":"","ast-banner-title-visibility":"","ast-main-header-display":"","ast-hfb-above-header-display":"","ast-hfb-below-header-display":"","ast-hfb-mobile-header-display":"","site-post-title":"","ast-breadcrumbs-content":"","ast-featured-img":"","footer-sml-layout":"","ast-disable-related-posts":"","theme-transparent-header-meta":"","adv-header-id-meta":"","stick-header-meta":"","header-above-stick-meta":"","header-main-stick-meta":"","header-below-stick-meta":"","astra-migrate-meta-layouts":"default","ast-page-background-enabled":"default","ast-page-background-meta":{"desktop":{"background-color":"","background-image":"","background-repeat":"repeat","background-position":"center center","background-size":"auto","background-attachment":"scroll","background-type":"","background-media":"","overlay-type":"","overlay-color":"","overlay-opacity":"","overlay-gradient":""},"tablet":{"background-color":"","background-image":"","background-repeat":"repeat","background-position":"center center","background-size":"auto","background-attachment":"scroll","background-type":"","background-media":"","overlay-type":"","overlay-color":"","overlay-opacity":"","overlay-gradient":""},"mobile":{"background-color":"","background-image":"","background-repeat":"repeat","background-position":"center center","background-size":"auto","background-attachment":"scroll","background-type":"","background-media":"","overlay-type":"","overlay-color":"","overlay-opacity":"","overlay-gradient":""}},"ast-content-background-meta":{"desktop":{"background-color":"var(--ast-global-color-5)","background-image":"","background-repeat":"repeat","background-position":"center center","background-size":"auto","background-attachment":"scroll","background-type":"","background-media":"","overlay-type":"","overlay-color":"","overlay-opacity":"","overlay-gradient":""},"tablet":{"background-color":"var(--ast-global-color-5)","background-image":"","background-repeat":"repeat","background-position":"center center","background-size":"auto","background-attachment":"scroll","background-type":"","background-media":"","overlay-type":"","overlay-color":"","overlay-opacity":"","overlay-gradient":""},"mobile":{"background-color":"var(--ast-global-color-5)","background-image":"","background-repeat":"repeat","background-position":"center center","background-size":"auto","background-attachment":"scroll","background-type":"","background-media":"","overlay-type":"","overlay-color":"","overlay-opacity":"","overlay-gradient":""}},"footnotes":""},"categories":[25],"tags":[],"class_list":["post-65971","post","type-post","status-publish","format-standard","hentry","category-destacado"],"spectra_blocks_featured_image_url":null,"spectra_blocks_author_info":{"display_name":"Jorge Alfredo Baret","avatar_url":"https:\/\/secure.gravatar.com\/avatar\/31696f5ca83439b642450ec7d3f82f98451a5efacb414343d5478c982b337f26?s=96&d=mm&r=g","author_link":"https:\/\/100xd.com.ar\/en\/author\/jorge\/","description":"Ingeniero Qu\u00edmico UTN - Director Apoderado de Comunicaciones Auditadas SA. Editor Responsable 100xd.com.ar."},"_links":{"self":[{"href":"https:\/\/100xd.com.ar\/en\/wp-json\/wp\/v2\/posts\/65971","targetHints":{"allow":["GET"]}}],"collection":[{"href":"https:\/\/100xd.com.ar\/en\/wp-json\/wp\/v2\/posts"}],"about":[{"href":"https:\/\/100xd.com.ar\/en\/wp-json\/wp\/v2\/types\/post"}],"author":[{"embeddable":true,"href":"https:\/\/100xd.com.ar\/en\/wp-json\/wp\/v2\/users\/9"}],"replies":[{"embeddable":true,"href":"https:\/\/100xd.com.ar\/en\/wp-json\/wp\/v2\/comments?post=65971"}],"version-history":[{"count":1,"href":"https:\/\/100xd.com.ar\/en\/wp-json\/wp\/v2\/posts\/65971\/revisions"}],"predecessor-version":[{"id":65973,"href":"https:\/\/100xd.com.ar\/en\/wp-json\/wp\/v2\/posts\/65971\/revisions\/65973"}],"wp:attachment":[{"href":"https:\/\/100xd.com.ar\/en\/wp-json\/wp\/v2\/media?parent=65971"}],"wp:term":[{"taxonomy":"category","embeddable":true,"href":"https:\/\/100xd.com.ar\/en\/wp-json\/wp\/v2\/categories?post=65971"},{"taxonomy":"post_tag","embeddable":true,"href":"https:\/\/100xd.com.ar\/en\/wp-json\/wp\/v2\/tags?post=65971"}],"curies":[{"name":"wp","href":"https:\/\/api.w.org\/{rel}","templated":true}]}}