{"id":65277,"date":"2022-05-20T12:01:23","date_gmt":"2022-05-20T15:01:23","guid":{"rendered":"https:\/\/100xd.com.ar\/?p=65277"},"modified":"2022-05-20T12:01:23","modified_gmt":"2022-05-20T15:01:23","slug":"cambios-en-el-gobierno-martin-guzman-gana-poder-y-controlara-la-secretaria-de-comercio-que-encabeza-roberto-feletti","status":"publish","type":"post","link":"https:\/\/100xd.com.ar\/en\/cambios-en-el-gobierno-martin-guzman-gana-poder-y-controlara-la-secretaria-de-comercio-que-encabeza-roberto-feletti\/","title":{"rendered":"Cambios en el Gobierno: Mart\u00edn Guzm\u00e1n gana poder y controlar\u00e1 la secretar\u00eda de Comercio que encabeza Roberto Feletti"},"content":{"rendered":"<p class=\"wp-block-paragraph\">El gobierno nacional intenta ajustar piezas en el Gabinete en un intento por mejorar la gesti\u00f3n de la econom\u00eda, con el objetivo central de controlar la inflaci\u00f3n. En ese contexto, tomar\u00e1 una medida que en principio&nbsp;<strong>buscar\u00e1 darle fortaleza a uno de los funcionarios m\u00e1s cuestionados<\/strong>&nbsp;por el ala que responde a Cristina Kirchner en la interna que divide al Frente de Todos.<\/p>\n\n\n\n<p class=\"wp-block-paragraph\">Esta tarde se oficializar\u00e1 que&nbsp;<mark><strong>Mart\u00edn Guzm\u00e1n controlar\u00e1 la secretar\u00eda de Comercio Interior que preside Roberto Feletti<\/strong><\/mark>, un hombre identificado con el kirchnerismo que est\u00e1 a cargo -entre otras cosas- del control de precios.<\/p>\n\n\n\n<p class=\"wp-block-paragraph\">La llegada de Feletti hab\u00eda causado gran revuelo cuando se anunci\u00f3 y la tensi\u00f3n entre ambos funcionarios era visible. Incluso, el secretario lleg\u00f3 a cuestionar p\u00fablicamente al titular de Econom\u00eda.<\/p>\n\n\n\n<p class=\"wp-block-paragraph\">En ese marco, esta semana ambos volvieron a retomar el contacto en persona para tratar de lograr un acercamiento luego de algunos<strong>&nbsp;intercambios medi\u00e1ticos, principalmente sobre la necesidad de aumentar las retenciones de trigo, girasol y ma\u00edz<\/strong>&nbsp;como respuesta a la aceleraci\u00f3n de la inflaci\u00f3n para desacoplar los precios locales de los internacionales.<\/p>\n\n\n\n<figure data-spectra-id=\"spectra-35b3b44e-6089-4cb8-ab60-345f468ab50e\" class=\"wp-block-image\"><img decoding=\"async\" src=\"https:\/\/cloudfront-us-east-1.images.arcpublishing.com\/infobae\/NN3ACDR5NRGDBER4XGVEHT44FU.jpg\" alt=\"NN3ACDR5NRGDBER4XGVEHT44FU\" title=\"Cambios en el Gobierno: Mart\u00edn Guzm\u00e1n gana poder y controlar\u00e1 la secretar\u00eda de Comercio que encabeza Roberto Feletti\" \/><\/figure>\n\n\n\n<p class=\"wp-block-paragraph\">Entre los argumentos para decidir el traspaso de la secretar\u00eda en Balcarce 50 sostienen que&nbsp;<strong>\u201cGuzm\u00e1n tendr\u00e1 m\u00e1s herramientas directas, mientras que Kulfas se concentrar\u00e1 en todo lo que est\u00e1 relacionado con la producci\u00f3n\u201d.<\/strong>&nbsp;Hubo varias reuniones de los funcionarios involucrados en los \u00faltimos d\u00edas donde se limaron algunas rispideces entre los protagonistas. El anuncio se demor\u00f3 por el viaje que debi\u00f3 emprender el titular de Desarrollo Productivo a Barcelona, donde particip\u00f3 de la Asamblea y Exposici\u00f3n Global de Hidr\u00f3geno Verde. Con el regreso del ministro desde Espa\u00f1a saldr\u00e1n esta tarde a comunicar la decisi\u00f3n gubernamental.<\/p>\n\n\n\n<p class=\"wp-block-paragraph\">Tambi\u00e9n fuentes oficiales detallaron que el cambio ser\u00e1 favorable por&nbsp;<strong>\u201cla mejor llegada de Guzm\u00e1n en el contacto con el sector empresario\u201d<\/strong>. Este jueves por la noche, seg\u00fan confirm\u00f3 el presidente Alberto Fern\u00e1ndez en una entrevista radial, hubo una cena en Olivos con Luis Pagani, el CEO de la empresa alimenticia Arcor, para buscar m\u00e9todos que permitan controlar la inflaci\u00f3n. All\u00ed estuvo tambi\u00e9n el ministro de Econom\u00eda.<\/p>\n\n\n\n<p class=\"wp-block-paragraph\">El traspaso de la secretar\u00eda que orienta Feletti se dar\u00e1 luego de que el Presidente expresara en declaraciones hechas en Radio con Vos que&nbsp;<strong>\u201cpodr\u00eda mandar ma\u00f1ana un aumento de retenciones al Congreso pero la voy a perder\u201d.<\/strong><\/p>\n\n\n\n<figure data-spectra-id=\"spectra-5eecfe80-3d6d-4174-99ff-7547db9848d5\" class=\"wp-block-image\"><img decoding=\"async\" src=\"https:\/\/cloudfront-us-east-1.images.arcpublishing.com\/infobae\/U3PAT6EWFFAINMF2PWBKNGOGAA.jpg\" alt=\"U3PAT6EWFFAINMF2PWBKNGOGAA\" title=\"Cambios en el Gobierno: Mart\u00edn Guzm\u00e1n gana poder y controlar\u00e1 la secretar\u00eda de Comercio que encabeza Roberto Feletti\" \/><\/figure>\n\n\n\n<p class=\"wp-block-paragraph\">\u201c<strong>Necesitamos desacoplar los precios internos de los externos. El instrumento con el que se hace eso m\u00e1s f\u00e1cilmente son las retenciones. Ahora, las retenciones son un tema legislativo y necesito que el Congreso entienda el problema y llegado el caso acompa\u00f1e una decisi\u00f3n de esa naturaleza,&nbsp;<\/strong>manifest\u00f3 el Presidente en relaci\u00f3n a que<strong>&nbsp;\u201clas retenciones son un tema legislativo y necesito que el Congreso acompa\u00f1e\u201d.<\/strong>&nbsp;El Frente de Todos no lograr\u00eda la mayor\u00eda parlamentaria para conseguir ese apoyo.<\/p>\n\n\n\n<p class=\"wp-block-paragraph\">Adem\u00e1s, defendi\u00f3 esa idea de subir las retenciones al decir que&nbsp;<strong>\u201ctenemos que hacer algo para que los alimentos en Argentina recuperen su precio interno\u201d<\/strong>. Son\u00f3 casi como una reivindicaci\u00f3n para Roberto Feletti, quien lleg\u00f3 al cargo en octubre de 2021 en reemplazo de Paula Espa\u00f1ol que termin\u00f3 siendo desplazada a un lugar de menor relevancia dentro de la estructura del ministerio del Interior.<\/p>\n\n\n\n<p class=\"wp-block-paragraph\">Son\u00f3 algo contradictorio el discurso presidencial un d\u00eda despu\u00e9s de que el jefe de Gabinete, Juan Manzur, negara en conferencia de prensa la posibilidad de un incremento porcentual en las retenciones. \u201cYa lo dijo el ministro de Econom\u00eda, no va a haber un aumento\u201d, declar\u00f3 en la puerta de la Casa de Gobierno antes de la reuni\u00f3n de Gabinete.<\/p>\n\n\n\n<p class=\"wp-block-paragraph\"><em>NOTICIA EN DESARROLLO<\/em><\/p>\n\n\n\n<p class=\"wp-block-paragraph\">Fuente:<a href=\"https:\/\/www.infobae.com\/?noredirect\"> Infobae.com<\/a><\/p>","protected":false},"excerpt":{"rendered":"<p>El gobierno nacional intenta ajustar piezas en el Gabinete en un intento por mejorar la gesti\u00f3n de la econom\u00eda, con el objetivo central de controlar la inflaci\u00f3n. En ese contexto, tomar\u00e1 una medida que en principio&nbsp;buscar\u00e1 darle fortaleza a uno de los funcionarios m\u00e1s cuestionados&nbsp;por el ala que responde a Cristina Kirchner en la interna [&hellip;]<\/p>\n","protected":false},"author":9,"featured_media":0,"comment_status":"open","ping_status":"open","sticky":false,"template":"","format":"standard","meta":{"site-sidebar-layout":"default","site-content-layout":"","ast-site-content-layout":"default","site-content-style":"default","site-sidebar-style":"default","ast-global-header-display":"","ast-banner-title-visibility":"","ast-main-header-display":"","ast-hfb-above-header-display":"","ast-hfb-below-header-display":"","ast-hfb-mobile-header-display":"","site-post-title":"","ast-breadcrumbs-content":"","ast-featured-img":"","footer-sml-layout":"","ast-disable-related-posts":"","theme-transparent-header-meta":"","adv-header-id-meta":"","stick-header-meta":"","header-above-stick-meta":"","header-main-stick-meta":"","header-below-stick-meta":"","astra-migrate-meta-layouts":"default","ast-page-background-enabled":"default","ast-page-background-meta":{"desktop":{"background-color":"","background-image":"","background-repeat":"repeat","background-position":"center center","background-size":"auto","background-attachment":"scroll","background-type":"","background-media":"","overlay-type":"","overlay-color":"","overlay-opacity":"","overlay-gradient":""},"tablet":{"background-color":"","background-image":"","background-repeat":"repeat","background-position":"center center","background-size":"auto","background-attachment":"scroll","background-type":"","background-media":"","overlay-type":"","overlay-color":"","overlay-opacity":"","overlay-gradient":""},"mobile":{"background-color":"","background-image":"","background-repeat":"repeat","background-position":"center center","background-size":"auto","background-attachment":"scroll","background-type":"","background-media":"","overlay-type":"","overlay-color":"","overlay-opacity":"","overlay-gradient":""}},"ast-content-background-meta":{"desktop":{"background-color":"var(--ast-global-color-5)","background-image":"","background-repeat":"repeat","background-position":"center center","background-size":"auto","background-attachment":"scroll","background-type":"","background-media":"","overlay-type":"","overlay-color":"","overlay-opacity":"","overlay-gradient":""},"tablet":{"background-color":"var(--ast-global-color-5)","background-image":"","background-repeat":"repeat","background-position":"center center","background-size":"auto","background-attachment":"scroll","background-type":"","background-media":"","overlay-type":"","overlay-color":"","overlay-opacity":"","overlay-gradient":""},"mobile":{"background-color":"var(--ast-global-color-5)","background-image":"","background-repeat":"repeat","background-position":"center center","background-size":"auto","background-attachment":"scroll","background-type":"","background-media":"","overlay-type":"","overlay-color":"","overlay-opacity":"","overlay-gradient":""}},"footnotes":""},"categories":[25],"tags":[],"class_list":["post-65277","post","type-post","status-publish","format-standard","hentry","category-destacado"],"spectra_blocks_featured_image_url":null,"spectra_blocks_author_info":{"display_name":"Jorge Alfredo Baret","avatar_url":"https:\/\/secure.gravatar.com\/avatar\/31696f5ca83439b642450ec7d3f82f98451a5efacb414343d5478c982b337f26?s=96&d=mm&r=g","author_link":"https:\/\/100xd.com.ar\/en\/author\/jorge\/","description":"Ingeniero Qu\u00edmico UTN - Director Apoderado de Comunicaciones Auditadas SA. Editor Responsable 100xd.com.ar."},"_links":{"self":[{"href":"https:\/\/100xd.com.ar\/en\/wp-json\/wp\/v2\/posts\/65277","targetHints":{"allow":["GET"]}}],"collection":[{"href":"https:\/\/100xd.com.ar\/en\/wp-json\/wp\/v2\/posts"}],"about":[{"href":"https:\/\/100xd.com.ar\/en\/wp-json\/wp\/v2\/types\/post"}],"author":[{"embeddable":true,"href":"https:\/\/100xd.com.ar\/en\/wp-json\/wp\/v2\/users\/9"}],"replies":[{"embeddable":true,"href":"https:\/\/100xd.com.ar\/en\/wp-json\/wp\/v2\/comments?post=65277"}],"version-history":[{"count":1,"href":"https:\/\/100xd.com.ar\/en\/wp-json\/wp\/v2\/posts\/65277\/revisions"}],"predecessor-version":[{"id":65279,"href":"https:\/\/100xd.com.ar\/en\/wp-json\/wp\/v2\/posts\/65277\/revisions\/65279"}],"wp:attachment":[{"href":"https:\/\/100xd.com.ar\/en\/wp-json\/wp\/v2\/media?parent=65277"}],"wp:term":[{"taxonomy":"category","embeddable":true,"href":"https:\/\/100xd.com.ar\/en\/wp-json\/wp\/v2\/categories?post=65277"},{"taxonomy":"post_tag","embeddable":true,"href":"https:\/\/100xd.com.ar\/en\/wp-json\/wp\/v2\/tags?post=65277"}],"curies":[{"name":"wp","href":"https:\/\/api.w.org\/{rel}","templated":true}]}}