{"id":65134,"date":"2022-05-16T12:35:30","date_gmt":"2022-05-16T15:35:30","guid":{"rendered":"https:\/\/100xd.com.ar\/?p=65134"},"modified":"2022-05-16T12:35:30","modified_gmt":"2022-05-16T15:35:30","slug":"nostalgias-de-tiempos-del-tio","status":"publish","type":"post","link":"https:\/\/100xd.com.ar\/en\/nostalgias-de-tiempos-del-tio\/","title":{"rendered":"Nostalgias de tiempos del t\u00edo"},"content":{"rendered":"<p class=\"wp-block-paragraph\">El odont\u00f3logo&nbsp;<strong>H\u00e9ctor C\u00e1mpora<\/strong>, quien fue ungido presidente de la Naci\u00f3n el 25 de mayo de 1973, con casi el 50% de los votos, fue una m\u00e1scara que utiliz\u00f3&nbsp;<strong>Juan Domingo Per\u00f3n<\/strong>&nbsp;para demostrar que, aun proscripto, pod\u00eda recuperar el poder a trav\u00e9s del candidato de su elecci\u00f3n.&nbsp;<mark>\u201cC\u00e1mpora al gobierno, Per\u00f3n al poder\u201d fue la consigna de entonces.<\/mark>&nbsp;C\u00e1mpora dur\u00f3 solamente 49 d\u00edas en el gobierno, pues fue cooptado por la Tendencia Revolucionaria Peronista (\u201cla patria socialista\u201d) en desmedro del peronismo de derecha, ortodoxo y sindical (\u201cla patria peronista\u201d), que reflejaba el sentir del l\u00edder ep\u00f3nimo.<\/p>\n\n\n\n<p class=\"wp-block-paragraph\">Cuando Per\u00f3n advirti\u00f3 desde Madrid que su apoyo al peronismo revolucionario se le hab\u00eda ido de las manos, debi\u00f3 volver a la Argentina para retomar las riendas del gobierno, forzando la renuncia de C\u00e1mpora, inventando la transici\u00f3n de&nbsp;<strong>Ra\u00fal Lastiri<\/strong>&nbsp;y, ya sin ganas, asumiendo su tercera presidencia.<\/p>\n\n\n\n<p class=\"wp-block-paragraph\">Despu\u00e9s de la muerte de Per\u00f3n y bajo la conducci\u00f3n de&nbsp;<strong>Jos\u00e9 L\u00f3pez Rega<\/strong>, comenz\u00f3 a funcionar la llamada Triple A, que asesin\u00f3 sindicalistas, activistas e intelectuales de izquierda, como&nbsp;<strong>Rodolfo Ortega Pe\u00f1a<\/strong>&nbsp;y&nbsp;<strong>Silvio Frondizi<\/strong>. Son los \u201cdesaparecidos\u201d previos a 1976 que, sumados a las v\u00edctimas del terrorismo desde 1970, ensangrentaron una historia que el peronismo se empe\u00f1a en ignorar, mientras protege a Isabel Per\u00f3n e indemniza a quienes provocaron su ca\u00edda.<\/p>\n\n\n\n<p class=\"wp-block-paragraph\">En la premura por entregar su banda presidencial al yerno de L\u00f3pez Rega, al delegado de Per\u00f3n se le cay\u00f3 la m\u00e1scara y, posiblemente, la dio por perdida antes de retirarse a San Andr\u00e9s de Giles. No pudo imaginar que, treinta a\u00f1os m\u00e1s tarde, fuese recogida por un grupo juvenil para reivindicar los d\u00edas de la \u201cprimavera camporista\u201d, cuando la JP y Montoneros \u2013 que lo llamaban \u201cel T\u00edo\u201d\u2013 intentaron aplicar, desde el gobierno, la doctrina del socialismo nacional.<\/p>\n\n\n\n<p class=\"wp-block-paragraph\">La agrupaci\u00f3n que honra su apellido gravita pesadamente sobre la gesti\u00f3n de Alberto Fern\u00e1ndez, con la ascendencia que le otorgan los votos y el liderazgo de Cristina Kirchner. Curiosamente, reivindica las mismas banderas de aquellos j\u00f3venes armados que no pudieron concretar su sue\u00f1o socialista, al haber sido expulsados por el mism\u00edsimo fundador del peronismo. Por si quedase alguna duda, Per\u00f3n los ech\u00f3 de la Plaza de Mayo aquel lluvioso 1\u00b0 de mayo de 1974 y, luego, durante el gobierno de su viuda Mar\u00eda Estela Mart\u00ednez, se firmaron los cuatro \u201cdecretos de aniquilamiento\u201d para legitimar el terrorismo de Estado.<\/p>\n\n\n\n<p class=\"wp-block-paragraph\">Al reclamar ahora los herederos del T\u00edo defenestrado no haber cumplido el Presidente compromisos asumidos al aceptar su nominaci\u00f3n, confunden a la poblaci\u00f3n, que no est\u00e1 para letras chicas, preocupada por la carest\u00eda de la vida, la inseguridad y la falta de trabajo. Nadie sabe qu\u00e9 clase de acuerdos habr\u00e1n celebrado los dos Fern\u00e1ndez pues, adem\u00e1s de no haber sido p\u00fablicos, sus cl\u00e1usulas no ser\u00edan oponibles a terceros, como bien lo sabe cualquier abogado, exitoso o no.<\/p>\n\n\n\n<blockquote class=\"wp-block-quote is-layout-flow wp-block-quote-is-layout-flow\"><p>A poco que se profundice en las t\u00e1cticas camporistas para condicionar la gesti\u00f3n presidencial mediante \u201cguerras rel\u00e1mpago\u201d, se advierte un rasgo com\u00fan: la necesidad imperiosa de no perder su base de votantes el a\u00f1o pr\u00f3ximo, a cualquier costo. Es la negaci\u00f3n del largo plazo para asegurar su continuidad en la estructura del Estado, controlar cajas, preservar cargos y, por sobre todas las cosas, asegurar la impunidad de su lideresa<\/p><\/blockquote>\n\n\n\n<p class=\"wp-block-paragraph\">De sus arengas insidiosas no surge ning\u00fan programa alternativo de gobierno, sino invocaciones pueriles a la inclusi\u00f3n, la distribuci\u00f3n y la justicia social, sin ning\u00fan n\u00famero que muestre c\u00f3mo, cu\u00e1ndo ni d\u00f3nde. Sus voceros no se lucen con reflexiones de largo alcance. El principal legado que han sabido perpetuar de aquellos a\u00f1os \u201cdorados\u201d son t\u00e9cnicas para guerrillas de desgaste, aunque ahora sin violencia, en el contexto de una fr\u00e1gil democracia.<\/p>\n\n\n\n<p class=\"wp-block-paragraph\">Seg\u00fan los diccionarios, esa forma de combatir incluye las emboscadas, los sabotajes, los saqueos, las incursiones, las guerras rel\u00e1mpago, los cortes de l\u00edneas de suministros, el secuestro de enemigos y la interceptaci\u00f3n de comunicaciones. Si se toma la forma metaf\u00f3rica, no es dif\u00edcil descubrir afinidades en las operaciones de desgaste que conducen contra Alberto Fern\u00e1ndez desde que la vicepresidenta de la Naci\u00f3n se irrit\u00f3 por la inacci\u00f3n de sus ministros y los invit\u00f3 a buscarse \u201cotros laburos\u201d.<\/p>\n\n\n\n<p class=\"wp-block-paragraph\">Al haber celebrado la naci\u00f3n argentina un acuerdo muy laxo de facilidades extendidas con el Fondo Monetario Internacional, para evitar un default de consecuencias grav\u00edsimas, no tiene explicaci\u00f3n que ese sector del Gobierno lo cuestione p\u00fablicamente y tome iniciativas que directamente obstaculizan el cumplimiento de sus metas.<\/p>\n\n\n\n<p class=\"wp-block-paragraph\">La presentaci\u00f3n de proyectos de ley de elevado costo fiscal, sin consulta con el Palacio de Hacienda, configuran emboscadas legislativas. La ausencia de funcionarios del \u00e1rea energ\u00e9tica en las audiencias tarifarias, son sabotajes a la luz del d\u00eda. Las chicanas a la reducci\u00f3n de subsidios son alevosos golpes de mano. Las moratorias previsionales, que desequilibran a\u00fan m\u00e1s la relaci\u00f3n entre activos y pasivos, son saqueos a las arcas p\u00fablicas. El adelantamiento del aumento del salario m\u00ednimo es una maniobra distractiva para acciones peores. Los incrementos dispuestos por el gobernador Axel Kicillof, para \u201ccrecer distribuyendo\u201d, son cortes a las l\u00edneas de suministros porque, con mayor emisi\u00f3n, las alacenas quedar\u00e1n vac\u00edas.<\/p>\n\n\n\n<p class=\"wp-block-paragraph\">A poco que se analicen las t\u00e1cticas camporistas para condicionar la gesti\u00f3n presidencial mediante \u201cguerras rel\u00e1mpago\u201d, se advierte un rasgo com\u00fan: la necesidad imperiosa de no perder su base de votantes principalmente bonaerenses el a\u00f1o pr\u00f3ximo, a cualquier costo. Es la negaci\u00f3n del largo plazo para asegurar su continuidad en la estructura del Estado, controlar cajas, preservar cargos y \u2013por sobre todas las cosas\u2013 asegurar la impunidad judicial de su lideresa y sus hijos, \u00e9l cabeza indiscutible de la agrupaci\u00f3n. Para ella, el \u00fanico largo plazo que importa es el referido a sus procesos penales y no los que involucran al pa\u00eds en su conjunto.<\/p>\n\n\n\n<p class=\"wp-block-paragraph\">En la actual coyuntura mundial, cuando la energ\u00eda y los alimentos podr\u00edan ser una tabla de salvaci\u00f3n para \u201cponer a la Argentina de pie\u201d, esas emboscadas, sabotajes y saqueos ahuyentan las inversiones que decuplicar\u00edan la producci\u00f3n de hidrocarburos construyendo ductos, plantas y puertos para exportarlos. E impiden que se multiplique el cultivo de granos, hasta en zonas marginales, con las mejores tecnolog\u00edas, para alimentar al mundo con cereales y oleaginosas argentinas.<\/p>\n\n\n\n<p class=\"wp-block-paragraph\"><mark>La C\u00e1mpora no parece capacitada para construir naciones \u2013basta observar la situaci\u00f3n de quebranto de Aerol\u00edneas Argentinas\u2013, sino para erosionar instituciones.<\/mark>\u00a0De aquel sue\u00f1o setentista solo conserva la \u201ctendencia\u201d a petardear gobiernos para lograr sus objetivos, sin importar da\u00f1os colaterales. Las nostalgias del tiempo del T\u00edo son demasiado da\u00f1inas para los desaf\u00edos de la crisis actual.<\/p>\n\n\n\n<p class=\"wp-block-paragraph\">Fuente:<a href=\"https:\/\/www.lanacion.com.ar\/\"> La Naci\u00f3n<\/a><\/p>","protected":false},"excerpt":{"rendered":"<p>El odont\u00f3logo&nbsp;H\u00e9ctor C\u00e1mpora, quien fue ungido presidente de la Naci\u00f3n el 25 de mayo de 1973, con casi el 50% de los votos, fue una m\u00e1scara que utiliz\u00f3&nbsp;Juan Domingo Per\u00f3n&nbsp;para demostrar que, aun proscripto, pod\u00eda recuperar el poder a trav\u00e9s del candidato de su elecci\u00f3n.&nbsp;\u201cC\u00e1mpora al gobierno, Per\u00f3n al poder\u201d fue la consigna de entonces.&nbsp;C\u00e1mpora [&hellip;]<\/p>\n","protected":false},"author":9,"featured_media":0,"comment_status":"open","ping_status":"open","sticky":false,"template":"","format":"standard","meta":{"site-sidebar-layout":"default","site-content-layout":"","ast-site-content-layout":"default","site-content-style":"default","site-sidebar-style":"default","ast-global-header-display":"","ast-banner-title-visibility":"","ast-main-header-display":"","ast-hfb-above-header-display":"","ast-hfb-below-header-display":"","ast-hfb-mobile-header-display":"","site-post-title":"","ast-breadcrumbs-content":"","ast-featured-img":"","footer-sml-layout":"","ast-disable-related-posts":"","theme-transparent-header-meta":"","adv-header-id-meta":"","stick-header-meta":"","header-above-stick-meta":"","header-main-stick-meta":"","header-below-stick-meta":"","astra-migrate-meta-layouts":"default","ast-page-background-enabled":"default","ast-page-background-meta":{"desktop":{"background-color":"","background-image":"","background-repeat":"repeat","background-position":"center center","background-size":"auto","background-attachment":"scroll","background-type":"","background-media":"","overlay-type":"","overlay-color":"","overlay-opacity":"","overlay-gradient":""},"tablet":{"background-color":"","background-image":"","background-repeat":"repeat","background-position":"center center","background-size":"auto","background-attachment":"scroll","background-type":"","background-media":"","overlay-type":"","overlay-color":"","overlay-opacity":"","overlay-gradient":""},"mobile":{"background-color":"","background-image":"","background-repeat":"repeat","background-position":"center center","background-size":"auto","background-attachment":"scroll","background-type":"","background-media":"","overlay-type":"","overlay-color":"","overlay-opacity":"","overlay-gradient":""}},"ast-content-background-meta":{"desktop":{"background-color":"var(--ast-global-color-5)","background-image":"","background-repeat":"repeat","background-position":"center center","background-size":"auto","background-attachment":"scroll","background-type":"","background-media":"","overlay-type":"","overlay-color":"","overlay-opacity":"","overlay-gradient":""},"tablet":{"background-color":"var(--ast-global-color-5)","background-image":"","background-repeat":"repeat","background-position":"center center","background-size":"auto","background-attachment":"scroll","background-type":"","background-media":"","overlay-type":"","overlay-color":"","overlay-opacity":"","overlay-gradient":""},"mobile":{"background-color":"var(--ast-global-color-5)","background-image":"","background-repeat":"repeat","background-position":"center center","background-size":"auto","background-attachment":"scroll","background-type":"","background-media":"","overlay-type":"","overlay-color":"","overlay-opacity":"","overlay-gradient":""}},"footnotes":""},"categories":[149],"tags":[],"class_list":["post-65134","post","type-post","status-publish","format-standard","hentry","category-entrevistas"],"spectra_blocks_featured_image_url":null,"spectra_blocks_author_info":{"display_name":"Jorge Alfredo Baret","avatar_url":"https:\/\/secure.gravatar.com\/avatar\/31696f5ca83439b642450ec7d3f82f98451a5efacb414343d5478c982b337f26?s=96&d=mm&r=g","author_link":"https:\/\/100xd.com.ar\/en\/author\/jorge\/","description":"Ingeniero Qu\u00edmico UTN - Director Apoderado de Comunicaciones Auditadas SA. Editor Responsable 100xd.com.ar."},"_links":{"self":[{"href":"https:\/\/100xd.com.ar\/en\/wp-json\/wp\/v2\/posts\/65134","targetHints":{"allow":["GET"]}}],"collection":[{"href":"https:\/\/100xd.com.ar\/en\/wp-json\/wp\/v2\/posts"}],"about":[{"href":"https:\/\/100xd.com.ar\/en\/wp-json\/wp\/v2\/types\/post"}],"author":[{"embeddable":true,"href":"https:\/\/100xd.com.ar\/en\/wp-json\/wp\/v2\/users\/9"}],"replies":[{"embeddable":true,"href":"https:\/\/100xd.com.ar\/en\/wp-json\/wp\/v2\/comments?post=65134"}],"version-history":[{"count":1,"href":"https:\/\/100xd.com.ar\/en\/wp-json\/wp\/v2\/posts\/65134\/revisions"}],"predecessor-version":[{"id":65136,"href":"https:\/\/100xd.com.ar\/en\/wp-json\/wp\/v2\/posts\/65134\/revisions\/65136"}],"wp:attachment":[{"href":"https:\/\/100xd.com.ar\/en\/wp-json\/wp\/v2\/media?parent=65134"}],"wp:term":[{"taxonomy":"category","embeddable":true,"href":"https:\/\/100xd.com.ar\/en\/wp-json\/wp\/v2\/categories?post=65134"},{"taxonomy":"post_tag","embeddable":true,"href":"https:\/\/100xd.com.ar\/en\/wp-json\/wp\/v2\/tags?post=65134"}],"curies":[{"name":"wp","href":"https:\/\/api.w.org\/{rel}","templated":true}]}}