{"id":63808,"date":"2022-03-29T10:53:52","date_gmt":"2022-03-29T13:53:52","guid":{"rendered":"https:\/\/100xd.com.ar\/?p=63808"},"modified":"2022-03-29T10:53:52","modified_gmt":"2022-03-29T13:53:52","slug":"rusia-reducira-drasticamente-su-actividad-militar-en-kiev-y-chernihiv","status":"publish","type":"post","link":"https:\/\/100xd.com.ar\/en\/rusia-reducira-drasticamente-su-actividad-militar-en-kiev-y-chernihiv\/","title":{"rendered":"Rusia reducir\u00e1 \u201cdr\u00e1sticamente\u201d su actividad militar en Kiev y Chernihiv"},"content":{"rendered":"<p class=\"wp-block-paragraph\"><strong>Rusia ha decidido reducir dr\u00e1sticamente su actividad militar centrada en las ciudades ucranianas Kiev y Chern\u00edgov (Chernihiv)<\/strong>, seg\u00fan declar\u00f3 el martes su secretario de Estado de Defensa, tras las conversaciones mantenidas por los equipos negociadores ruso y ucraniano en Estambul.<\/p>\n\n\n\n<p class=\"wp-block-paragraph\">El secretario de Estado ruso,&nbsp;<strong>Alexander Fomin<\/strong>, dijo que la decisi\u00f3n se tom\u00f3 en aras de<strong>&nbsp;crear la confianza mutua y las condiciones necesarias para que se produzcan nuevas conversaciones<\/strong>.https:\/\/7857365b56b5a5a5bb21e8b2885312a2.safeframe.googlesyndication.com\/safeframe\/1-0-38\/html\/container.html<\/p>\n\n\n\n<p class=\"wp-block-paragraph\">\u201cComo las negociaciones sobre un acuerdo de neutralidad y el estatuto no nuclear de Ucrania entran en una dimensi\u00f3n pr\u00e1ctica (&#8230;), se decidi\u00f3, para aumentar la confianza, reducir de manera radical la actividad militar hacia Kiev y Chern\u00edgov (Chernihiv)\u201d, declar\u00f3 Fomin en Estambul.&nbsp;<strong>El jefe de la delegaci\u00f3n rusa, Vladimir Medinksi, dijo que las negociaciones fueron \u201csignificativas\u201d.<\/strong><\/p>\n\n\n\n<p class=\"wp-block-paragraph\">\u201cDespu\u00e9s de la conversaci\u00f3n sustantiva de hoy&nbsp;<strong>hemos acordado y propuesto un arreglo, seg\u00fan el cual la reuni\u00f3n de los jefes de Estado es posible simult\u00e1neamente con el iniciaci\u00f3n del tratado<\/strong>\u201d, dijo, en referencia a Vladmir Putin y el presidente ucraniano, Volod\u00edmir Zelensky.Roman Abramovich asiste al di\u00e1logo en Turqu\u00edahttps:\/\/imasdk.googleapis.com\/js\/core\/bridge3.508.0_debug_es.html#goog_20577174170 seconds of 13 secondsVolume 0%&nbsp;El magnate ruso participa de las negociaciones entre Ucrania y Rusia<\/p>\n\n\n\n<p class=\"wp-block-paragraph\">Medinski matiz\u00f3 que&nbsp;<strong>la firma de dicho tratado \u201cno ser\u00e1 un asunto sencillo\u201d<\/strong>, ya que la reuni\u00f3n donde se consuma \u201cposiblemente\u201d tendr\u00e1 que incluir no s\u00f3lo a Rusia y Ucrania, sino tambi\u00e9n a los \u201cpa\u00edses garantes de la paz y seguridad en Ucrania\u201d.<\/p>\n\n\n\n<p class=\"wp-block-paragraph\">\u201dDe este modo, si se trabaja r\u00e1pidamente en el tratado y en la consecuci\u00f3n del compromiso necesario, la posibilidad de lograr la paz estar\u00e1 mucho m\u00e1s cerca\u201d, explic\u00f3.<\/p>\n\n\n\n<p class=\"wp-block-paragraph\">Por su parte, los negociadores ucranianos pidieron un&nbsp;<strong>acuerdo internacional para garantizar la seguridad, en el que los pa\u00edses garantes \u201cact\u00faen de forma similar al art\u00edculo n\u00famero cinco de la OTAN, e incluso con mayor firmeza\u201d<\/strong>, dijo el jefe de la delegaci\u00f3n negociadora ucraniana para las conversaciones con Rusia,&nbsp;<strong>David Arakhamia<\/strong>.<\/p>\n\n\n\n<p class=\"wp-block-paragraph\"><strong>\u201cNos gustar\u00eda que los pa\u00edses garantes fueran los del Consejo de Seguridad de Naciones Unidas (Reino Unido, China, Rusia, Estados Unidos y Francia), as\u00ed como Turqu\u00eda, Alemania, Canad\u00e1, Polonia e Israel\u201d<\/strong>, detall\u00f3 Arakhamia.Los Negociadores Ucranianos Piden Un Acuerdohttps:\/\/imasdk.googleapis.com\/js\/core\/bridge3.508.0_debug_es.html#goog_20577174180 seconds of 15 secondsVolume 0%&nbsp;Declaraciones del negociador ucraniano David Arakhamia<\/p>\n\n\n\n<p class=\"wp-block-paragraph\">En caso de un ataque o agresi\u00f3n contra Ucrania,&nbsp;<strong>Kiev podr\u00eda exigir consultas en tres d\u00edas y, si no se resolviera el asunto por v\u00eda diplom\u00e1tica, tendr\u00eda derecho a asistencia militar, incluida la declaraci\u00f3n de una zona de exclusi\u00f3n a\u00e9rea<\/strong>, describi\u00f3 el negociador ucraniano sobre el acuerdo propuesto por su delegaci\u00f3n.<\/p>\n\n\n\n<p class=\"wp-block-paragraph\">Si se dan estas garant\u00edas,&nbsp;<strong>\u201cUcrania aceptar\u00e1 ser neutral, no tendr\u00e1 armas nucleares, ni permitir\u00e1 bases militares extranjeras en su territorio\u201d<\/strong>, agreg\u00f3 otro miembro de la delegaci\u00f3n ucraniana,&nbsp;<strong>Oleksander Chalyi<\/strong>.<\/p>\n\n\n\n<p class=\"wp-block-paragraph\">Por otra parte, el negociador&nbsp;<strong>Mikhailo Podolyak<\/strong>&nbsp;apunt\u00f3 que este acuerdo<strong>&nbsp;no cubrir\u00eda \u201clos territorios temporalmente ocupados\u201d por Rusia de las autodeclaradas Rep\u00fablicas Populares de D\u00f3netsk y Lugansk, ni la pen\u00ednsula de Crimea<\/strong>, que Rusia anexion\u00f3 de forma ilegal en 2014.<\/p>\n\n\n\n<p class=\"wp-block-paragraph\">En todo caso, la propuesta&nbsp;<strong>\u201cno prev\u00e9 que Ucrania utilice la fuerza para liberar estos territorios\u201d<\/strong>, subray\u00f3 el representante ucraniano.<\/p>\n\n\n\n<p class=\"wp-block-paragraph\">El estatus de estos territorios se deber\u00e1 negociar con Rusia aparte durante un plazo de&nbsp;<strong>15 a\u00f1os<\/strong>.<img loading=\"lazy\" decoding=\"async\" alt=\"Los miembros de la delegaci\u00f3n ucraniana, David Arakhamia, Mykhailo Podolyak y Mustafa Dzhemilev, hablan con los medios de comunicaci\u00f3n despu\u00e9s de su reuni\u00f3n con los negociadores rusos en Estambul, Turqu\u00eda 29 de marzo 2022. REUTERS\/Mehmet Emin Caliskan\" height=\"3200\" width=\"4800\" class=\"\" src=\"https:\/\/cloudfront-us-east-1.images.arcpublishing.com\/infobae\/PCUREKFM5KUUQNT3X5FQ672ZEY.jpg\" srcset=\"https:\/\/www.infobae.com\/new-resizer\/GqK_xkJ3_fvES2KArmOlaW8WeSg=\/420x280\/filters:format(webp):quality(85)\/cloudfront-us-east-1.images.arcpublishing.com\/infobae\/PCUREKFM5KUUQNT3X5FQ672ZEY.jpg 420w,https:\/\/www.infobae.com\/new-resizer\/sm1VAuG2UAiNSOWjwH85BA9qhxg=\/768x512\/filters:format(webp):quality(85)\/cloudfront-us-east-1.images.arcpublishing.com\/infobae\/PCUREKFM5KUUQNT3X5FQ672ZEY.jpg 768w,https:\/\/www.infobae.com\/new-resizer\/sSYdJih5b-jt6n4D0kXauWjMKpM=\/992x661\/filters:format(webp):quality(85)\/cloudfront-us-east-1.images.arcpublishing.com\/infobae\/PCUREKFM5KUUQNT3X5FQ672ZEY.jpg 992w,https:\/\/www.infobae.com\/new-resizer\/OAESAhO7OtWob1WsmDuiyQOOevY=\/1200x800\/filters:format(webp):quality(85)\/cloudfront-us-east-1.images.arcpublishing.com\/infobae\/PCUREKFM5KUUQNT3X5FQ672ZEY.jpg 1200w,https:\/\/www.infobae.com\/new-resizer\/dg4YpUR1RM9_vCY7yfWAcFRXmCc=\/1440x960\/filters:format(webp):quality(85)\/cloudfront-us-east-1.images.arcpublishing.com\/infobae\/PCUREKFM5KUUQNT3X5FQ672ZEY.jpg 1440w\" title=\"Rusia reducir\u00e1 \u201cdr\u00e1sticamente\u201d su actividad militar en Kiev y Chernihiv\">Los miembros de la delegaci\u00f3n ucraniana, David Arakhamia, Mykhailo Podolyak y Mustafa Dzhemilev, hablan con los medios de comunicaci\u00f3n despu\u00e9s de su reuni\u00f3n con los negociadores rusos en Estambul, Turqu\u00eda 29 de marzo 2022. REUTERS\/Mehmet Emin Caliskan<\/p>\n\n\n\n<p class=\"wp-block-paragraph\">Por otra parte, Chalyi destac\u00f3 que el acuerdo&nbsp;<strong>no excluir\u00e1 en ning\u00fan caso que Ucrania ingrese en la Uni\u00f3n Europea<\/strong>&nbsp;sino que, al contrario, los pa\u00edses garantes apoyar\u00e1n activamente una adhesi\u00f3n.<\/p>\n\n\n\n<p class=\"wp-block-paragraph\">Si hubiera un acuerdo definitivo,<strong>&nbsp;su contenido deber\u00e1 ser aprobado en refer\u00e9ndum por el pueblo de Ucrania, una vez que todas las tropas rusas hayan abandonado el territorio<\/strong>, ya que un acuerdo firmado bajo presi\u00f3n ser\u00eda inv\u00e1lido, se\u00f1al\u00f3 la delegaci\u00f3n ucraniana.<\/p>\n\n\n\n<p class=\"wp-block-paragraph\">Los negociadores ucranianos y rusos se reunieron en Turqu\u00eda el martes para las primeras conversaciones cara a cara en casi tres semanas, con Ucrania buscando un alto el fuego sin comprometer el territorio o la soberan\u00eda, ya que sus fuerzas han hecho retroceder a los rusos de Kiev.<\/p>\n\n\n\n<p class=\"wp-block-paragraph\"><em>(Con informaci\u00f3n de Reuters, AFP y EFE)<\/em><\/p>\n\n\n\n<p class=\"wp-block-paragraph\">Fuente:<a href=\"https:\/\/www.infobae.com\/america\/\"> Infobae.com<\/a><\/p>","protected":false},"excerpt":{"rendered":"<p>Rusia ha decidido reducir dr\u00e1sticamente su actividad militar centrada en las ciudades ucranianas Kiev y Chern\u00edgov (Chernihiv), seg\u00fan declar\u00f3 el martes su secretario de Estado de Defensa, tras las conversaciones mantenidas por los equipos negociadores ruso y ucraniano en Estambul. El secretario de Estado ruso,&nbsp;Alexander Fomin, dijo que la decisi\u00f3n se tom\u00f3 en aras de&nbsp;crear [&hellip;]<\/p>\n","protected":false},"author":9,"featured_media":0,"comment_status":"open","ping_status":"open","sticky":false,"template":"","format":"standard","meta":{"site-sidebar-layout":"default","site-content-layout":"","ast-site-content-layout":"default","site-content-style":"default","site-sidebar-style":"default","ast-global-header-display":"","ast-banner-title-visibility":"","ast-main-header-display":"","ast-hfb-above-header-display":"","ast-hfb-below-header-display":"","ast-hfb-mobile-header-display":"","site-post-title":"","ast-breadcrumbs-content":"","ast-featured-img":"","footer-sml-layout":"","ast-disable-related-posts":"","theme-transparent-header-meta":"","adv-header-id-meta":"","stick-header-meta":"","header-above-stick-meta":"","header-main-stick-meta":"","header-below-stick-meta":"","astra-migrate-meta-layouts":"default","ast-page-background-enabled":"default","ast-page-background-meta":{"desktop":{"background-color":"","background-image":"","background-repeat":"repeat","background-position":"center center","background-size":"auto","background-attachment":"scroll","background-type":"","background-media":"","overlay-type":"","overlay-color":"","overlay-opacity":"","overlay-gradient":""},"tablet":{"background-color":"","background-image":"","background-repeat":"repeat","background-position":"center center","background-size":"auto","background-attachment":"scroll","background-type":"","background-media":"","overlay-type":"","overlay-color":"","overlay-opacity":"","overlay-gradient":""},"mobile":{"background-color":"","background-image":"","background-repeat":"repeat","background-position":"center center","background-size":"auto","background-attachment":"scroll","background-type":"","background-media":"","overlay-type":"","overlay-color":"","overlay-opacity":"","overlay-gradient":""}},"ast-content-background-meta":{"desktop":{"background-color":"var(--ast-global-color-5)","background-image":"","background-repeat":"repeat","background-position":"center center","background-size":"auto","background-attachment":"scroll","background-type":"","background-media":"","overlay-type":"","overlay-color":"","overlay-opacity":"","overlay-gradient":""},"tablet":{"background-color":"var(--ast-global-color-5)","background-image":"","background-repeat":"repeat","background-position":"center center","background-size":"auto","background-attachment":"scroll","background-type":"","background-media":"","overlay-type":"","overlay-color":"","overlay-opacity":"","overlay-gradient":""},"mobile":{"background-color":"var(--ast-global-color-5)","background-image":"","background-repeat":"repeat","background-position":"center center","background-size":"auto","background-attachment":"scroll","background-type":"","background-media":"","overlay-type":"","overlay-color":"","overlay-opacity":"","overlay-gradient":""}},"footnotes":""},"categories":[25],"tags":[],"class_list":["post-63808","post","type-post","status-publish","format-standard","hentry","category-destacado"],"spectra_blocks_featured_image_url":null,"spectra_blocks_author_info":{"display_name":"Jorge Alfredo Baret","avatar_url":"https:\/\/secure.gravatar.com\/avatar\/31696f5ca83439b642450ec7d3f82f98451a5efacb414343d5478c982b337f26?s=96&d=mm&r=g","author_link":"https:\/\/100xd.com.ar\/en\/author\/jorge\/","description":"Ingeniero Qu\u00edmico UTN - Director Apoderado de Comunicaciones Auditadas SA. Editor Responsable 100xd.com.ar."},"_links":{"self":[{"href":"https:\/\/100xd.com.ar\/en\/wp-json\/wp\/v2\/posts\/63808","targetHints":{"allow":["GET"]}}],"collection":[{"href":"https:\/\/100xd.com.ar\/en\/wp-json\/wp\/v2\/posts"}],"about":[{"href":"https:\/\/100xd.com.ar\/en\/wp-json\/wp\/v2\/types\/post"}],"author":[{"embeddable":true,"href":"https:\/\/100xd.com.ar\/en\/wp-json\/wp\/v2\/users\/9"}],"replies":[{"embeddable":true,"href":"https:\/\/100xd.com.ar\/en\/wp-json\/wp\/v2\/comments?post=63808"}],"version-history":[{"count":1,"href":"https:\/\/100xd.com.ar\/en\/wp-json\/wp\/v2\/posts\/63808\/revisions"}],"predecessor-version":[{"id":63810,"href":"https:\/\/100xd.com.ar\/en\/wp-json\/wp\/v2\/posts\/63808\/revisions\/63810"}],"wp:attachment":[{"href":"https:\/\/100xd.com.ar\/en\/wp-json\/wp\/v2\/media?parent=63808"}],"wp:term":[{"taxonomy":"category","embeddable":true,"href":"https:\/\/100xd.com.ar\/en\/wp-json\/wp\/v2\/categories?post=63808"},{"taxonomy":"post_tag","embeddable":true,"href":"https:\/\/100xd.com.ar\/en\/wp-json\/wp\/v2\/tags?post=63808"}],"curies":[{"name":"wp","href":"https:\/\/api.w.org\/{rel}","templated":true}]}}