{"id":58567,"date":"2021-11-01T10:44:28","date_gmt":"2021-11-01T13:44:28","guid":{"rendered":"http:\/\/www.100xd.com.ar\/?p=58567"},"modified":"2021-11-01T10:44:34","modified_gmt":"2021-11-01T13:44:34","slug":"alberto-fernandez-la-negociacion-con-el-fmi-va-avanzando-con-dificultades-porque-hay-muchos-intereses-en-pugna","status":"publish","type":"post","link":"https:\/\/100xd.com.ar\/en\/alberto-fernandez-la-negociacion-con-el-fmi-va-avanzando-con-dificultades-porque-hay-muchos-intereses-en-pugna\/","title":{"rendered":"Alberto Fern\u00e1ndez: \u201cLa negociaci\u00f3n con el FMI va avanzando con dificultades, porque hay muchos intereses en pugna\u201d"},"content":{"rendered":"<p class=\"paragraph\"><b>(<\/b><i><b>Enviado especial a Glasgow<\/b><\/i><b>) Alberto Fern\u00e1ndez abandon\u00f3 Roma con una sonrisa de satisfacci\u00f3n<\/b>:\u00a0<mark class=\"hl_yellow\">hab\u00eda logrado que el G20 recomendara al Fondo Monetario Internacional (FMI) que revisara su pol\u00edtica vinculada a los sobrecargos<\/mark>, un castigo financiero que causa al pa\u00eds un pago extra de 1.000 millones de d\u00f3lares anuales.<\/p>\n<p class=\"paragraph\">Cuando lleg\u00f3 al aeropuerto de Glasgow, cerca de las 21 (hora local),\u00a0<b>el presidente subi\u00f3 a un auto oficial y se dirigi\u00f3 al hotel Hilton Double Tree de Edimburgo,\u00a0<\/b><mark class=\"hl_yellow\">el \u00fanico lugar disponible para dormir a pocas horas de iniciarse la Cumbre de Cambio Clim\u00e1tico (COP26).<\/mark>\u00a0Se lo notaba cansado, pero dispuesto a contestar las preguntas de los 15 medios que cubren su gira por Europa, incluido\u00a0<b>Infobae.<\/b><\/p>\n<p class=\"paragraph\">A continuaci\u00f3n, el reportaje que Alberto Fern\u00e1ndez concedi\u00f3 antes de cenar con la comitiva en la Brasserie Bread St.<\/p>\n<p class=\"paragraph\"><b>\u2014 Teniendo en cuenta la reuni\u00f3n con Kristalina Georgieva, m\u00e1s el comunicado emitido por el G20 que reconoce la posici\u00f3n del gobierno argentino sobre los sobrecargos, la aplicaci\u00f3n de los DEG que pertenecen a los grandes pa\u00edses y quiz\u00e1s la creaci\u00f3n de tres fondos especiales, \u00bfcu\u00e1n cerca est\u00e1 la Argentina de lograr el acuerdo con el Fondo Monetario?<\/b><\/p>\n<p class=\"paragraph\">\u2014\u00a0<mark class=\"hl_yellow\">El proceso de negociaci\u00f3n est\u00e1 ocurriendo en este momento.\u00a0<\/mark>Mart\u00edn Guzm\u00e1n y Gustavo Beliz se quedaron en Roma negociando con el equipo.\u00a0<mark class=\"hl_yellow\">As\u00ed que eso est\u00e1 funcionando.<\/mark>\u00a0Yo lo que creo es que lo que tuvo mucho sentido en el G20, para Argentina, es que nosotros vinimos con un planteo de llamar la atenci\u00f3n sobre lo que est\u00e1 pasando en el mundo.\u00a0<mark class=\"hl_yellow\">El mundo de la post pandemia es un mundo sufriente, donde hay muchos pa\u00edses endeudados, donde hay muchos pa\u00edses en crisis.<\/mark>\u00a0Y lo que nosotros hicimos, que fue una suerte de com\u00fan denominador de mis tres discursos en el G20, fue llamar la atenci\u00f3n sobre los problemas de financiamiento que va a enfrentar el mundo despu\u00e9s de la crisis de la pandemia. Entre ellos el de Argentina.\u00a0<a href=\"https:\/\/www.infobae.com\/politica\/2021\/10\/31\/alberto-fernandez-dejo-roma-y-se-dirige-a-glasgow-para-participar-de-la-cumbre-sobre-cambio-climatico\/\" target=\"_blank\">Yo plante\u00e9 el de Argentina s\u00f3lo en el primer discurso. Pero es una constante en los tres discursos:<\/a>\u00a0advertir que estamos con un problema econ\u00f3mico de gran seriedad, de enorme desigualdad, que esa desigualdad reclama financiamiento y que ese financiamiento el mundo desarrollado lo tiene que advertir.<\/p>\n<p class=\"paragraph\"><b>\u2014 Por el cr\u00e9dito que firm\u00f3 Mauricio Macri, Argentina tiene que pagar a lo largo de todo el 2022 cerca de 19.000 millones de d\u00f3lares, adem\u00e1s del acuerdo atado con el Club de Par\u00eds. \u00bfDesde su perspectiva, Argentina llega a cerrar la negociaci\u00f3n para cumplir con esos plazos?<\/b><\/p>\n<p class=\"paragraph\">\u2014\u00a0<mark class=\"hl_yellow\">Es evidente que la Argentina no puede pagar 19.000 millones de d\u00f3lares el a\u00f1o que viene.<\/mark>\u00a0No hace falta que nadie lo pregunte. Nosotros estamos trabajando para poder encontrar un acuerdo que sea sostenible. Esto quiere decir que no postergue el crecimiento y el desarrollo que la Argentina est\u00e1 sintiendo, que no nos imponga un ajuste que socialmente cueste. Y que adem\u00e1s el acuerdo al que lleguemos la Argentina lo pueda cumplir en el tiempo. Est\u00e1 claro que lo que firm\u00f3 Macri es un acuerdo de imposible cumplimiento. Y est\u00e1 claro que ese fue un acuerdo de un plan que propuso el Fondo, y que en la primera revisi\u00f3n demostr\u00f3 su fracaso.<\/p>\n<p class=\"paragraph\"><b>\u2014 \u00bfCree que el apoyo de los pa\u00edses del G20 en los sobrecargos y en la creaci\u00f3n de nuevos fondos o de nuevos programas implica que cuando esto llegue al board del FMI, en diciembre, esos pa\u00edses van a votar a favor del tema?<\/b><\/p>\n<p class=\"paragraph\">\u2014 Yo llevo esto desde el primer d\u00eda, hice un trabajo laborioso con toda Europa. Que en este encuentro (del G20) volvi\u00f3 a repetirse: con (Angela) Merkel, con (Emmanuel) Macron, con Pedro S\u00e1nchez, y los comisionados europeos. Todos tuvieron el mismo sentido, que primero es agradecer y luego seguir buscando ese apoyo que hasta aqu\u00ed siempre hemos conseguido de ellos para tratar de resolver el problema de la deuda con un sentido razonable.\u00a0<mark class=\"hl_yellow\">Lo que hemos logrado hoy es que el G20 entienda el planteo argentino<\/mark>\u00a0y no solamente proponga fondos para la resiliencia de la pandemia para los pa\u00edses de renta baja y media, que era nuestro reclamo, porque los pa\u00edses de renta media contienen el 60% de la pobreza en el mundo, sino que tambi\u00e9n le planteo al Fondo la necesidad de seguir avanzando en el directorio de diciembre con la resoluci\u00f3n del tema de los sobrecargos.<\/p>\n<div class=\"visual__image\"><img loading=\"lazy\" decoding=\"async\" src=\"https:\/\/www.infobae.com\/new-resizer\/Kv23zkvCfhQgJmhuPj276nce3Kg=\/420x280\/filters:format(jpg):quality(85)\/cloudfront-us-east-1.images.arcpublishing.com\/infobae\/GZ3R4M4OGZGWZO23M5EU2PXV4Q.PNG%20420w\" sizes=\"auto, (min-width: 800px) 50vw, 90vw\" srcset=\"https:\/\/www.infobae.com\/new-resizer\/Kv23zkvCfhQgJmhuPj276nce3Kg=\/420x280\/filters:format(jpg):quality(85)\/cloudfront-us-east-1.images.arcpublishing.com\/infobae\/GZ3R4M4OGZGWZO23M5EU2PXV4Q.PNG 420w,https:\/\/www.infobae.com\/new-resizer\/xNw6yZPJ7scxqyuiQdwybyly6Pc=\/768x512\/filters:format(jpg):quality(85)\/cloudfront-us-east-1.images.arcpublishing.com\/infobae\/GZ3R4M4OGZGWZO23M5EU2PXV4Q.PNG 768w,https:\/\/www.infobae.com\/new-resizer\/-qORdMesTQnFj_zs1El6Zzfn0cU=\/992x661\/filters:format(jpg):quality(85)\/cloudfront-us-east-1.images.arcpublishing.com\/infobae\/GZ3R4M4OGZGWZO23M5EU2PXV4Q.PNG 992w,https:\/\/www.infobae.com\/new-resizer\/ht1GDImV3LuF3h8nBn4x7oZQ6MI=\/1200x800\/filters:format(jpg):quality(85)\/cloudfront-us-east-1.images.arcpublishing.com\/infobae\/GZ3R4M4OGZGWZO23M5EU2PXV4Q.PNG 1200w,https:\/\/www.infobae.com\/new-resizer\/cy1dHTIX4LUXprwt_EHXpajiXsU=\/1440x960\/filters:format(jpg):quality(85)\/cloudfront-us-east-1.images.arcpublishing.com\/infobae\/GZ3R4M4OGZGWZO23M5EU2PXV4Q.PNG 1440w\" alt=\"Alberto Fern\u00e1ndez y Kristalina Georgieva durante su encuentro en la embajada argentina en Roma\" width=\"4096\" height=\"2731\"  title=\"Alberto Fern\u00e1ndez: \u201cLa negociaci\u00f3n con el FMI va avanzando con dificultades, porque hay muchos intereses en pugna\u201d\" \/>Alberto Fern\u00e1ndez y Kristalina Georgieva durante su encuentro en la embajada argentina en Roma<\/div>\n<p class=\"paragraph\"><b>\u2014 \u00bfUsted mantuvo un encuentro importante con la titular del Fondo Monetario, Kristalina Georgieva. \u00bfCu\u00e1les son las conclusiones de ese encuentro? \u00bfbuscaba usted all\u00ed alg\u00fan tipo de punto de inflexi\u00f3n para destrabar la negociaci\u00f3n?<\/b><\/p>\n<p class=\"paragraph\">\u2014<mark class=\"hl_yellow\">\u00a0La negociaci\u00f3n va avanzando con las dificultades que una negociaci\u00f3n supone, porque hay muchos intereses en pugna,<\/mark>\u00a0y porque tambi\u00e9n es cierto que hay un mundo financiero que ha demostrado el fracaso y que se resiste a cambiar y a aceptar la crisis que ha generado.\u00a0<mark class=\"hl_yellow\">La reuni\u00f3n con Kristalina Georgieva fue buena,<\/mark>\u00a0fue una buena reuni\u00f3n donde nos dijimos francamente las cosas. Donde ratificamos nuestro deseo de cumplir nuestros compromisos, pero no a costa de postergar a nuestra gente. Despu\u00e9s, a la noche (de ayer en Roma), la encontr\u00e9 en la cena y volvimos a hablar.<\/p>\n<p class=\"paragraph\">\u2014\u00a0<b>\u00bfQu\u00e9 significa buena?<\/b><\/p>\n<p class=\"paragraph\">\u2014\u00a0<mark class=\"hl_yellow\">Que fue fruct\u00edfera.<\/mark>\u00a0<mark class=\"hl_yellow\">Buscamos mecanismos para seguir avanzando y seguir encontrando puntos de acuerdo. Hablamos tambi\u00e9n de los sobrecargos, me dijo que eso est\u00e1 previsto ser analizado en el directorio de diciembre.\u00a0<\/mark>Y de verdad, me voy satisfecho. E inclusive en la premura de tratar de buscar una soluci\u00f3n se quedaron los equipos, los del Fondo y Mart\u00edn (Guzm\u00e1n) a la cabeza con Gustavo B\u00e9liz para seguir adelante trabajando.<\/p>\n<p class=\"paragraph\">\u2014\u00a0<b>\u00bfEs posible que viaje a Estados Unidos, tras su conversaci\u00f3n informal con Joseph Biden?<\/b><\/p>\n<p class=\"paragraph\">\u2014\u00a0<mark class=\"hl_yellow\">No, no hablamos nada de eso.<\/mark>\u00a0La casualidad fue que en la cena de anoche (jueves en Roma), la se\u00f1ora Biden se ubic\u00f3 a mi lado, y tuvimos una cena espl\u00e9ndida de verdad. Hablamos toda la noche y fue muy divertido.\u00a0<mark class=\"hl_yellow\">Fue muy lindo encontrarlo al presidente Biden.<\/mark>\u00a0<mark class=\"hl_yellow\">Yo veo muchos de sus planteos con mucha simpat\u00eda<\/mark>\u00a0y, bueno, ojal\u00e1 podamos en alg\u00fan momento concretar una reuni\u00f3n.<\/p>\n<p class=\"paragraph\"><b>\u2014 \u00bfHabl\u00f3 con Cristina?<\/b><\/p>\n<p class=\"paragraph\">\u2014\u00a0<mark class=\"hl_yellow\">Todav\u00eda no<\/mark>. Supongo que le hablar\u00e9 ma\u00f1ana.<\/p>\n<p class=\"paragraph\">Fuente:<a href=\"https:\/\/www.infobae.com\/?noredirect\"> Infobae.com<\/a><\/p>","protected":false},"excerpt":{"rendered":"<p>(Enviado especial a Glasgow) Alberto Fern\u00e1ndez abandon\u00f3 Roma con una sonrisa de satisfacci\u00f3n:\u00a0hab\u00eda logrado que el G20 recomendara al Fondo Monetario Internacional (FMI) que revisara su pol\u00edtica vinculada a los sobrecargos, un castigo financiero que causa al pa\u00eds un pago extra de 1.000 millones de d\u00f3lares anuales. Cuando lleg\u00f3 al aeropuerto de Glasgow, cerca de [&hellip;]<\/p>\n","protected":false},"author":4,"featured_media":0,"comment_status":"open","ping_status":"open","sticky":false,"template":"","format":"standard","meta":{"site-sidebar-layout":"default","site-content-layout":"","ast-site-content-layout":"default","site-content-style":"default","site-sidebar-style":"default","ast-global-header-display":"","ast-banner-title-visibility":"","ast-main-header-display":"","ast-hfb-above-header-display":"","ast-hfb-below-header-display":"","ast-hfb-mobile-header-display":"","site-post-title":"","ast-breadcrumbs-content":"","ast-featured-img":"","footer-sml-layout":"","ast-disable-related-posts":"","theme-transparent-header-meta":"","adv-header-id-meta":"","stick-header-meta":"","header-above-stick-meta":"","header-main-stick-meta":"","header-below-stick-meta":"","astra-migrate-meta-layouts":"default","ast-page-background-enabled":"default","ast-page-background-meta":{"desktop":{"background-color":"","background-image":"","background-repeat":"repeat","background-position":"center center","background-size":"auto","background-attachment":"scroll","background-type":"","background-media":"","overlay-type":"","overlay-color":"","overlay-opacity":"","overlay-gradient":""},"tablet":{"background-color":"","background-image":"","background-repeat":"repeat","background-position":"center center","background-size":"auto","background-attachment":"scroll","background-type":"","background-media":"","overlay-type":"","overlay-color":"","overlay-opacity":"","overlay-gradient":""},"mobile":{"background-color":"","background-image":"","background-repeat":"repeat","background-position":"center center","background-size":"auto","background-attachment":"scroll","background-type":"","background-media":"","overlay-type":"","overlay-color":"","overlay-opacity":"","overlay-gradient":""}},"ast-content-background-meta":{"desktop":{"background-color":"var(--ast-global-color-5)","background-image":"","background-repeat":"repeat","background-position":"center center","background-size":"auto","background-attachment":"scroll","background-type":"","background-media":"","overlay-type":"","overlay-color":"","overlay-opacity":"","overlay-gradient":""},"tablet":{"background-color":"var(--ast-global-color-5)","background-image":"","background-repeat":"repeat","background-position":"center center","background-size":"auto","background-attachment":"scroll","background-type":"","background-media":"","overlay-type":"","overlay-color":"","overlay-opacity":"","overlay-gradient":""},"mobile":{"background-color":"var(--ast-global-color-5)","background-image":"","background-repeat":"repeat","background-position":"center center","background-size":"auto","background-attachment":"scroll","background-type":"","background-media":"","overlay-type":"","overlay-color":"","overlay-opacity":"","overlay-gradient":""}},"footnotes":""},"categories":[25],"tags":[],"class_list":["post-58567","post","type-post","status-publish","format-standard","hentry","category-destacado"],"spectra_blocks_featured_image_url":null,"spectra_blocks_author_info":{"display_name":"Facundo Novillo","avatar_url":"https:\/\/secure.gravatar.com\/avatar\/09745bc65ce6bf84291d6515d5f759c04b4fce4f329b8a975a8ac2982b552d3e?s=96&d=mm&r=g","author_link":"https:\/\/100xd.com.ar\/en\/author\/facundo\/","description":""},"_links":{"self":[{"href":"https:\/\/100xd.com.ar\/en\/wp-json\/wp\/v2\/posts\/58567","targetHints":{"allow":["GET"]}}],"collection":[{"href":"https:\/\/100xd.com.ar\/en\/wp-json\/wp\/v2\/posts"}],"about":[{"href":"https:\/\/100xd.com.ar\/en\/wp-json\/wp\/v2\/types\/post"}],"author":[{"embeddable":true,"href":"https:\/\/100xd.com.ar\/en\/wp-json\/wp\/v2\/users\/4"}],"replies":[{"embeddable":true,"href":"https:\/\/100xd.com.ar\/en\/wp-json\/wp\/v2\/comments?post=58567"}],"version-history":[{"count":1,"href":"https:\/\/100xd.com.ar\/en\/wp-json\/wp\/v2\/posts\/58567\/revisions"}],"predecessor-version":[{"id":58569,"href":"https:\/\/100xd.com.ar\/en\/wp-json\/wp\/v2\/posts\/58567\/revisions\/58569"}],"wp:attachment":[{"href":"https:\/\/100xd.com.ar\/en\/wp-json\/wp\/v2\/media?parent=58567"}],"wp:term":[{"taxonomy":"category","embeddable":true,"href":"https:\/\/100xd.com.ar\/en\/wp-json\/wp\/v2\/categories?post=58567"},{"taxonomy":"post_tag","embeddable":true,"href":"https:\/\/100xd.com.ar\/en\/wp-json\/wp\/v2\/tags?post=58567"}],"curies":[{"name":"wp","href":"https:\/\/api.w.org\/{rel}","templated":true}]}}