{"id":57262,"date":"2021-09-23T10:29:54","date_gmt":"2021-09-23T13:29:54","guid":{"rendered":"http:\/\/www.100xd.com.ar\/?p=57262"},"modified":"2021-09-23T10:29:59","modified_gmt":"2021-09-23T13:29:59","slug":"estrategia-electoral-el-gobierno-hace-foco-en-distritos-del-conurbano-que-ponen-en-juego-nueve-millones-de-votos-para-revertir-la-eleccion","status":"publish","type":"post","link":"https:\/\/100xd.com.ar\/en\/estrategia-electoral-el-gobierno-hace-foco-en-distritos-del-conurbano-que-ponen-en-juego-nueve-millones-de-votos-para-revertir-la-eleccion\/","title":{"rendered":"Estrategia electoral: el Gobierno hace foco en distritos del conurbano que ponen en juego nueve millones de votos para revertir la elecci\u00f3n"},"content":{"rendered":"<p class=\"paragraph\">El presidente\u00a0<b>Alberto Fern\u00e1ndez<\/b>\u00a0quiere dejar atr\u00e1s la turbulencia pol\u00edtica que gener\u00f3 la derrota de las primarias. El gobernador bonaerense\u00a0<b>Axel Kicillof<\/b>\u00a0tambi\u00e9n. Ambos dirigentes se vieron obligados a realizar cambios profundos en sus gabinetes y ahora a tener mayor presencia en el conurbano bonaerense donde est\u00e1n los votos que le hacen falta al Frente de Todos para poder celebrar una victoria electoral en noviembre.<\/p>\n<p class=\"paragraph\"><b>La clave est\u00e1 en los 8.904.466 electores que se reparten entre la Primera y Tercera secci\u00f3n electoral<\/b>. En la Primera secci\u00f3n electoral, el oficialismo perdi\u00f3, en la Tercera gan\u00f3. Fue la \u00fanica secci\u00f3n electoral bonaerense donde el Frente de Todos se impuso a Juntos.<\/p>\n<p class=\"paragraph\">Achicar la brecha en el corredor conurbano norte y oeste es el objetivo central. En la Tercera es ampliar el margen.<\/p>\n<p class=\"paragraph\">La participaci\u00f3n en los distritos del conurbano norte y oeste fue del 68 %, coincidente con el porcentaje de participaci\u00f3n que hubo en toda la provincia.\u00a0<mark class=\"hl_yellow\"><b>El resultado tambi\u00e9n es similar a lo que sucedi\u00f3 en la elecci\u00f3n global<\/b><\/mark>.\u00a0<mark class=\"hl_yellow\"><b>Juntos se impuso por casi cinco puntos sobre el peronismo<\/b><\/mark>. El presidente\u00a0<b>Alberto Fern\u00e1ndez<\/b>\u00a0tuvo ayer su primer acto p\u00fablico en el municipio de Jos\u00e9 C. Paz, distrito de la primera secci\u00f3n electoral donde tambi\u00e9n est\u00e1n: Campana, Escobar, General Las Heras, General Rodr\u00edguez, General San Mart\u00edn, Hurlingham, Ituzaing\u00f3, Luj\u00e1n, Malvinas Argentinas, Marcos Paz, Mercedes, Merlo, Moreno, Mor\u00f3n, Navarro, Pilar, San Fernando, San Isidro, San Miguel, Suipacha, Tigre, Tres de Febrero y Vicente L\u00f3pez.<\/p>\n<p class=\"paragraph\">La idea que se plante\u00f3 en Casa Rosada es que\u00a0<b>el mandatario haga muchas recorridas por el conurbano bonaerense<\/b>.\u00a0<mark class=\"hl_yellow\"><b>No est\u00e1 comprobado cu\u00e1n efectivo puede ser en resultado electoral<\/b><\/mark><b>.<\/b>\u00a0Por caso, el gobernador bonaerense\u00a0<b>Axel Kicillof<\/b>\u00a0<b>enfoc\u00f3 la primera etapa de la campa\u00f1a en distritos donde se eligen senadores provinciales y los resultados no fueron los esperados<\/b>. Aunque en La Plata mantienen la esperanza de poder alcanzar en la S\u00e9ptima secci\u00f3n electoral el 33,33% de los votos para acceder a una banca por la C\u00e1mara alta.<\/p>\n<p class=\"paragraph\">Por\u00a0<b>el resto de las secciones electorales<\/b>, por la que se eligen senadores provinciales (Cuarta y Quinta),\u00a0<b>el gobierno sabe que la situaci\u00f3n es compleja<\/b>.<\/p>\n<p class=\"paragraph\">En cada desembarco por el conurbano, Fern\u00e1ndez contar\u00e1 con el acompa\u00f1amiento de distintos movimientos sociales afines.\u00a0<mark class=\"hl_yellow\"><b>\u201cVamos a mover permanentemente a las recorridas de Alberto\u201d<\/b><\/mark>, anunciaron desde Barrios Pie -una de las organizaciones que respalda al Gobierno- a\u00a0<b>Infobae<\/b>. Este mi\u00e9rcoles debutaron con una importante presencia de militancia en lo que fue la inauguraci\u00f3n del edificio de la carrera de la Facultad de Medicina de la UNPAZ.\u00a0<b>De la mano de los anuncios del Gobierno nacional para flexibilizar las medidas de cuidado, volvieron las movilizaciones pol\u00edticas auspiciadas por el oficialismo<\/b>.<\/p>\n<p class=\"paragraph\">Adem\u00e1s del acto en Jos\u00e9 C. Paz, esta misma semana, el ministro de Desarrollo Territorial y H\u00e1bitat,\u00a0<b>Jorge Ferraresi<\/b>, estuvo de visita y otorg\u00f3 cr\u00e9ditos en\u00a0<b>Mercedes, Luj\u00e1n y General Rodr\u00edguez<\/b>; en este \u00faltimo distrito incluso hubo una<a href=\"https:\/\/www.infobae.com\/politica\/2021\/09\/22\/entregan-heladeras-estufas-y-tarjetas-la-oposicion-denuncio-compra-de-votos-en-general-rodriguez\/\" target=\"_blank\"><b>\u00a0entrega p\u00fablica de heladeras y cocinas<\/b><\/a>\u00a0que se viraliz\u00f3.\u00a0<b>Todas esa localidades forman parte de la primera secci\u00f3n electoral,<\/b>\u00a0donde hoy volver\u00e1 a estar\u00a0<b>Juan<\/b>\u00a0<b>Manzur<\/b>: el jefe de Gabinete ir\u00e1 en persona al partido de Moreno junto a Juan Zabaleta, ministro de Desarrollo Social de la Naci\u00f3n.<\/p>\n<p class=\"paragraph\">En paralelo, los cambios en el Gabinete de Kicillof tambi\u00e9n tienen que ver con darle mayor territorialidad a la gesti\u00f3n y, con ello, a la pr\u00f3xima elecci\u00f3n. La llegada del intendente de Malvinas Argentinas,\u00a0<b>Leonardo Nardini<\/b>, al ministerio de Infraestructura y Servicios P\u00fablicos bonaerense y del jefe comunal de Lomas de Zamora,\u00a0<b>Mart\u00edn Insaurralde<\/b>, son un claro ejemplo.<\/p>\n<div class=\"visual__image\"><img loading=\"lazy\" decoding=\"async\" src=\"https:\/\/www.infobae.com\/new-resizer\/VBVVMHvqj34HrAW6cleiRjs6o0o=\/420x236\/filters:format(jpg):quality(85)\/cloudfront-us-east-1.images.arcpublishing.com\/infobae\/YM625YUSX5A4JALXVNBLBTRR3A.jpg%20420w\" sizes=\"auto, (min-width: 800px) 50vw, 90vw\" srcset=\"https:\/\/www.infobae.com\/new-resizer\/VBVVMHvqj34HrAW6cleiRjs6o0o=\/420x236\/filters:format(jpg):quality(85)\/cloudfront-us-east-1.images.arcpublishing.com\/infobae\/YM625YUSX5A4JALXVNBLBTRR3A.jpg 420w,https:\/\/www.infobae.com\/new-resizer\/I3PfSFRgJY7H1sBC9IMxbGaRIEY=\/768x432\/filters:format(jpg):quality(85)\/cloudfront-us-east-1.images.arcpublishing.com\/infobae\/YM625YUSX5A4JALXVNBLBTRR3A.jpg 768w,https:\/\/www.infobae.com\/new-resizer\/G-g7zyIMaY-eKBURLtDAeP2xYlY=\/992x558\/filters:format(jpg):quality(85)\/cloudfront-us-east-1.images.arcpublishing.com\/infobae\/YM625YUSX5A4JALXVNBLBTRR3A.jpg 992w,https:\/\/www.infobae.com\/new-resizer\/dmp1juhbJJP2_8J9lBqBMk5FsHc=\/1200x675\/filters:format(jpg):quality(85)\/cloudfront-us-east-1.images.arcpublishing.com\/infobae\/YM625YUSX5A4JALXVNBLBTRR3A.jpg 1200w,https:\/\/www.infobae.com\/new-resizer\/aqdXXE5SKsfGEP4-kpEFKWHqeh0=\/1440x810\/filters:format(jpg):quality(85)\/cloudfront-us-east-1.images.arcpublishing.com\/infobae\/YM625YUSX5A4JALXVNBLBTRR3A.jpg 1440w\" alt=\"Kicillof junto a los nuevos ministros bonaerenses \" width=\"1920\" height=\"1080\"  title=\"Estrategia electoral: el Gobierno hace foco en distritos del conurbano que ponen en juego nueve millones de votos para revertir la elecci\u00f3n\" \/>Kicillof junto a los nuevos ministros bonaerenses<\/div>\n<p class=\"paragraph\">M\u00e1s all\u00e1 de la discusi\u00f3n interna y las vicisitudes por las que llegaron al gabinete del gobierno provincial,\u00a0<b>se espera que los nuevos funcionarios impriman territorialidad,\u00a0<\/b><mark class=\"hl_yellow\"><b>tambi\u00e9n, en la campa\u00f1a electoral.<\/b><\/mark><\/p>\n<p class=\"paragraph\">En la Tercera secci\u00f3n electoral, que cuenta con 4.435.592 electores, el oficialismo gan\u00f3 con el 39,53% de los votos sobre el 31,02 que obtuvo Juntos.<\/p>\n<p class=\"paragraph\">La participaci\u00f3n de electores fue del 68,99% en esa regi\u00f3n del Gran Buenos Aires y adyacencias que incluye los distritos de Almirante Brown, Avellaneda, Berazategui, Berisso, Brandsen, Ca\u00f1uelas, Ensenada, Esteban Echeverr\u00eda, Ezeiza, Florencio Varela, La Matanza, Lan\u00fas, Lobos, Lomas de Zamora, Magdalena, Presidente Per\u00f3n, Punta Indio, Quilmes y San Vicente. Un aumento en la participaci\u00f3n, creen en el gobierno les puede dar un margen para estirar la ventaja. Hay casos puntuales, donde los c\u00e1lculos hacia las Primarias fueron totalmente distinto a lo proyectado, como por ejemplo la elecci\u00f3n en Quilmes.<\/p>\n<p class=\"paragraph\">Este mi\u00e9rcoles qui\u00e9n tambi\u00e9n se mostr\u00f3 activo en el conurbano bonaerense fue el flamante Jefe de Gabinete de la Naci\u00f3n; tras la reuni\u00f3n de Gabinete que encabez\u00f3 temprano, Manzur se traslad\u00f3 con Alberto Fern\u00e1ndez al acto en Jos\u00e9 C. Paz. Luego, recibi\u00f3 a su par bonaerense,\u00a0<b>Mart\u00edn Insaurralde<\/b>.<\/p>\n<div class=\"visual__image\"><img loading=\"lazy\" decoding=\"async\" src=\"https:\/\/www.infobae.com\/new-resizer\/WYp7cUx0uYFC_9VLE4xzu7aTsPg=\/420x236\/filters:format(jpg):quality(85)\/cloudfront-us-east-1.images.arcpublishing.com\/infobae\/YF24C2F24BCELHZPZJES27SNFI.jpg%20420w\" sizes=\"auto, (min-width: 800px) 50vw, 90vw\" srcset=\"https:\/\/www.infobae.com\/new-resizer\/WYp7cUx0uYFC_9VLE4xzu7aTsPg=\/420x236\/filters:format(jpg):quality(85)\/cloudfront-us-east-1.images.arcpublishing.com\/infobae\/YF24C2F24BCELHZPZJES27SNFI.jpg 420w,https:\/\/www.infobae.com\/new-resizer\/GA3wqF4ZhKS3FSGS4Aynf9Jg8lU=\/768x432\/filters:format(jpg):quality(85)\/cloudfront-us-east-1.images.arcpublishing.com\/infobae\/YF24C2F24BCELHZPZJES27SNFI.jpg 768w,https:\/\/www.infobae.com\/new-resizer\/UNZh8s5BjDCoMVl75ku1OyXiqTg=\/992x558\/filters:format(jpg):quality(85)\/cloudfront-us-east-1.images.arcpublishing.com\/infobae\/YF24C2F24BCELHZPZJES27SNFI.jpg 992w,https:\/\/www.infobae.com\/new-resizer\/nQ4lIFdqyHfD_vk9al4cAWxS4po=\/1200x675\/filters:format(jpg):quality(85)\/cloudfront-us-east-1.images.arcpublishing.com\/infobae\/YF24C2F24BCELHZPZJES27SNFI.jpg 1200w,https:\/\/www.infobae.com\/new-resizer\/SsDHpMMnGCZbnOgRgMxR32QtYLM=\/1440x810\/filters:format(jpg):quality(85)\/cloudfront-us-east-1.images.arcpublishing.com\/infobae\/YF24C2F24BCELHZPZJES27SNFI.jpg 1440w\" alt=\"YF24C2F24BCELHZPZJES27SNFI\" width=\"1920\" height=\"1080\"  title=\"Estrategia electoral: el Gobierno hace foco en distritos del conurbano que ponen en juego nueve millones de votos para revertir la elecci\u00f3n\" \/><\/div>\n<p class=\"paragraph\">Por la tarde, Manzur fue hasta La Matanza junto al ministro del Interior,\u00a0<b>Wado de Pedro<\/b>\u00a0y comparti\u00f3 una actividad con el intendente del distrito,\u00a0<b>Fernando Espinoza<\/b>. Espinoza, que es candidato a concejal, volvi\u00f3 un poco a la centralidad pol\u00edtica en la provincia de Buenos Aires.\u00a0<mark class=\"hl_yellow\">A la jura de nuevos ministros bonaerenses, Espinoza lleg\u00f3 caminando junto al gobernador<\/mark>. El intendente fue uno de los dirigentes que reclamaba amplitud en el Gabinete bonaerense y si bien con Insaurralde tiene sus momentos de mayor o menor sinton\u00eda, los cambios fueron celebrados.<\/p>\n<p class=\"paragraph\">Entre La Matanza y Lomas de Zamora hay 1.525.535 electores. Pese a la avanzada de Juntos, esos municipios pudieron darle la victoria al Frente de Todos. Desde all\u00ed, el peronismo buscar\u00e1 re impulsar hacia la elecci\u00f3n de noviembre.<\/p>\n<p class=\"paragraph\">Uno de los planteos que los intendentes de la Tercera secci\u00f3n electoral le hab\u00edan hecho al gobernador la semana posterior al resultado electoral de las PASO, era que a la campa\u00f1a le faltaba territorialidad y que el mandatario provincial deb\u00eda marcar mayor presencia en los distritos.<\/p>\n<p class=\"paragraph\">Fuente:<a href=\"https:\/\/www.infobae.com\/?noredirect\"> Infobae.com<\/a><\/p>","protected":false},"excerpt":{"rendered":"<p>El presidente\u00a0Alberto Fern\u00e1ndez\u00a0quiere dejar atr\u00e1s la turbulencia pol\u00edtica que gener\u00f3 la derrota de las primarias. El gobernador bonaerense\u00a0Axel Kicillof\u00a0tambi\u00e9n. Ambos dirigentes se vieron obligados a realizar cambios profundos en sus gabinetes y ahora a tener mayor presencia en el conurbano bonaerense donde est\u00e1n los votos que le hacen falta al Frente de Todos para poder [&hellip;]<\/p>\n","protected":false},"author":9,"featured_media":0,"comment_status":"open","ping_status":"open","sticky":false,"template":"","format":"standard","meta":{"site-sidebar-layout":"default","site-content-layout":"","ast-site-content-layout":"default","site-content-style":"default","site-sidebar-style":"default","ast-global-header-display":"","ast-banner-title-visibility":"","ast-main-header-display":"","ast-hfb-above-header-display":"","ast-hfb-below-header-display":"","ast-hfb-mobile-header-display":"","site-post-title":"","ast-breadcrumbs-content":"","ast-featured-img":"","footer-sml-layout":"","ast-disable-related-posts":"","theme-transparent-header-meta":"","adv-header-id-meta":"","stick-header-meta":"","header-above-stick-meta":"","header-main-stick-meta":"","header-below-stick-meta":"","astra-migrate-meta-layouts":"default","ast-page-background-enabled":"default","ast-page-background-meta":{"desktop":{"background-color":"","background-image":"","background-repeat":"repeat","background-position":"center center","background-size":"auto","background-attachment":"scroll","background-type":"","background-media":"","overlay-type":"","overlay-color":"","overlay-opacity":"","overlay-gradient":""},"tablet":{"background-color":"","background-image":"","background-repeat":"repeat","background-position":"center center","background-size":"auto","background-attachment":"scroll","background-type":"","background-media":"","overlay-type":"","overlay-color":"","overlay-opacity":"","overlay-gradient":""},"mobile":{"background-color":"","background-image":"","background-repeat":"repeat","background-position":"center center","background-size":"auto","background-attachment":"scroll","background-type":"","background-media":"","overlay-type":"","overlay-color":"","overlay-opacity":"","overlay-gradient":""}},"ast-content-background-meta":{"desktop":{"background-color":"var(--ast-global-color-5)","background-image":"","background-repeat":"repeat","background-position":"center center","background-size":"auto","background-attachment":"scroll","background-type":"","background-media":"","overlay-type":"","overlay-color":"","overlay-opacity":"","overlay-gradient":""},"tablet":{"background-color":"var(--ast-global-color-5)","background-image":"","background-repeat":"repeat","background-position":"center center","background-size":"auto","background-attachment":"scroll","background-type":"","background-media":"","overlay-type":"","overlay-color":"","overlay-opacity":"","overlay-gradient":""},"mobile":{"background-color":"var(--ast-global-color-5)","background-image":"","background-repeat":"repeat","background-position":"center center","background-size":"auto","background-attachment":"scroll","background-type":"","background-media":"","overlay-type":"","overlay-color":"","overlay-opacity":"","overlay-gradient":""}},"footnotes":""},"categories":[25],"tags":[],"class_list":["post-57262","post","type-post","status-publish","format-standard","hentry","category-destacado"],"spectra_blocks_featured_image_url":null,"spectra_blocks_author_info":{"display_name":"Jorge Alfredo Baret","avatar_url":"https:\/\/secure.gravatar.com\/avatar\/31696f5ca83439b642450ec7d3f82f98451a5efacb414343d5478c982b337f26?s=96&d=mm&r=g","author_link":"https:\/\/100xd.com.ar\/en\/author\/jorge\/","description":"Ingeniero Qu\u00edmico UTN - Director Apoderado de Comunicaciones Auditadas SA. Editor Responsable 100xd.com.ar."},"_links":{"self":[{"href":"https:\/\/100xd.com.ar\/en\/wp-json\/wp\/v2\/posts\/57262","targetHints":{"allow":["GET"]}}],"collection":[{"href":"https:\/\/100xd.com.ar\/en\/wp-json\/wp\/v2\/posts"}],"about":[{"href":"https:\/\/100xd.com.ar\/en\/wp-json\/wp\/v2\/types\/post"}],"author":[{"embeddable":true,"href":"https:\/\/100xd.com.ar\/en\/wp-json\/wp\/v2\/users\/9"}],"replies":[{"embeddable":true,"href":"https:\/\/100xd.com.ar\/en\/wp-json\/wp\/v2\/comments?post=57262"}],"version-history":[{"count":1,"href":"https:\/\/100xd.com.ar\/en\/wp-json\/wp\/v2\/posts\/57262\/revisions"}],"predecessor-version":[{"id":57264,"href":"https:\/\/100xd.com.ar\/en\/wp-json\/wp\/v2\/posts\/57262\/revisions\/57264"}],"wp:attachment":[{"href":"https:\/\/100xd.com.ar\/en\/wp-json\/wp\/v2\/media?parent=57262"}],"wp:term":[{"taxonomy":"category","embeddable":true,"href":"https:\/\/100xd.com.ar\/en\/wp-json\/wp\/v2\/categories?post=57262"},{"taxonomy":"post_tag","embeddable":true,"href":"https:\/\/100xd.com.ar\/en\/wp-json\/wp\/v2\/tags?post=57262"}],"curies":[{"name":"wp","href":"https:\/\/api.w.org\/{rel}","templated":true}]}}