{"id":46259,"date":"2020-10-01T11:57:20","date_gmt":"2020-10-01T14:57:20","guid":{"rendered":"http:\/\/www.100xd.com.ar\/?p=46259"},"modified":"2020-10-01T11:57:27","modified_gmt":"2020-10-01T14:57:27","slug":"juntos-por-el-cambio-considero-que-el-alza-de-la-pobreza-es-por-culpa-de-la-cuarentena-tan-estricta-y-la-falta-de-reformas-estructurales","status":"publish","type":"post","link":"https:\/\/100xd.com.ar\/en\/juntos-por-el-cambio-considero-que-el-alza-de-la-pobreza-es-por-culpa-de-la-cuarentena-tan-estricta-y-la-falta-de-reformas-estructurales\/","title":{"rendered":"Juntos por el Cambio consider\u00f3 que el alza de la pobreza es por culpa de la cuarentena tan estricta y la falta de reformas estructurales"},"content":{"rendered":"<p class=\"font_tertiary paragraph\">Para la dirigencia de\u00a0<b>Juntos por el Cambio<\/b>, la principal fuerza opositora,\u00a0<mark class=\"hl_yellow\">el aumento de la pobreza al 40,9% en el primer semestre del a\u00f1o responde a problemas estructurales de la econom\u00eda a los que se sum\u00f3 una estrategia errada de la cuarentena, que empeor\u00f3 los n\u00fameros que ya ven\u00edan en descenso.<\/mark><\/p>\n<p class=\"font_tertiary paragraph\">Tres miembros de la Mesa Nacional de JxC,\u00a0<b>Alfredo Cornejo<\/b>\u00a0(UCR),\u00a0<b>Cristian Ritondo<\/b>\u00a0y\u00a0<b>Juan Manuel L\u00f3pez\u00a0<\/b>(Coalici\u00f3n C\u00edvica) y una integrante del interbloque opositor en la C\u00e1mara de Diputados,\u00a0<b>Graciela Oca\u00f1a<\/b>, en di\u00e1logo con\u00a0<b>Infobae<\/b>, coincidieron en que\u00a0<b>Alberto Fern\u00e1ndez deber\u00eda convocar a un gran di\u00e1logo multisectorial\u00a0<\/b>a partidos pol\u00edticos, empresarios y sindicalistas para analizar alternativas que permitan solucionar la situaci\u00f3n de 18,5 millones de personas que, seg\u00fan el Instituto Nacional de Estad\u00edstica y Censos (Indec), no logran cumplir con sus necesidades b\u00e1sicas.<\/p>\n<p class=\"font_tertiary paragraph\"><b>Cornejo<\/b>, presidente del radicalismo y ex gobernador de Mendoza, afirm\u00f3 que \u201cla Argentina tiene un problema de base en su econom\u00eda, pero\u00a0<b>el origen del incremento de la pobreza es la estrategia de la cuarentena cerrada<\/b>, que es la que est\u00e1 originando estos graves problemas&#8221;.<\/p>\n<p class=\"font_tertiary paragraph\">Consultado acerca de c\u00f3mo revertir esos \u00edndices tan negativos, el diputado nacional no dud\u00f3:\u00a0<b>\u201cSe sale en la direcci\u00f3n inversa a la que esta llegando el Gobierno, es decir, hay que hacer crecer la econom\u00eda, hacer m\u00e1s eficaz y eficiente el gasto p\u00fablico<\/b>, no apretar con mas impuestos al sector privado sino disminuirlos, adem\u00e1s objetivos como equilibrar nuestro presupuesto y dar se\u00f1ales de inversi\u00f3n\u201d.<\/p>\n<picture class=\"font_tertiary visual__image\"><source srcset=\"https:\/\/www.infobae.com\/new-resizer\/8MX977Jtt1WzV6NXjZI2gJ7v0EU=\/768x432\/filters:format(jpg):quality(85)\/cloudfront-us-east-1.images.arcpublishing.com\/infobae\/7ZDHLDWSXJGCBNBLNR7P4M2DLQ.jpg 1200w\" type=\"image\/jpg\" \/><source srcset=\"https:\/\/www.infobae.com\/new-resizer\/8MX977Jtt1WzV6NXjZI2gJ7v0EU=\/768x432\/filters:format(jpg):quality(85)\/cloudfront-us-east-1.images.arcpublishing.com\/infobae\/7ZDHLDWSXJGCBNBLNR7P4M2DLQ.jpg 992w\" type=\"image\/jpg\" \/><source srcset=\"https:\/\/www.infobae.com\/new-resizer\/8MX977Jtt1WzV6NXjZI2gJ7v0EU=\/768x432\/filters:format(jpg):quality(85)\/cloudfront-us-east-1.images.arcpublishing.com\/infobae\/7ZDHLDWSXJGCBNBLNR7P4M2DLQ.jpg 768w\" type=\"image\/jpg\" \/><source srcset=\"https:\/\/www.infobae.com\/new-resizer\/GZ7CEjtD2YiIUrtyvIOWrZ4jIJw=\/420x236\/filters:format(jpg):quality(85)\/cloudfront-us-east-1.images.arcpublishing.com\/infobae\/7ZDHLDWSXJGCBNBLNR7P4M2DLQ.jpg 420w\" type=\"image\/jpg\" \/><img loading=\"lazy\" decoding=\"async\" src=\"https:\/\/www.infobae.com\/new-resizer\/GZ7CEjtD2YiIUrtyvIOWrZ4jIJw=\/420x236\/filters:format(jpg):quality(85)\/\/cloudfront-us-east-1.images.arcpublishing.com\/infobae\/7ZDHLDWSXJGCBNBLNR7P4M2DLQ.jpg\" alt=\"Alfredo Cornejo, titular de la UCR\" width=\"1920\" height=\"1080\"  title=\"Juntos por el Cambio consider\u00f3 que el alza de la pobreza es por culpa de la cuarentena tan estricta y la falta de reformas estructurales\" \/>Alfredo Cornejo, titular de la UCR<\/picture>\n<p class=\"font_tertiary paragraph\">Seg\u00fan el titular de la UCR, Alberto Fern\u00e1ndez \u201cest\u00e1 yendo al mismo lugar que fue en su momento Cristina Kirchner, con Kicillof e incluso antes de \u00e9l:\u00a0<b>cepo, presi\u00f3n impositiva alta y ataque al sector privado, que deriv\u00f3 en recesi\u00f3n en aquella segunda temporada de la ex presidenta<\/b>. Hoy se aplica la misma receta que no dio resultado y que termin\u00f3 mal para los argentinos\u201d.<\/p>\n<p class=\"font_tertiary paragraph\">\u00bfHace falta que el Gobierno haga una convocatoria para encontrar soluciones a estos altos niveles de pobreza? \u201cS\u00ed -dijo Cornejo-,\u00a0<b>deber\u00eda hacer convocatorias amplias a la oposici\u00f3n, los sindicatos y las empresas para darles fortaleza institucional a las reformas laborales<\/b>, pero sobre la base de un programa que incentive la inversi\u00f3n, no de esta forma, que es todo lo contrario\u201d.<\/p>\n<p class=\"font_tertiary paragraph\">En la visi\u00f3n del ex gobernador mendocino, hay \u201cdos herramientas generales importantes\u201d a las que tendr\u00eda que apelar el Gobierno: \u201cUna es que<b>\u00a0la econom\u00eda crezca para poder distribuir con un Estado inteligente<\/b>, y dentro de ese esquema hacer reformas laborales que permitan bajar el desempleo y aplicar incentivos para que el sector privado pueda crear nuevos empleos\u201d.<\/p>\n<p class=\"font_tertiary paragraph\">Aun as\u00ed, Cornejo no ve que existe un plan claro del Gobierno. \u201cObviamente que\u00a0<b>falta un plan y tambi\u00e9n falta generar un clima favorable<\/b>\u00a0porque el plan por s\u00ed solo no puede ser un power point y\u00a0<b>no lo van a conseguir tratando de meterse con la justicia y tratando de imponer la agenda de Cristina Kirchner.<\/b>\u00a0Tiene que haber acuerdos institucionales para hacer reformas laborales profundas\u201d, concluy\u00f3.<\/p>\n<picture class=\"font_tertiary visual__image\"><source srcset=\"https:\/\/www.infobae.com\/new-resizer\/CjktgeLIp8IJHa8mC9puTaQyCmA=\/768x432\/filters:format(jpg):quality(85)\/cloudfront-us-east-1.images.arcpublishing.com\/infobae\/HUOHZCLWBZFNRMZ4GKBY36SD4U.jpg 1200w\" type=\"image\/jpg\" \/><source srcset=\"https:\/\/www.infobae.com\/new-resizer\/CjktgeLIp8IJHa8mC9puTaQyCmA=\/768x432\/filters:format(jpg):quality(85)\/cloudfront-us-east-1.images.arcpublishing.com\/infobae\/HUOHZCLWBZFNRMZ4GKBY36SD4U.jpg 992w\" type=\"image\/jpg\" \/><source srcset=\"https:\/\/www.infobae.com\/new-resizer\/CjktgeLIp8IJHa8mC9puTaQyCmA=\/768x432\/filters:format(jpg):quality(85)\/cloudfront-us-east-1.images.arcpublishing.com\/infobae\/HUOHZCLWBZFNRMZ4GKBY36SD4U.jpg 768w\" type=\"image\/jpg\" \/><source srcset=\"https:\/\/www.infobae.com\/new-resizer\/fCWmMx7XH57w_GSFXPokjm4zHSc=\/420x236\/filters:format(jpg):quality(85)\/cloudfront-us-east-1.images.arcpublishing.com\/infobae\/HUOHZCLWBZFNRMZ4GKBY36SD4U.jpg 420w\" type=\"image\/jpg\" \/><img loading=\"lazy\" decoding=\"async\" src=\"https:\/\/www.infobae.com\/new-resizer\/fCWmMx7XH57w_GSFXPokjm4zHSc=\/420x236\/filters:format(jpg):quality(85)\/\/cloudfront-us-east-1.images.arcpublishing.com\/infobae\/HUOHZCLWBZFNRMZ4GKBY36SD4U.jpg\" alt=\"Cristian Ritondo\" width=\"1920\" height=\"1080\"  title=\"Juntos por el Cambio consider\u00f3 que el alza de la pobreza es por culpa de la cuarentena tan estricta y la falta de reformas estructurales\" \/>Cristian Ritondo<\/picture>\n<p class=\"font_tertiary paragraph\">La mirada de Cornejo es similar a la de\u00a0<b>Cristian Ritondo<\/b>, jefe del bloque de diputados nacionales del PRO, quien sostuvo que \u201clo que le hemos planteado al Presidente en las pocas reuniones que tuvo con nosotros es que debe hacer<b>\u00a0una convocatoria amplia para buscar soluciones<\/b>\u00a0y que tiene una oposici\u00f3n responsable para encontrar salidas para temas como el de la pobreza\u201d.<\/p>\n<p class=\"font_tertiary paragraph\">Record\u00f3 que Juntos por el Cambio \u201cviene advirtiendo que el tema de la salud es muy importante, pero que<b>\u00a0hab\u00eda que prestarle atenci\u00f3n a la econom\u00eda<\/b>\u00a0para evitar lo que estamos viviendo&#8221;.<\/p>\n<p class=\"font_tertiary paragraph\">El legislador se\u00f1al\u00f3 que\u00a0<b>&#8220;no se tuvo criterio para que la econom\u00eda siguiera funcionando de alguna forma<\/b>\u00a0y cada vez que lo planteamos se interpret\u00f3 como algo desafiante, pero hoy se ve como nunca la dura realidad de los argentinos por los datos del Indec, que incluso pueden empeorar\u201d.<\/p>\n<p class=\"font_tertiary paragraph\">Ritondo consider\u00f3 que \u201ces urgente que el Presidente tome medidas activas en la econom\u00eda, muchas de las que hemos propuesto\u201d, e hizo hincapi\u00e9 en que<b>\u00a0\u201cno puede ser que el Senado hasta hoy no haya tratado la Ley de Quiebras o la Ley de Econom\u00eda del Conocimiento, que es el tercer sector que m\u00e1s exporta y el que m\u00e1s ingreso de divisas le produce a la Argentina\u201d.<\/b><\/p>\n<picture class=\"font_tertiary visual__image\"><source srcset=\"https:\/\/www.infobae.com\/new-resizer\/foPd8rAo6vxZV8MzeShJFTKBAI0=\/768x432\/filters:format(jpg):quality(85)\/cloudfront-us-east-1.images.arcpublishing.com\/infobae\/TXXD5ELNUFATDIENW534WYU7KE.jpg 1200w\" type=\"image\/jpg\" \/><source srcset=\"https:\/\/www.infobae.com\/new-resizer\/foPd8rAo6vxZV8MzeShJFTKBAI0=\/768x432\/filters:format(jpg):quality(85)\/cloudfront-us-east-1.images.arcpublishing.com\/infobae\/TXXD5ELNUFATDIENW534WYU7KE.jpg 992w\" type=\"image\/jpg\" \/><source srcset=\"https:\/\/www.infobae.com\/new-resizer\/foPd8rAo6vxZV8MzeShJFTKBAI0=\/768x432\/filters:format(jpg):quality(85)\/cloudfront-us-east-1.images.arcpublishing.com\/infobae\/TXXD5ELNUFATDIENW534WYU7KE.jpg 768w\" type=\"image\/jpg\" \/><source srcset=\"https:\/\/www.infobae.com\/new-resizer\/VYE_96I3VO95x_qKCB44si_KhwU=\/420x236\/filters:format(jpg):quality(85)\/cloudfront-us-east-1.images.arcpublishing.com\/infobae\/TXXD5ELNUFATDIENW534WYU7KE.jpg 420w\" type=\"image\/jpg\" \/><img loading=\"lazy\" decoding=\"async\" src=\"https:\/\/www.infobae.com\/new-resizer\/VYE_96I3VO95x_qKCB44si_KhwU=\/420x236\/filters:format(jpg):quality(85)\/\/cloudfront-us-east-1.images.arcpublishing.com\/infobae\/TXXD5ELNUFATDIENW534WYU7KE.jpg\" alt=\"Graciela Oca\u00f1a\" width=\"1920\" height=\"1080\"  title=\"Juntos por el Cambio consider\u00f3 que el alza de la pobreza es por culpa de la cuarentena tan estricta y la falta de reformas estructurales\" \/>Graciela Oca\u00f1a<\/picture>\n<p class=\"font_tertiary paragraph\">\u00bfPor d\u00f3nde hay que arrancar para solucionar el problema de la pobreza? Seg\u00fan este dirigente del PRO, \u201c<b>primero hay que darles garant\u00eda a aquellos que quieran invertir<\/b>\u00a0porque el impuesto a la pandemia que le quieren poner a quienes tienen m\u00e1s de 200 millones de pesos no hace m\u00e1s que atentar contra la posibilidad de sostener a los trabajadores formales en el tiempo\u201d.<\/p>\n<p class=\"font_tertiary paragraph\">\u201cHoy tenemos que ver esta cantidad de argentinos que perdieron el trabajo pese a la doble indemnizaci\u00f3n, m\u00e1s las empresas que se van del pa\u00eds y los j\u00f3venes que quieren irse al exterior -puntualiz\u00f3-.\u00a0<b>Es imposible pensar una Argentina con una grieta a la que todos los d\u00edas desde el Gobierno le clavan una estaca para que sea m\u00e1s grande<\/b>\u201d.<\/p>\n<p class=\"font_tertiary paragraph\">Por su parte, la diputada nacional\u00a0<b>Graciela Oca\u00f1a<\/b>\u00a0dijo que \u201c<b>las cifras de pobreza que acaba de informar el Indec nos alarman<\/b>, ya que 1 de cada 10 argentinos es indigente y 4 de cada 10 es pobre, y todo esto en medio de la ayuda estatal a trav\u00e9s de distintos programas sociales\u201d.<\/p>\n<p class=\"font_tertiary paragraph\"><b>\u201cDebemos unirnos todos los argentinos para salir de la pobreza y para ello necesitamos inversiones y crear trabajo\u201d<\/b>, destac\u00f3 la legisladora de Confianza P\u00fablica, tras lo cual consider\u00f3 que \u201c<b>el Presidente debe convocar a la oposici\u00f3n<\/b>\u00a0para que aporte ideas para la creaci\u00f3n de empleo genuino y dejar de insistir en reformas judiciales para salvar a su vicepresidenta\u201d.<\/p>\n<p class=\"font_tertiary paragraph\">Su colega de la Coalici\u00f3n C\u00edvica\u00a0<b>Juan Manuel L\u00f3pez<\/b>\u00a0asegur\u00f3 que \u201cnadie tiene la receta\u201d para superar el dram\u00e1tico cuadro de la pobreza, pero dijo estar \u201cseguro de que el Gobierno no da una sola se\u00f1al para la salida\u201d de esta situaci\u00f3n porque \u201c<b>nuestro deterioro tiene que ver con una cuesti\u00f3n estructural y tambi\u00e9n con una cuarentena sin alternativas,<\/b>\u00a0se trata de las dos cosas\u201d.<\/p>\n<picture class=\"font_tertiary visual__image\"><source srcset=\"https:\/\/www.infobae.com\/new-resizer\/j67OM_vyuMZPsMrX4xxqNhqcpUk=\/768x432\/filters:format(jpg):quality(85)\/cloudfront-us-east-1.images.arcpublishing.com\/infobae\/BBPX6N4SFFEBVN7BHOCOX2U43A.jpg 1200w\" type=\"image\/jpg\" \/><source srcset=\"https:\/\/www.infobae.com\/new-resizer\/j67OM_vyuMZPsMrX4xxqNhqcpUk=\/768x432\/filters:format(jpg):quality(85)\/cloudfront-us-east-1.images.arcpublishing.com\/infobae\/BBPX6N4SFFEBVN7BHOCOX2U43A.jpg 992w\" type=\"image\/jpg\" \/><source srcset=\"https:\/\/www.infobae.com\/new-resizer\/j67OM_vyuMZPsMrX4xxqNhqcpUk=\/768x432\/filters:format(jpg):quality(85)\/cloudfront-us-east-1.images.arcpublishing.com\/infobae\/BBPX6N4SFFEBVN7BHOCOX2U43A.jpg 768w\" type=\"image\/jpg\" \/><source srcset=\"https:\/\/www.infobae.com\/new-resizer\/iG80nBWQPZSV9kHyoSsL7FQ5DZk=\/420x236\/filters:format(jpg):quality(85)\/cloudfront-us-east-1.images.arcpublishing.com\/infobae\/BBPX6N4SFFEBVN7BHOCOX2U43A.jpg 420w\" type=\"image\/jpg\" \/><img loading=\"lazy\" decoding=\"async\" src=\"https:\/\/www.infobae.com\/new-resizer\/iG80nBWQPZSV9kHyoSsL7FQ5DZk=\/420x236\/filters:format(jpg):quality(85)\/\/cloudfront-us-east-1.images.arcpublishing.com\/infobae\/BBPX6N4SFFEBVN7BHOCOX2U43A.jpg\" alt=\"Juan Manuel L\u00f3pez\" width=\"1920\" height=\"1080\"  title=\"Juntos por el Cambio consider\u00f3 que el alza de la pobreza es por culpa de la cuarentena tan estricta y la falta de reformas estructurales\" \/>Juan Manuel L\u00f3pez<\/picture>\n<p class=\"font_tertiary paragraph\">Opin\u00f3 que Alberto Fern\u00e1ndez\u00a0<b>\u201cno ha hecho nada para encarar la cuesti\u00f3n estructural\u201d<\/b>\u00a0ya que \u201ctenemos pendientes un mont\u00f3n de reformas, sobre todo impositivas y de achique del Estado\u201d.<\/p>\n<p class=\"font_tertiary paragraph\">Para L\u00f3pez tambi\u00e9n \u201chay problemas generados por la\u00a0<b>desconfianza\u00a0<\/b>que el Gobierno deber\u00eda arreglar porque las se\u00f1ales que da van en otro sentido:\u00a0<b>no da una sola se\u00f1al de confianza<\/b>&#8220;.<\/p>\n<p class=\"font_tertiary paragraph\">Coincidi\u00f3 en que la Casa Rosada deber\u00eda buscar \u201c<b>un di\u00e1logo multisectorial<\/b>, pero lo que tambi\u00e9n tiene que hacer es dar dos o tres se\u00f1ales claras de que se van a ocupar de los temas importantes y estructurales y\u00a0<b>no dar mensajes equ\u00edvocos con respecto a la propiedad privada<\/b>, por ejemplo\u201d.<\/p>\n<p class=\"font_tertiary paragraph\">El legislador de la Coalici\u00f3n C\u00edvica fue m\u00e1s all\u00e1 al sostener que\u00a0<b>\u201cen lo institucional tendr\u00edan que dar una se\u00f1al clara de que no va haber m\u00e1s intentos de cambio que lleven al pa\u00eds a un mundo parecido al de Venezuela\u201d<\/b>\u00a0y por eso se\u00f1al\u00f3 que \u201cla decisi\u00f3n de la Corte Suprema le da una oportunidad al Presidente: deber\u00eda decir que esta agenda lleg\u00f3 hasta ac\u00e1 y apuntar a una agenda de di\u00e1logo\u201d.<\/p>\n<p class=\"font_tertiary paragraph\">En ese sentido, dijo que esa agenda deber\u00eda incluir hablar con los gremios y las empresas sobre \u201calguna reforma laboral que no sea flexibilizaci\u00f3n, pero que brinde seguridad jur\u00eddica al que quiera invertir para generar trabajo\u201d.\u00a0<b>\u201cHoy no hay clima para que nadie genere ni un puesto de trabajo, ni siquiera para que abra ni un quiosco\u201d<\/b>, opin\u00f3 L\u00f3pez.<\/p>\n<p class=\"font_tertiary paragraph\">Fuente:<a href=\"https:\/\/www.infobae.com\/?noredirect\"> Infobae.com<\/a><\/p>","protected":false},"excerpt":{"rendered":"<p>Para la dirigencia de\u00a0Juntos por el Cambio, la principal fuerza opositora,\u00a0el aumento de la pobreza al 40,9% en el primer semestre del a\u00f1o responde a problemas estructurales de la econom\u00eda a los que se sum\u00f3 una estrategia errada de la cuarentena, que empeor\u00f3 los n\u00fameros que ya ven\u00edan en descenso. Tres miembros de la Mesa [&hellip;]<\/p>\n","protected":false},"author":9,"featured_media":0,"comment_status":"open","ping_status":"open","sticky":false,"template":"","format":"standard","meta":{"site-sidebar-layout":"default","site-content-layout":"","ast-site-content-layout":"default","site-content-style":"default","site-sidebar-style":"default","ast-global-header-display":"","ast-banner-title-visibility":"","ast-main-header-display":"","ast-hfb-above-header-display":"","ast-hfb-below-header-display":"","ast-hfb-mobile-header-display":"","site-post-title":"","ast-breadcrumbs-content":"","ast-featured-img":"","footer-sml-layout":"","ast-disable-related-posts":"","theme-transparent-header-meta":"","adv-header-id-meta":"","stick-header-meta":"","header-above-stick-meta":"","header-main-stick-meta":"","header-below-stick-meta":"","astra-migrate-meta-layouts":"default","ast-page-background-enabled":"default","ast-page-background-meta":{"desktop":{"background-color":"","background-image":"","background-repeat":"repeat","background-position":"center center","background-size":"auto","background-attachment":"scroll","background-type":"","background-media":"","overlay-type":"","overlay-color":"","overlay-opacity":"","overlay-gradient":""},"tablet":{"background-color":"","background-image":"","background-repeat":"repeat","background-position":"center center","background-size":"auto","background-attachment":"scroll","background-type":"","background-media":"","overlay-type":"","overlay-color":"","overlay-opacity":"","overlay-gradient":""},"mobile":{"background-color":"","background-image":"","background-repeat":"repeat","background-position":"center center","background-size":"auto","background-attachment":"scroll","background-type":"","background-media":"","overlay-type":"","overlay-color":"","overlay-opacity":"","overlay-gradient":""}},"ast-content-background-meta":{"desktop":{"background-color":"var(--ast-global-color-5)","background-image":"","background-repeat":"repeat","background-position":"center center","background-size":"auto","background-attachment":"scroll","background-type":"","background-media":"","overlay-type":"","overlay-color":"","overlay-opacity":"","overlay-gradient":""},"tablet":{"background-color":"var(--ast-global-color-5)","background-image":"","background-repeat":"repeat","background-position":"center center","background-size":"auto","background-attachment":"scroll","background-type":"","background-media":"","overlay-type":"","overlay-color":"","overlay-opacity":"","overlay-gradient":""},"mobile":{"background-color":"var(--ast-global-color-5)","background-image":"","background-repeat":"repeat","background-position":"center center","background-size":"auto","background-attachment":"scroll","background-type":"","background-media":"","overlay-type":"","overlay-color":"","overlay-opacity":"","overlay-gradient":""}},"footnotes":""},"categories":[2],"tags":[],"class_list":["post-46259","post","type-post","status-publish","format-standard","hentry","category-politica"],"spectra_blocks_featured_image_url":null,"spectra_blocks_author_info":{"display_name":"Jorge Alfredo Baret","avatar_url":"https:\/\/secure.gravatar.com\/avatar\/31696f5ca83439b642450ec7d3f82f98451a5efacb414343d5478c982b337f26?s=96&d=mm&r=g","author_link":"https:\/\/100xd.com.ar\/en\/author\/jorge\/","description":"Ingeniero Qu\u00edmico UTN - Director Apoderado de Comunicaciones Auditadas SA. Editor Responsable 100xd.com.ar."},"_links":{"self":[{"href":"https:\/\/100xd.com.ar\/en\/wp-json\/wp\/v2\/posts\/46259","targetHints":{"allow":["GET"]}}],"collection":[{"href":"https:\/\/100xd.com.ar\/en\/wp-json\/wp\/v2\/posts"}],"about":[{"href":"https:\/\/100xd.com.ar\/en\/wp-json\/wp\/v2\/types\/post"}],"author":[{"embeddable":true,"href":"https:\/\/100xd.com.ar\/en\/wp-json\/wp\/v2\/users\/9"}],"replies":[{"embeddable":true,"href":"https:\/\/100xd.com.ar\/en\/wp-json\/wp\/v2\/comments?post=46259"}],"version-history":[{"count":1,"href":"https:\/\/100xd.com.ar\/en\/wp-json\/wp\/v2\/posts\/46259\/revisions"}],"predecessor-version":[{"id":46261,"href":"https:\/\/100xd.com.ar\/en\/wp-json\/wp\/v2\/posts\/46259\/revisions\/46261"}],"wp:attachment":[{"href":"https:\/\/100xd.com.ar\/en\/wp-json\/wp\/v2\/media?parent=46259"}],"wp:term":[{"taxonomy":"category","embeddable":true,"href":"https:\/\/100xd.com.ar\/en\/wp-json\/wp\/v2\/categories?post=46259"},{"taxonomy":"post_tag","embeddable":true,"href":"https:\/\/100xd.com.ar\/en\/wp-json\/wp\/v2\/tags?post=46259"}],"curies":[{"name":"wp","href":"https:\/\/api.w.org\/{rel}","templated":true}]}}