{"id":44308,"date":"2020-07-28T15:16:21","date_gmt":"2020-07-28T18:16:21","guid":{"rendered":"http:\/\/www.100xd.com.ar\/?p=44308"},"modified":"2020-07-28T15:26:26","modified_gmt":"2020-07-28T18:26:26","slug":"provincia-de-san-juan-las-diplomaturas-siguen-brindando-herramientas-a-los-dirigentes-deportivos","status":"publish","type":"post","link":"https:\/\/100xd.com.ar\/en\/provincia-de-san-juan-las-diplomaturas-siguen-brindando-herramientas-a-los-dirigentes-deportivos\/","title":{"rendered":"Provincia de San Ju\u00e1n: Las diplomaturas siguen brindando herramientas a los dirigentes deportivos"},"content":{"rendered":"<p>Ante la necesidad del crecimiento de todas las \u00e1reas que componen el deporte, la Secretar\u00eda de Estado de Deportes incorpor\u00f3 como programa en 2018 la Diplomatura en Gesti\u00f3n Deportiva. Esta herramienta universitaria de perfeccionamiento, \u00fanica en el pa\u00eds, tuvo como resultado que el 80% de los dirigentes que comenzaron a cursar aprobaron los ejes y se recibieron, logrando que 100 dirigentes egresar\u00e1n en la primera promoci\u00f3n. La Diplomatura en Gesti\u00f3n Deportiva es una capacitaci\u00f3n ofrecida por la Universidad Cat\u00f3lica de Cuyo a trav\u00e9s de su Facultad de Educaci\u00f3n, con la coordinaci\u00f3n de la Secretar\u00eda de Estado de Deportes, Direcci\u00f3n de Pol\u00edticas Educativas, \u00c1reas Capacitaci\u00f3n y Estad\u00edstica, y Ministerio de Educaci\u00f3n, cuya finalidad inmediata es brindar una formaci\u00f3n que sirva de herramienta para toda aquella persona que est\u00e9 involucrada en el \u00e1mbito deportivo institucional de clubes.<\/p>\n<p>En el 2019 la apuesta se redobl\u00f3. Atentos a la excelente respuesta conseguida en el 2018 y al crecimiento deportivo de San Juan, desde la Secretar\u00eda de Deportes se propuso la implementaci\u00f3n de cuatro capacitaciones que incluyan a todos los sectores y abarquen cada espacio donde se ha profundizado la Revoluci\u00f3n Deportiva. De esta manera se crearon dos nuevas diplomaturas y un curso taller, que se sumaron a la original Diplomatura en Gesti\u00f3n Deportiva. As\u00ed, la oferta acad\u00e9mica para dirigentes incluy\u00f3 adem\u00e1s a la Diplomatura Universitaria Calidad de Vida e Inclusi\u00f3n, la Diplomatura Universitaria en Entrenamiento Deportivo y el Curso\u2013Taller Planificaci\u00f3n de Proyectos de Mejora de Gesti\u00f3n Deportiva. Bajo este nuevo formato, la promoci\u00f3n 2019 tuvo 320 nuevos egresados.<\/p>\n<p>La promoci\u00f3n 2020 fue muy particular. Se inscribieron 800 interesados, teniendo que hacer una selecci\u00f3n acotada por un cupo preestablecido. Las clases comenzaron el 8 de mayo pero por la cuarentena del COVID-19 se ha hecho en forma virtual. Desde sus casas los alumnos han cursado y ya finalizado la primera etapa de los m\u00f3dulos, que en esta promoci\u00f3n contempla el cursado de las siguientes diplomaturas:<\/p>\n<ul>\n<li>Diplomatura en Gesti\u00f3n Deportiva &#8211; Dimensi\u00f3n humana de promoci\u00f3n y comunicaci\u00f3n<\/li>\n<li>Diplomatura Experto en Entrenamiento del Deportista de Alto Rendimiento<\/li>\n<li>Diplomatura Universitaria en Actividad F\u00edsica y Calidad de Vida<\/li>\n<li>Diplomatura Experto en Inclusi\u00f3n y Discapacidad en el \u00c1mbito Deportivo<\/li>\n<\/ul>\n<p>Grandes personalidades disertaron en las diplomaturas de Gesti\u00f3n Deportiva, como el reconocido periodista deportivo Enrique Macaya M\u00e1rquez o el cierre del a\u00f1o pasado con el t\u00e9cnico de la Selecci\u00f3n Argentina de b\u00e1squet, Sergio \u201cOveja\u201d Hern\u00e1ndez. Tambi\u00e9n las capacitaciones dictadas, tales como el \u201cDesaf\u00edo de Innovaci\u00f3n\u201d por Mar\u00eda Jos\u00e9 Mignone, coordinadora educativa de Junior Achievement C\u00f3rdoba, o el taller vivencial dictado por el Prof. Daniel Aguilar, quien brind\u00f3 una charla que tuvo como eje tem\u00e1tico la recreaci\u00f3n, tiempo libre y vida en la naturaleza.<\/p>","protected":false},"excerpt":{"rendered":"<p>Ante la necesidad del crecimiento de todas las \u00e1reas que componen el deporte, la Secretar\u00eda de Estado de Deportes incorpor\u00f3 como programa en 2018 la Diplomatura en Gesti\u00f3n Deportiva. Esta herramienta universitaria de perfeccionamiento, \u00fanica en el pa\u00eds, tuvo como resultado que el 80% de los dirigentes que comenzaron a cursar aprobaron los ejes y [&hellip;]<\/p>\n","protected":false},"author":9,"featured_media":44309,"comment_status":"open","ping_status":"open","sticky":false,"template":"","format":"standard","meta":{"site-sidebar-layout":"default","site-content-layout":"","ast-site-content-layout":"default","site-content-style":"default","site-sidebar-style":"default","ast-global-header-display":"","ast-banner-title-visibility":"","ast-main-header-display":"","ast-hfb-above-header-display":"","ast-hfb-below-header-display":"","ast-hfb-mobile-header-display":"","site-post-title":"","ast-breadcrumbs-content":"","ast-featured-img":"","footer-sml-layout":"","ast-disable-related-posts":"","theme-transparent-header-meta":"","adv-header-id-meta":"","stick-header-meta":"","header-above-stick-meta":"","header-main-stick-meta":"","header-below-stick-meta":"","astra-migrate-meta-layouts":"default","ast-page-background-enabled":"default","ast-page-background-meta":{"desktop":{"background-color":"","background-image":"","background-repeat":"repeat","background-position":"center center","background-size":"auto","background-attachment":"scroll","background-type":"","background-media":"","overlay-type":"","overlay-color":"","overlay-opacity":"","overlay-gradient":""},"tablet":{"background-color":"","background-image":"","background-repeat":"repeat","background-position":"center center","background-size":"auto","background-attachment":"scroll","background-type":"","background-media":"","overlay-type":"","overlay-color":"","overlay-opacity":"","overlay-gradient":""},"mobile":{"background-color":"","background-image":"","background-repeat":"repeat","background-position":"center center","background-size":"auto","background-attachment":"scroll","background-type":"","background-media":"","overlay-type":"","overlay-color":"","overlay-opacity":"","overlay-gradient":""}},"ast-content-background-meta":{"desktop":{"background-color":"var(--ast-global-color-5)","background-image":"","background-repeat":"repeat","background-position":"center center","background-size":"auto","background-attachment":"scroll","background-type":"","background-media":"","overlay-type":"","overlay-color":"","overlay-opacity":"","overlay-gradient":""},"tablet":{"background-color":"var(--ast-global-color-5)","background-image":"","background-repeat":"repeat","background-position":"center center","background-size":"auto","background-attachment":"scroll","background-type":"","background-media":"","overlay-type":"","overlay-color":"","overlay-opacity":"","overlay-gradient":""},"mobile":{"background-color":"var(--ast-global-color-5)","background-image":"","background-repeat":"repeat","background-position":"center center","background-size":"auto","background-attachment":"scroll","background-type":"","background-media":"","overlay-type":"","overlay-color":"","overlay-opacity":"","overlay-gradient":""}},"footnotes":""},"categories":[8,4],"tags":[],"class_list":["post-44308","post","type-post","status-publish","format-standard","has-post-thumbnail","hentry","category-el-mundo","category-sociedad"],"spectra_blocks_featured_image_url":{"thumbnail":{"url":"https:\/\/100xd.com.ar\/wp-content\/uploads\/2020\/07\/juan14-150x150.jpg","width":150,"height":150},"medium":{"url":"https:\/\/100xd.com.ar\/wp-content\/uploads\/2020\/07\/juan14-300x169.jpg","width":300,"height":169},"medium_large":{"url":"https:\/\/100xd.com.ar\/wp-content\/uploads\/2020\/07\/juan14.jpg","width":768,"height":432},"large":{"url":"https:\/\/100xd.com.ar\/wp-content\/uploads\/2020\/07\/juan14.jpg","width":782,"height":440},"full":{"url":"https:\/\/100xd.com.ar\/wp-content\/uploads\/2020\/07\/juan14.jpg","width":782,"height":440}},"spectra_blocks_author_info":{"display_name":"Jorge Alfredo Baret","avatar_url":"https:\/\/secure.gravatar.com\/avatar\/31696f5ca83439b642450ec7d3f82f98451a5efacb414343d5478c982b337f26?s=96&d=mm&r=g","author_link":"https:\/\/100xd.com.ar\/en\/author\/jorge\/","description":"Ingeniero Qu\u00edmico UTN - Director Apoderado de Comunicaciones Auditadas SA. Editor Responsable 100xd.com.ar."},"_links":{"self":[{"href":"https:\/\/100xd.com.ar\/en\/wp-json\/wp\/v2\/posts\/44308","targetHints":{"allow":["GET"]}}],"collection":[{"href":"https:\/\/100xd.com.ar\/en\/wp-json\/wp\/v2\/posts"}],"about":[{"href":"https:\/\/100xd.com.ar\/en\/wp-json\/wp\/v2\/types\/post"}],"author":[{"embeddable":true,"href":"https:\/\/100xd.com.ar\/en\/wp-json\/wp\/v2\/users\/9"}],"replies":[{"embeddable":true,"href":"https:\/\/100xd.com.ar\/en\/wp-json\/wp\/v2\/comments?post=44308"}],"version-history":[{"count":1,"href":"https:\/\/100xd.com.ar\/en\/wp-json\/wp\/v2\/posts\/44308\/revisions"}],"predecessor-version":[{"id":44310,"href":"https:\/\/100xd.com.ar\/en\/wp-json\/wp\/v2\/posts\/44308\/revisions\/44310"}],"wp:featuredmedia":[{"embeddable":true,"href":"https:\/\/100xd.com.ar\/en\/wp-json\/wp\/v2\/media\/44309"}],"wp:attachment":[{"href":"https:\/\/100xd.com.ar\/en\/wp-json\/wp\/v2\/media?parent=44308"}],"wp:term":[{"taxonomy":"category","embeddable":true,"href":"https:\/\/100xd.com.ar\/en\/wp-json\/wp\/v2\/categories?post=44308"},{"taxonomy":"post_tag","embeddable":true,"href":"https:\/\/100xd.com.ar\/en\/wp-json\/wp\/v2\/tags?post=44308"}],"curies":[{"name":"wp","href":"https:\/\/api.w.org\/{rel}","templated":true}]}}