{"id":40410,"date":"2020-05-02T12:54:14","date_gmt":"2020-05-02T15:54:14","guid":{"rendered":"http:\/\/www.100xd.com.ar\/?p=40410"},"modified":"2020-05-02T12:54:21","modified_gmt":"2020-05-02T15:54:21","slug":"coronavirus-en-argentina-ya-son-9-los-muertos-en-el-area-de-salud-y-sigue-aumentando-el-numero-de-contagios","status":"publish","type":"post","link":"https:\/\/100xd.com.ar\/en\/coronavirus-en-argentina-ya-son-9-los-muertos-en-el-area-de-salud-y-sigue-aumentando-el-numero-de-contagios\/","title":{"rendered":"Coronavirus en Argentina: ya son 9 los muertos en el \u00e1rea de salud y sigue aumentando el n\u00famero de contagios"},"content":{"rendered":"<div class=\"row pb-content-type-text\">\n<div class=\"col-xs-12 col-print-12\">\n<p class=\"element element-paragraph\">Est\u00e1n en la primera l\u00ednea de la lucha contra el coronavirus y por ende, son los m\u00e1s expuestos frente al avance de la enfermedad.\u00a0<b>El personal m\u00e9dico y no m\u00e9dico que se desempe\u00f1a en centros de salud constituye casi el 17% del total de casos detectados en todo el pa\u00eds<\/b>, seg\u00fan los \u00faltimos datos brindados por el Ministerio de Salud de la Naci\u00f3n esta ma\u00f1ana. La cifra supera el 10% del promedio de contagios entre personal sanitario a nivel mundial.<\/p>\n<\/div>\n<\/div>\n<div class=\"row pb-content-type-text\">\n<div class=\"col-xs-12 col-print-12\">\n<p class=\"element element-paragraph\">A la fecha, son\u00a0<b>764 m\u00e9dicos, enfermeros, kinesi\u00f3logos, instrumentadores, camilleros, personal de limpieza, administrativo y de seguridad con COVID-19 positivo, sobre un total de 4.532 casos confirmados a nivel nacional<\/b>. La edad promedio del personal sanitario contagiado es de 30-39 a\u00f1os, el 63% son mujeres y el 37% son hombres.<\/p>\n<\/div>\n<\/div>\n<div class=\"row pb-content-type-text\">\n<div class=\"col-xs-12 col-print-12\">\n<p class=\"element element-paragraph\">De esos 764 trabajadores de la salud que dieron COVID positivo,\u00a0<mark class=\"hl_yellow\"><b>ya fallecieron 9<\/b>, de los cuales 8 ten\u00edan complicaciones previas de salud,<\/mark>\u00a0de acuerdo a lo informado esta ma\u00f1ana por la secretaria de Acceso a la Salud, Carla Vizzotti. El 3,3% sigue en terapia intensiva y el 26,2% fue dado de alta. A nivel nacional, los muertos totales por coronavirus ascienden a la fecha a 229, con una tasa de letalidad del 5%.<\/p>\n<\/div>\n<\/div>\n<div class=\"row pb-content-type-text\">\n<div class=\"col-xs-12 col-print-12\">\n<p class=\"element element-paragraph\">Solo 49 profesionales y empleados del sector de la salud (6,4%) tienen antecedentes de viaje, mientras que 715 contrajeron el virus por transmisi\u00f3n vertical (contacto con paciente infectado), horizontal (por contacto con otros trabajadores de la salud en el \u00e1mbito laboral) o contacto estrecho con una persona con COVID-19.<\/p>\n<\/div>\n<\/div>\n<div class=\"row pb-content-type-text\">\n<div id=\"\" class=\"wrapper clearfix pb-feature pb-layout-item pb-f-ads-dfp left-align\"><\/div>\n<div class=\"col-xs-12 col-print-12\">\n<p class=\"element element-paragraph\">El n\u00famero del personal sanitario infectado crece a la par de los contagios entre la poblaci\u00f3n, en medio de\u00a0<b>reclamos porque no cuentan con los equipos de protecci\u00f3n necesarios, falta de capacitaci\u00f3n sobre c\u00f3mo utilizarlos, e insuficientes medidas de prevenci\u00f3n para quienes deben cuidar y atender a los enfermos.<\/b><\/p>\n<\/div>\n<\/div>\n<div class=\"row pb-content-type-text\">\n<div class=\"col-xs-12 col-print-12\">\n<p class=\"element element-paragraph\">En varios casos que se hicieron p\u00fablicos recientemente en cl\u00ednicas privadas, como\u00a0<a href=\"https:\/\/www.infobae.com\/coronavirus\/2020\/04\/24\/empleados-con-coronavirus-de-una-clinica-privada-siguieron-atendiendo-a-pacientes-de-pami-pese-a-una-orden-de-clausura-dispuesta-por-la-justicia\/\">el del Centro de Salud Norte de Vicente L\u00f3pez<\/a>, los contagios del personal en cl\u00ednicas privadas se dispararon ante\u00a0<a href=\"https:\/\/www.infobae.com\/coronavirus\/2020\/04\/16\/allanan-la-clinica-donde-murieron-los-familiares-de-walter-montillo-sospechan-que-ocultaron-que-tenian-coronavirus\/\">el intento de ocultar los infectados<\/a>, o la no realizaci\u00f3n de test para detectar la presencia de COVID-19 a tiempo.<\/p>\n<\/div>\n<\/div>\n<div class=\"row pb-content-type-image\">\n<figure class=\"element element-image col-xs-12\">\n<div class=\"single-image\">\n<div class=\"shares\"><\/div>\n<p><img decoding=\"async\" id=\"3A5JYNDZXNBULEZGMFB7ZQVDA4\" class=\"image-lazy\" src=\"https:\/\/www.infobae.com\/new-resizer\/QId_RRBU95LAKtmBwxIFZ7SnZyU=\/750x0\/filters:quality(100)\/arc-anglerfish-arc2-prod-infobae.s3.amazonaws.com\/public\/3A5JYNDZXNBULEZGMFB7ZQVDA4.jpg\" alt=\"El operativo sanitario en el Centro de Salud Norte el 17 de abril pasado, tras la orden de la jueza Sandra Arroyo Salgado por los m\u00faltiples contagios detectados entre el personal (Franco Fafasuli)\" width=\"750\" height=\"421.875\" data-url=\"https:\/\/www.infobae.com\/sociedad\/2020\/05\/02\/coronavirus-en-argentina-ya-son-9-los-muertos-en-el-area-de-salud-y-sigue-aumentando-el-numero-de-contagios\/%233A5JYNDZXNBULEZGMFB7ZQVDA4\" data-original=\"https:\/\/www.infobae.com\/new-resizer\/QId_RRBU95LAKtmBwxIFZ7SnZyU=\/750x0\/filters:quality(100)\/arc-anglerfish-arc2-prod-infobae.s3.amazonaws.com\/public\/3A5JYNDZXNBULEZGMFB7ZQVDA4.jpg\"  title=\"Coronavirus en Argentina: ya son 9 los muertos en el \u00e1rea de salud y sigue aumentando el n\u00famero de contagios\" \/><\/p>\n<\/div><figcaption class=\"\"><span class=\"credit\">El operativo sanitario en el Centro de Salud Norte el 17 de abril pasado, tras la orden de la jueza Sandra Arroyo Salgado por los m\u00faltiples contagios detectados entre el personal (Franco Fafasuli)<\/span><\/figcaption><\/figure>\n<\/div>\n<div class=\"row pb-content-type-text\">\n<div class=\"col-xs-12 col-print-12\">\n<p class=\"element element-paragraph\"><mark class=\"hl_orange\"><b>La situaci\u00f3n bonaerense<\/b><\/mark><\/p>\n<\/div>\n<\/div>\n<div class=\"row pb-content-type-text\">\n<div class=\"col-xs-12 col-print-12\">\n<p class=\"element element-paragraph\">La Provincia de Buenos Aires, por albergar el 35 % de la poblaci\u00f3n, es la que concentra las cifras m\u00e1s altas. De acuerdo a la informaci\u00f3n brindada por la cartera sanitaria bonaerense a\u00a0<b>Infobae<\/b>, al 30 de abril,<mark class=\"hl_yellow\">\u00a0<b>los trabajadores de la salud contagiados son 339, incluyendo personal m\u00e9dico y no m\u00e9dico de instituciones de salud p\u00fablicas y privadas<\/b><\/mark>. Esa cifra constituye\u00a0<mark class=\"hl_yellow\"><b>el 20,7% del total de 1.632 casos positivos<\/b><\/mark>\u00a0diagnosticados en el distrito bonaerense a la fecha.<\/p>\n<\/div>\n<\/div>\n<div class=\"row pb-content-type-text\">\n<div class=\"col-xs-12 col-print-12\">\n<p class=\"element element-paragraph\">La mayor\u00eda contrajo el virus en alguno de los\u00a0<b>17 hospitales y cl\u00ednicas privadas en los que se detect\u00f3 transmisi\u00f3n comunitaria<\/b>. El 23% son contagios verticales, entre el personal y los pacientes, y el 44% son contagios horizontales, o sea entre el mismo personal que suele estar en contacto estrecho en hospitales y cl\u00ednicas. En tanto, el 16% son casos importados, que contrajeron el virus por haber estado en el exterior o en contacto directo con alguien que vino de afuera. El 17% est\u00e1 en investigaci\u00f3n.<\/p>\n<\/div>\n<\/div>\n<div class=\"row pb-content-type-text\">\n<div class=\"col-xs-12 col-print-12\">\n<p class=\"element element-paragraph\">Desde que estall\u00f3 la pandemia,\u00a0<mark class=\"hl_yellow\"><b>se confirmaron 6 muertes por COVID-19 entre el personal sanitario de la provincia de Buenos Aires<\/b><\/mark>, seg\u00fan le precis\u00f3 esta ma\u00f1ana la cartera sanitaria bonaerense a<b>\u00a0Infobae.\u00a0<\/b>Representan el 6,5% del total de 92 muertes que registra la Provincia.<\/p>\n<\/div>\n<\/div>\n<div class=\"row pb-content-type-header\">\n<div class=\"col-xs-12\">\n<h2 class=\"element element-heading\">Contagios de trabajadores de la salud y total de contagios en Provincia de Buenos Aires<\/h2>\n<\/div>\n<\/div>\n<div class=\"row pb-content-type-text\">\n<div class=\"col-xs-12 col-print-12\">\n<p class=\"element element-paragraph\">Tres de ellos &#8211;\u00a0<a href=\"https:\/\/www.infobae.com\/sociedad\/2020\/04\/18\/coronavirus-en-argentina-murio-un-enfermero-que-trabajaba-en-el-sanatorio-donde-fallecio-el-padre-de-walter-montillo-y-ya-son-130-las-victimas-en-el-pais\/\">un enfermero,<\/a>\u00a0<a href=\"https:\/\/www.infobae.com\/sociedad\/2020\/04\/23\/murio-un-medico-de-56-anos-por-coronavirus-en-la-provincia-de-buenos-aires-su-mujer-tambien-esta-infectada-y-permanece-aislada\/\">un m\u00e9dico<\/a>\u00a0y un empleado de seguridad &#8211; eran oriundos de San Vicente.\u00a0<a href=\"https:\/\/www.infobae.com\/aquellos-que-hemos-perdido\/2020\/04\/28\/coronavirus-en-la-argentina-murio-una-medica-de-la-clinica-de-escobar-que-fue-intervenida-por-irregularidades-en-el-manejo-de-la-pandemia\/\">Otra m\u00e9dica, que estaba trabajando en la cl\u00ednica San Carlos, viv\u00eda en Escobar.<\/a>\u00a0El quinto caso fue el de\u00a0<a href=\"https:\/\/www.infobae.com\/sociedad\/2020\/05\/01\/murio-un-medico-por-coronavirus-en-quilmes-es-el-quinto-trabajador-de-la-salud-fallecido-en-la-provincia-en-la-provincia-de-buenos-aires\/\">un m\u00e9dico vecino de Berazategui\u00a0<\/a>que trabajaba en dos Centros de Atenci\u00f3n Primaria de ese partido, en el sur del conurbano bonaerense, y en la cl\u00ednica privada General Belgrano, en Quilmes. Y el \u00faltimo fallecimiento fue el de un psic\u00f3logo, en Exaltaci\u00f3n de la Cruz, que atend\u00eda a pacientes de forma particular, seg\u00fan precisaron fuentes de la cartera sanitaria bonaerense a este medio.<\/p>\n<\/div>\n<\/div>\n<div class=\"row pb-content-type-text\">\n<div class=\"col-xs-12 col-print-12\">\n<p class=\"element element-paragraph\">No obstante, hay que tener en cuenta que el n\u00famero de personal sanitario infectado conocido no es el real, ya que muchos son asintom\u00e1ticos, y por ende, no se les realiza el test pese a trabajar en una instituci\u00f3n m\u00e9dica. Para ser sometido al an\u00e1lisis, hay que entrar en la definici\u00f3n de \u201ccaso sospechoso\u201d establecido por el Ministerio de Salud de la Naci\u00f3n. La<a href=\"https:\/\/www.infobae.com\/politica\/2020\/04\/16\/coronavirus-en-argentina-el-gobierno-amplio-la-definicion-de-caso-sospechoso-y-se-haran-mas-analisis\/\">\u00a0\u00faltima modificaci\u00f3n fue a mediados de abril<\/a>\u00a0y ampli\u00f3 los requisitos a tener fiebre de 37,5\u00b0 o m\u00e1s, junto a la p\u00e9rdida del olfato y del gusto, tos y dificultad respiratoria. En el caso del personal de la salud, solo deber\u00e1n presentar dos de esos s\u00edntomas para ser testeados.<\/p>\n<\/div>\n<\/div>\n<div class=\"row pb-content-type-text\">\n<div class=\"col-xs-12 col-print-12\">\n<p class=\"element element-paragraph\">Si bien no hay un registro oficial con el detalle del personal de centros de salud contagiado por distrito, la\u00a0<b>Unidad de Datos de Infobae\u00a0<\/b>relev\u00f3 que\u00a0<b>13 partidos de la Regional Sanitaria V\u00a0<\/b>de la provincia de Buenos Aires, m\u00e1s<b>\u00a0La Matanza, La Plata\u00a0<\/b>y<b>\u00a0Bah\u00eda Blanca concentran al menos 154 casos.<\/b><\/p>\n<\/div>\n<\/div>\n<div class=\"row pb-content-type-text\">\n<div class=\"col-xs-12 col-print-12\">\n<p class=\"element element-paragraph\"><b>La Matanz<\/b>a, el distrito m\u00e1s populoso de la Provincia, no hace p\u00fablicos sus datos.\u00a0<b>Infobae<\/b>\u00a0pidi\u00f3 la informaci\u00f3n los \u00faltimos dos d\u00edas a fuentes del Municipio y quedaron en facilitarla, pero finalmente no lo hicieron. El portal\u00a0<i>El Nacional de La Matanza<\/i>\u00a0public\u00f3 que la secretaria de Salud municipal, Gabriela \u00c1lvarez, confirm\u00f3 105 contagios al 29 de abril \u00faltimo.<\/p>\n<\/div>\n<\/div>\n<div class=\"row pb-content-type-text\">\n<div class=\"col-xs-12 col-print-12\">\n<p class=\"element element-paragraph\">De acuerdo al relevamiento hecho por<b>\u00a0Infobae<\/b>, el personal de ese distrito infectado en centros de salud suma 21, aunque seg\u00fan medios locales la cifra ascender\u00eda a 25. Hay que tener en cuenta que los contagios se contabilizan por el lugar de residencia del afectado con COVID-19, y no por la instituci\u00f3n m\u00e9dica donde trabaja. As\u00ed, por ejemplo, en la cl\u00ednica privada Los Cedros, en la localidad de San Justo de La Matanza, dieron positivo un m\u00e9dico, una enfermera y una mucama. Pero no todos viven en ese municipio.<\/p>\n<\/div>\n<\/div>\n<div class=\"row pb-content-type-text\">\n<div class=\"col-xs-12 col-print-12\">\n<p class=\"element element-paragraph\">La instituci\u00f3n fue\u00a0<a href=\"https:\/\/www.infobae.com\/coronavirus\/2020\/04\/30\/allanaron-una-clinica-por-no-cumplir-el-protocolo-contra-el-coronavirus-murio-un-hombre-y-hay-empleados-y-pacientes-contagiados\/\">denunciada esta semana ante la Justicia federal por los intendentes de de Hurlinghan, Juan Zabaleta, y de Esteban Echeverr\u00eda, Fernando Gray<\/a>, por incumplir el protocolo de COVID-19 para prevenir la propagaci\u00f3n de la enfermedad ya que vecinos de sus distritos trabajan o estaban internados en esa cl\u00ednica.<\/p>\n<\/div>\n<\/div>\n<div class=\"row pb-content-type-text\">\n<div class=\"col-xs-12 col-print-12\">\n<p class=\"element element-paragraph\"><b>La Plata<\/b>, por su parte, registra 22 trabajadores de la salud infectados que representan el 41,5% del total de 53 casos confirmados en la capital bonaerense, seg\u00fan informaron fuentes de ese municipio a Infobae.<\/p>\n<\/div>\n<\/div>\n<div class=\"row pb-content-type-text\">\n<div class=\"col-xs-12 col-print-12\">\n<p class=\"element element-paragraph\"><b>San Mart\u00edn<\/b>, en tanto, registra 21 trabajadores de la salud contagiados. En este distrito de casi 500.000 habitantes se ubica el Hospital Manuel Belgrano, que\u00a0<a href=\"https:\/\/www.infobae.com\/politica\/2020\/04\/15\/cinco-medicos-y-diez-enfermeros-del-hospital-de-san-martin-que-visito-axel-kicillof-el-viernes-tienen-coronavirus\/\">se convirti\u00f3 en un foco infeccioso<\/a>\u00a0que dispar\u00f3 la cifra de contagios a 99. Desde la direcci\u00f3n del nosocomio negaron la falta de elementos de protecci\u00f3n denunciada por la Asociaci\u00f3n Sindical de Profesionales de la Salud de la Provincia de Buenos Aires (CICOP), aunque tras conocerse la cantidad de infectados, se increment\u00f3 el personal, la cantidad de equipos de protecci\u00f3n y los testeos. Tras haber estado cerrado, al d\u00eda de hoy la instituci\u00f3n se encuentra parcialmente habilitada.<\/p>\n<\/div>\n<\/div>\n<div class=\"row pb-content-type-text\">\n<div class=\"col-xs-12 col-print-12\">\n<p class=\"element element-paragraph\">En\u00a0<b>Bah\u00eda Blanca<\/b>, hay registrados a la fecha 16 contagios de trabajadores de la salud sobre 36 casos positivos en total, lo que equivale al 44% de los diagnosticados con COVID-19. Los casos se dieron mayoritariamente en el Hospital de la Asociaci\u00f3n M\u00e9dica (HAM), que fue cerrado y reabre reci\u00e9n este lunes.<\/p>\n<\/div>\n<\/div>\n<div class=\"row pb-content-type-text\">\n<div class=\"col-xs-12 col-print-12\">\n<p class=\"element element-paragraph\">A su vez,\u00a0<b>Pilar<\/b>\u00a0y\u00a0<b>Vicente L\u00f3pez<\/b>\u00a0contabilizan 13. En este \u00faltimo partido aument\u00f3 el personal contagiado por lo sucedido en el Centro de Salud Norte de Villa Adelina,\u00a0<a href=\"https:\/\/www.infobae.com\/sociedad\/2020\/04\/17\/coronavirus-en-argentina-clausuran-la-clinica-de-vicente-lopez-donde-se-produjeron-13-contagios-por-falta-de-medidas-de-prevencion\/\">cuya clausura e intervenci\u00f3n fue ordenada por la Justicia<\/a>, y\u00a0<a href=\"https:\/\/www.infobae.com\/politica\/2020\/04\/28\/trasladaran-a-los-pacientes-de-pami-que-permanecen-internados-en-el-centro-de-salud-norte-de-vicente-lopez-donde-hubo-multiples-contagios-de-coronavirus\/\">sus pacientes trasladados a otras instituciones<\/a>. Fuentes del Municipio que conduce Jorge Macri tambi\u00e9n explicaron la cifra de los contagios en la cercan\u00eda con el Hospital Belgrano, en el l\u00edmite con Vicente L\u00f3pez.<\/p>\n<\/div>\n<\/div>\n<div class=\"row pb-content-type-text\">\n<div class=\"col-xs-12 col-print-12\">\n<p class=\"element element-paragraph\">En tanto, Tigre registra 12 contagios de profesionales y trabajadores de centros de salud; Escobar y San Miguel 7; San Isidro 6; Malvinas Argentinas y San Fernando 5; Jos\u00e9 C Paz 3; y Campana, Exaltaci\u00f3n de la Cruz y Quilmes, uno en cada distrito.<\/p>\n<\/div>\n<\/div>\n<div class=\"row pb-content-type-header\">\n<div class=\"col-xs-12\">\n<h2 class=\"element element-heading\">Porcentaje de personal de salud infectado sobre contagios totales por partido bonaerense<\/h2>\n<\/div>\n<\/div>\n<div class=\"row pb-content-type-text\">\n<div class=\"col-xs-12 col-print-12\">\n<p class=\"element element-paragraph\"><mark class=\"hl_orange\"><b>En el distrito porte\u00f1o<\/b><\/mark><\/p>\n<\/div>\n<\/div>\n<div class=\"row pb-content-type-text\">\n<div class=\"col-xs-12 col-print-12\">\n<p class=\"element element-paragraph\">Desde la Ciudad de Buenos Aires, en tanto, informaron a este medio que, al 30 de abril, hay\u00a0<b>238 trabajadores de la salud infectados, el 19% del total de 1.236 vecinos porte\u00f1os con COVID positivo<\/b>. Seg\u00fan el \u00faltimo parte del Ministerio de Salud de la Naci\u00f3n, el n\u00famero de casos detectados en la Ciudad es ligeramente inferior, 1.197, seg\u00fan como se contabiliza el domicilio.<\/p>\n<\/div>\n<\/div>\n<div class=\"row pb-content-type-text\">\n<div class=\"col-xs-12 col-print-12\">\n<p class=\"element element-paragraph\">Uno de las instituciones m\u00e9dicas con m\u00e1s afectados fue el Sanatorio de la Providencia, en el barrio porte\u00f1o de Balvanera,\u00a0<a href=\"https:\/\/www.infobae.com\/sociedad\/2020\/04\/16\/coronavirus-en-argentina-al-menos-36-trabajadores-de-una-clinica-privada-de-balvanera-contrajeron-la-enfermedad\/\">que debi\u00f3 cerrar tras comprobarse que 34 profesionales que trabajaban all\u00ed hab\u00edan dado positivo de Covid-19.<\/a>\u00a0Y el Hospital Italiano, ubicado en el la zona de Almagro, notific\u00f3 19 casos positivos con COVID-19.<\/p>\n<\/div>\n<\/div>\n<div class=\"row pb-content-type-text\">\n<div class=\"col-xs-12 col-print-12\">\n<p class=\"element element-paragraph\">En los hospitales p\u00fablicos de la Ciudad hubo, en las \u00faltimas dos semanas, reclamos de personal de la salud por m\u00e1s insumos de protecci\u00f3n contra la pandemia y la incorporaci\u00f3n de mayor cantidad de personal.<\/p>\n<\/div>\n<\/div>\n<div class=\"row pb-content-type-text\">\n<div class=\"col-xs-12 col-print-12\">\n<p class=\"element element-paragraph\">Fuente del gobierno conducido por Horacio Rodr\u00edguez Larreta afirmaron, sin en embargo, que \u201cno existe\u201d tal falta de insumos. \u201cSe entregan martes y viernes a todos los efectores de acuerdo a los pedidos que hagan. Si alguno tiene una urgencia se efect\u00faa la entrega inmediata pero no tenemos registrado ninguna falta. Es algo que monitoreamos constantemente y una vez por semana tenemos reuni\u00f3n con todos los directores de los hospitales\u201d, aseguraron a\u00a0<b>Infobae<\/b>.<\/p>\n<\/div>\n<\/div>\n<div class=\"row pb-content-type-image\">\n<figure class=\"element element-image col-xs-12\">\n<div class=\"single-image\">\n<div class=\"shares\"><\/div>\n<p><img decoding=\"async\" id=\"LJLD6BL4SZBTZO4VPEAJYCNDUI\" class=\"image-lazy\" src=\"https:\/\/www.infobae.com\/new-resizer\/gcKqayNatAdPDbh5GYFQw1o1YKU=\/750x0\/filters:quality(100)\/arc-anglerfish-arc2-prod-infobae.s3.amazonaws.com\/public\/LJLD6BL4SZBTZO4VPEAJYCNDUI.jpg\" alt=\"El Sanatorio de la Providencia en el barrio porte\u00f1o de Balvanera debi\u00f3 cerrar por el personal infectado (Franco Fafasuli)\" width=\"750\" height=\"421.484375\" data-url=\"https:\/\/www.infobae.com\/sociedad\/2020\/05\/02\/coronavirus-en-argentina-ya-son-9-los-muertos-en-el-area-de-salud-y-sigue-aumentando-el-numero-de-contagios\/%23LJLD6BL4SZBTZO4VPEAJYCNDUI\" data-original=\"https:\/\/www.infobae.com\/new-resizer\/gcKqayNatAdPDbh5GYFQw1o1YKU=\/750x0\/filters:quality(100)\/arc-anglerfish-arc2-prod-infobae.s3.amazonaws.com\/public\/LJLD6BL4SZBTZO4VPEAJYCNDUI.jpg\"  title=\"Coronavirus en Argentina: ya son 9 los muertos en el \u00e1rea de salud y sigue aumentando el n\u00famero de contagios\" \/><\/p>\n<\/div><figcaption class=\"\"><span class=\"credit\">El Sanatorio de la Providencia en el barrio porte\u00f1o de Balvanera debi\u00f3 cerrar por el personal infectado (Franco Fafasuli)<\/span><\/figcaption><\/figure>\n<\/div>\n<div class=\"row pb-content-type-text\">\n<div class=\"col-xs-12 col-print-12\">\n<p class=\"element element-paragraph\"><mark class=\"hl_orange\"><b>Sin datos a nivel pa\u00eds centralizados<\/b><\/mark><\/p>\n<\/div>\n<\/div>\n<div class=\"row pb-content-type-text\">\n<div class=\"col-xs-12 col-print-12\">\n<p class=\"element element-paragraph\">Seg\u00fan pudo corroborar\u00a0<b>Infobae,<\/b>\u00a0no hay datos oficiales con la informaci\u00f3n centralizada sobre el personal de la salud contagiado en los distintos distritos. Tampoco el detalle de la instituci\u00f3n donde trabajan. El argumento esgrimido, en muchos casos, es la privacidad de los infectados y por una cuesti\u00f3n de \u201cconfidencialidad m\u00e9dica\u201d. Tampoco la Organizaci\u00f3n Mundial de la Salud publica un informe sistem\u00e1tico sobre profesionales de la salud contagiados a nivel mundial en relaci\u00f3n al resto de la poblaci\u00f3n infectada.<\/p>\n<\/div>\n<\/div>\n<div class=\"row pb-content-type-text\">\n<div class=\"col-xs-12 col-print-12\">\n<p class=\"element element-paragraph\">En\u00a0<b>Chaco<\/b>,\u00a0<a href=\"https:\/\/www.infobae.com\/sociedad\/2020\/04\/14\/en-chaco-mas-de-la-mitad-de-los-contagiados-con-coronavirus-son-medicos-enfermeros-y-otros-agentes-del-sistema-de-salud\/\">la cifra de personal sanitario afectado super\u00f3 la mitad de los infectados en toda la provincia<\/a>, y falleci\u00f3 un profesional de la salud. El mayor n\u00famero de contagios se dio en el\u00a0<a href=\"https:\/\/www.infobae.com\/sociedad\/2020\/03\/28\/contrajo-coronavirus-la-directora-del-hospital-perrando-de-chaco\/\">Hospital Julio C. Perrando, el principal de la provincia, cuya propia directora result\u00f3 contagiada<\/a>. En ese establecimiento, clave en el sistema de salud p\u00fablica provincial, hubo 60 contagios entre personal m\u00e9dico y no m\u00e9dico.<\/p>\n<\/div>\n<\/div>\n<div class=\"row pb-content-type-text\">\n<div class=\"col-xs-12 col-print-12\">\n<p class=\"element element-paragraph\"><b>La Rioja<\/b>\u00a0y\u00a0<b>R\u00edo Negro<\/b>\u00a0tambi\u00e9n registran un profesional de la salud muerto. Y en la ciudad rionegrina de\u00a0<b>Cipolletti\u00a0<\/b>14 trabajadores se infectaron en el Sanatorio R\u00edo Negro, lo que oblig\u00f3 a su cierre.<\/p>\n<\/div>\n<\/div>\n<div class=\"row pb-content-type-text\">\n<div class=\"col-xs-12 col-print-12\">\n<p class=\"element element-paragraph\">En\u00a0<b>C\u00f3rdoba<\/b>, donde los casos positivos detectados entre la poblaci\u00f3n suman 291, el Ministerio de Salud provincial inform\u00f3 que eran 43 los m\u00e9dicos, enfermeros, camilleros y profesionales de distintas \u00e1reas contagiados hasta el 25 de abril. La cifra representa el 15%.<\/p>\n<\/div>\n<\/div>\n<div class=\"row pb-content-type-text\">\n<div class=\"col-xs-12 col-print-12\">\n<p class=\"element element-paragraph\"><mark class=\"hl_orange\"><b>Reclamo de los trabajadores<\/b><\/mark><\/p>\n<\/div>\n<\/div>\n<div class=\"row pb-content-type-text\">\n<div class=\"col-xs-12 col-print-12\">\n<p class=\"element element-paragraph\">Desde la\u00a0<b>Federaci\u00f3n Sindical de Profesionales de la Salud<\/b>\u00a0(<b>Fesprosa<\/b>), reclamaron la instrumentaci\u00f3n del Plan Nacional de Protecci\u00f3n para los Trabajadores de la Salud, a ra\u00edz del avance en los contagios de Covid-19 que -seg\u00fan esa entidad- \u201cya alcanz\u00f3 a 500 empleados\u201d.<\/p>\n<\/div>\n<\/div>\n<div class=\"row pb-content-type-text\">\n<div class=\"col-xs-12 col-print-12\">\n<p class=\"element element-paragraph\">\u201cUn plan integral requiere Elementos de Protecci\u00f3n Personal (EPP) en cantidad y calidad, un programa masivo de educaci\u00f3n, el cambio de criterio de casos para permitir testeos amplios entre el personal sanitario y la integraci\u00f3n de Comit\u00e9s de Crisis en todos los niveles, con participaci\u00f3n gremial\u201d, sostuvo Fernanda Boriotti, presidente de Fesprosa.<\/p>\n<\/div>\n<\/div>\n<div class=\"row pb-content-type-text\">\n<div class=\"col-xs-12 col-print-12\">\n<p class=\"element element-paragraph\">El mi\u00e9rcoles pasado, junto a la Asociaci\u00f3n de Trabajadores del Estado (ATE) y la CTA-Aut\u00f3noma, tuvieron una reuni\u00f3n en el Ministerio de Salud de la Naci\u00f3n para llevar la propuesta de \u201cdeclarar de inter\u00e9s nacional la protecci\u00f3n de los trabajadores de salud\u201d y establecer normas de funcionamiento del sistema, capacitaci\u00f3n y entrega de elementos de protecci\u00f3n personal que permitan reducir al m\u00ednimo el riesgo de contagio tanto en el sistema de salud p\u00fablico como en el privado.<\/p>\n<\/div>\n<\/div>\n<div class=\"row pb-content-type-text\">\n<div class=\"col-xs-12 col-print-12\">\n<p class=\"element element-paragraph\"><mark class=\"hl_orange\"><b>Los n\u00fameros totales a nivel pa\u00eds<\/b><\/mark><\/p>\n<\/div>\n<\/div>\n<div class=\"row pb-content-type-text\">\n<div class=\"col-xs-12 col-print-12\">\n<p class=\"element element-paragraph\">Seg\u00fan el \u00faltimo informe del Ministerio de Salud de la Naci\u00f3n,\u00a0<b>el total de infectados en el pa\u00eds asciende a 4.532, de los cuales 229 fallecieron<\/b>. El total de personas recuperadas asciende a 1.320 (el 29%), mientras que 2.983 siguen con la infecci\u00f3n en curso. En terapia permanecen 164 pacientes.<\/p>\n<\/div>\n<\/div>\n<div class=\"row pb-content-type-text\">\n<div class=\"col-xs-12 col-print-12\">\n<p class=\"element element-paragraph\">Respecto a los casos confirmados, 916 (20,2%) son contagios importados, 1.949 (43%) son contactos estrechos de casos confirmados, 1224 (27%) son casos de circulaci\u00f3n comunitaria y el resto se encuentra en investigaci\u00f3n epidemiol\u00f3gica.<\/p>\n<\/div>\n<\/div>\n<div class=\"row pb-content-type-text\">\n<div class=\"col-xs-12 col-print-12\">\n<p class=\"element element-paragraph\">Ayer fueron realizadas 2.336 nuevas muestras y desde el inicio del brote se realizaron 63.866 test para diagnosticar la enfermedad, lo que equivale a 1.407,5 muestras por mill\u00f3n de habitantes.<\/p>\n<\/div>\n<\/div>\n<div class=\"row pb-content-type-header\">\n<div class=\"col-xs-12\">\n<h2 class=\"element element-heading\">Evoluci\u00f3n de contagios, fallecidos y recuperados de coronavirus en Argentina<\/h2>\n<\/div>\n<\/div>\n<div class=\"row pb-content-type-text\">\n<div class=\"col-xs-12 col-print-12\">\n<p class=\"element element-paragraph\"><mark class=\"hl_orange\"><b>\u00bfC\u00f3mo se proces\u00f3 la informaci\u00f3n?<\/b><\/mark><\/p>\n<\/div>\n<\/div>\n<div class=\"row pb-content-type-text\">\n<div class=\"col-xs-12 col-print-12\">\n<p class=\"element element-paragraph\">La\u00a0<b>Unidad de Datos de Infobae<\/b>\u00a0viene cubriendo esta pandemia desde sus inicios, con los registros para distintas variables, tanto a nivel mundial como nacional. Al no existir datos abiertos oficiales, la informaci\u00f3n contenida en\u00a0<a href=\"https:\/\/www.argentina.gob.ar\/coronavirus\/informe-diario\/abril2020\">informes diarios del Ministerio de Salud de la Naci\u00f3n<\/a>, as\u00ed como en conferencias de prensa, es trasladada cada d\u00eda manualmente a hojas de c\u00e1lculo. Adem\u00e1s, se monitorea diariamente el\u00a0<a href=\"https:\/\/coronavirus.jhu.edu\/map.html\">repositorio de la Universidad Johns Hopkins<\/a>, de Maryland, Estados Unidos, de donde se obtienen los datos mundiales.<\/p>\n<\/div>\n<\/div>\n<div class=\"row pb-content-type-text\">\n<div class=\"col-xs-12 col-print-12\">\n<p class=\"element element-paragraph\">En el caso de esta nota, para confeccionar el mapa del personal de salud afectado, se recurri\u00f3 a los informes oficiales de las Regiones Sanitarias I y V del \u00e1mbito bonaerense, as\u00ed como a fuentes del Ministerio de Salud de la provincia de Buenos Aires, y de distintos municipios. Sobre la base de esos datos se calcularon tasas de letalidad, incidencia y porcentaje de positividad de personal de salud sobre el total de afectados.<\/p>\n<\/div>\n<\/div>\n<div class=\"row pb-content-type-text\">\n<div class=\"col-xs-12 col-print-12\">\n<p class=\"element element-paragraph\">La hoja de c\u00e1lculo sobre la cual se realiz\u00f3 esta nota se puede consultar en\u00a0<a href=\"https:\/\/docs.google.com\/spreadsheets\/d\/1h2eabR6s41Bcn0H9HxUJFeBHcmkenHfz-1yQkGo5n50\/edit#gid=0\" target=\"_blank\">este enlace<\/a>. Para ver la progresi\u00f3n de contagiados, fallecidos, recuperados, en terapia y test totales, siga\u00a0<a href=\"https:\/\/docs.google.com\/spreadsheets\/d\/1h2eabR6s41Bcn0H9HxUJFeBHcmkenHfz-1yQkGo5n50\/edit#gid=1673023947\" target=\"_blank\">este link<\/a>.<\/p>\n<p class=\"element element-paragraph\">Fuente: <a href=\"https:\/\/www.infobae.com\/?noredirect\">Infobae.com<\/a><\/p>\n<\/div>\n<\/div>","protected":false},"excerpt":{"rendered":"<p>Est\u00e1n en la primera l\u00ednea de la lucha contra el coronavirus y por ende, son los m\u00e1s expuestos frente al avance de la enfermedad.\u00a0El personal m\u00e9dico y no m\u00e9dico que se desempe\u00f1a en centros de salud constituye casi el 17% del total de casos detectados en todo el pa\u00eds, seg\u00fan los \u00faltimos datos brindados por [&hellip;]<\/p>\n","protected":false},"author":4,"featured_media":40411,"comment_status":"open","ping_status":"open","sticky":false,"template":"","format":"standard","meta":{"site-sidebar-layout":"default","site-content-layout":"","ast-site-content-layout":"default","site-content-style":"default","site-sidebar-style":"default","ast-global-header-display":"","ast-banner-title-visibility":"","ast-main-header-display":"","ast-hfb-above-header-display":"","ast-hfb-below-header-display":"","ast-hfb-mobile-header-display":"","site-post-title":"","ast-breadcrumbs-content":"","ast-featured-img":"","footer-sml-layout":"","ast-disable-related-posts":"","theme-transparent-header-meta":"","adv-header-id-meta":"","stick-header-meta":"","header-above-stick-meta":"","header-main-stick-meta":"","header-below-stick-meta":"","astra-migrate-meta-layouts":"default","ast-page-background-enabled":"default","ast-page-background-meta":{"desktop":{"background-color":"","background-image":"","background-repeat":"repeat","background-position":"center center","background-size":"auto","background-attachment":"scroll","background-type":"","background-media":"","overlay-type":"","overlay-color":"","overlay-opacity":"","overlay-gradient":""},"tablet":{"background-color":"","background-image":"","background-repeat":"repeat","background-position":"center center","background-size":"auto","background-attachment":"scroll","background-type":"","background-media":"","overlay-type":"","overlay-color":"","overlay-opacity":"","overlay-gradient":""},"mobile":{"background-color":"","background-image":"","background-repeat":"repeat","background-position":"center center","background-size":"auto","background-attachment":"scroll","background-type":"","background-media":"","overlay-type":"","overlay-color":"","overlay-opacity":"","overlay-gradient":""}},"ast-content-background-meta":{"desktop":{"background-color":"var(--ast-global-color-5)","background-image":"","background-repeat":"repeat","background-position":"center center","background-size":"auto","background-attachment":"scroll","background-type":"","background-media":"","overlay-type":"","overlay-color":"","overlay-opacity":"","overlay-gradient":""},"tablet":{"background-color":"var(--ast-global-color-5)","background-image":"","background-repeat":"repeat","background-position":"center center","background-size":"auto","background-attachment":"scroll","background-type":"","background-media":"","overlay-type":"","overlay-color":"","overlay-opacity":"","overlay-gradient":""},"mobile":{"background-color":"var(--ast-global-color-5)","background-image":"","background-repeat":"repeat","background-position":"center center","background-size":"auto","background-attachment":"scroll","background-type":"","background-media":"","overlay-type":"","overlay-color":"","overlay-opacity":"","overlay-gradient":""}},"footnotes":""},"categories":[25],"tags":[],"class_list":["post-40410","post","type-post","status-publish","format-standard","has-post-thumbnail","hentry","category-destacado"],"spectra_blocks_featured_image_url":{"thumbnail":{"url":"https:\/\/100xd.com.ar\/wp-content\/uploads\/2020\/05\/virus-150x150.jpg","width":150,"height":150},"medium":{"url":"https:\/\/100xd.com.ar\/wp-content\/uploads\/2020\/05\/virus-300x198.jpg","width":300,"height":198},"medium_large":{"url":"https:\/\/100xd.com.ar\/wp-content\/uploads\/2020\/05\/virus.jpg","width":768,"height":506},"large":{"url":"https:\/\/100xd.com.ar\/wp-content\/uploads\/2020\/05\/virus-1024x675.jpg","width":1024,"height":675},"full":{"url":"https:\/\/100xd.com.ar\/wp-content\/uploads\/2020\/05\/virus.jpg","width":2560,"height":1688}},"spectra_blocks_author_info":{"display_name":"Facundo Novillo","avatar_url":"https:\/\/secure.gravatar.com\/avatar\/09745bc65ce6bf84291d6515d5f759c04b4fce4f329b8a975a8ac2982b552d3e?s=96&d=mm&r=g","author_link":"https:\/\/100xd.com.ar\/en\/author\/facundo\/","description":""},"_links":{"self":[{"href":"https:\/\/100xd.com.ar\/en\/wp-json\/wp\/v2\/posts\/40410","targetHints":{"allow":["GET"]}}],"collection":[{"href":"https:\/\/100xd.com.ar\/en\/wp-json\/wp\/v2\/posts"}],"about":[{"href":"https:\/\/100xd.com.ar\/en\/wp-json\/wp\/v2\/types\/post"}],"author":[{"embeddable":true,"href":"https:\/\/100xd.com.ar\/en\/wp-json\/wp\/v2\/users\/4"}],"replies":[{"embeddable":true,"href":"https:\/\/100xd.com.ar\/en\/wp-json\/wp\/v2\/comments?post=40410"}],"version-history":[{"count":2,"href":"https:\/\/100xd.com.ar\/en\/wp-json\/wp\/v2\/posts\/40410\/revisions"}],"predecessor-version":[{"id":40413,"href":"https:\/\/100xd.com.ar\/en\/wp-json\/wp\/v2\/posts\/40410\/revisions\/40413"}],"wp:featuredmedia":[{"embeddable":true,"href":"https:\/\/100xd.com.ar\/en\/wp-json\/wp\/v2\/media\/40411"}],"wp:attachment":[{"href":"https:\/\/100xd.com.ar\/en\/wp-json\/wp\/v2\/media?parent=40410"}],"wp:term":[{"taxonomy":"category","embeddable":true,"href":"https:\/\/100xd.com.ar\/en\/wp-json\/wp\/v2\/categories?post=40410"},{"taxonomy":"post_tag","embeddable":true,"href":"https:\/\/100xd.com.ar\/en\/wp-json\/wp\/v2\/tags?post=40410"}],"curies":[{"name":"wp","href":"https:\/\/api.w.org\/{rel}","templated":true}]}}