{"id":39242,"date":"2020-04-02T12:43:34","date_gmt":"2020-04-02T15:43:34","guid":{"rendered":"http:\/\/www.100xd.com.ar\/?p=39242"},"modified":"2020-04-02T12:43:42","modified_gmt":"2020-04-02T15:43:42","slug":"crece-la-tension-en-juntos-por-el-cambio-por-la-estrategia-politica-en-medio-del-coronavirus","status":"publish","type":"post","link":"https:\/\/100xd.com.ar\/en\/crece-la-tension-en-juntos-por-el-cambio-por-la-estrategia-politica-en-medio-del-coronavirus\/","title":{"rendered":"Crece la tensi\u00f3n en Juntos por el Cambio por la estrategia pol\u00edtica en medio del coronavirus"},"content":{"rendered":"<div class=\"row pb-content-type-text\">\n<div class=\"col-xs-12 col-print-12\">\n<p class=\"element element-paragraph\">El mensaje se viraliz\u00f3 de un lado al otro del Congreso de la Naci\u00f3n aunque ninguno de los protagonistas estuviera en el Palacio. El lunes a la tardecita, mientras se preparaba el primer cacerolazo contra los pol\u00edticos y en reclamo para que se bajen el sueldo, se rompi\u00f3 el chat que comparten los integrantes del interbloque de Juntos por el Cambio en la C\u00e1mara de Diputados y a punto estuvo de romperse el de los senadores. En el medio,\u00a0<b>Elisa Carri\u00f3<\/b>\u00a0no rompi\u00f3 la cuarentena que respeta en Exaltaci\u00f3n de la Cruz pero s\u00ed la Cuaresma. Lo hizo para hacer p\u00fablico un fuerte y sugestivo mensaje en las redes sociales. Adem\u00e1s, en la c\u00e1mara baja contaron que habl\u00f3 por tel\u00e9fono con diputados de la Coalici\u00f3n C\u00edvica y de la UCR para tratar de interceder en la discusi\u00f3n y marcar las diferencias.<\/p>\n<\/div>\n<\/div>\n<div class=\"row pb-content-type-text\">\n<div class=\"col-xs-12 col-print-12\">\n<p class=\"element element-paragraph\"><b>\u201cHoy debemos acompa\u00f1ar de manera solidaria, colectiva y sin personalismos.<\/b><mark class=\"hl_yellow\"><b>\u00a0Pretender sacar ventajas personales a costa de uno de los distritos que nos toca gobernar, es inmoral y \u00e9ticamente reprochable. Son tiempos de prudencia y no hay lugar para oportunistas\u201d<\/b><\/mark>, escribi\u00f3 la ex diputada nacional que se jubil\u00f3 este a\u00f1o cansada del ejercicio diario de la pol\u00edtica pero no alejada de los debates. En sus \u00faltimos tiempos en el Congreso se mostr\u00f3 prudente y vot\u00f3 a favor de la renegociaci\u00f3n de la deuda que encara la actual gesti\u00f3n. Y este martes puso su palabra como escudo a favor de la figura m\u00e1s visible en gesti\u00f3n de Juntos por el Cambio:\u00a0<b>Horacio Rodr\u00edguez Larreta<\/b>.<\/p>\n<\/div>\n<\/div>\n<div class=\"row pb-content-type-text\">\n<div class=\"col-xs-12 col-print-12\">\n<p class=\"element element-paragraph\">El mensaje se interpret\u00f3 como una se\u00f1al de alerta con nombre y apellido de mujer. En Diputados se\u00f1alaban a\u00a0<b>Patricia Bullrich<\/b>, presidenta del PRO, como quien una de las<b>\u00a0autoras intelectuales de los cacerolazos contra los pol\u00edticos convocados para las 21.30 de cada d\u00eda<\/b>\u00a0y hasta el 13 de abril. Suenan especialmente en Buenos Aires donde gobierna uno de los l\u00edderes de Juntos por el Cambio. Tambi\u00e9n en algunas otras ciudades pero en Capital el jefe de gobierno no tuvo empacho en sentarse junto al presidente\u00a0<b>Alberto Fern\u00e1ndez\u00a0<\/b>y al gobernador\u00a0<b>Axel Kicillof<\/b>. Al principio de los operativos el gesto fue destacado como buena se\u00f1al de convivencia. Con el correr de los d\u00edas todo se reinterpreta a pesar de que la distancia entre ellos es enorme pero no respecto al COVID-19. Rodr\u00edguez Larreta tiene la misma necesidad personal y pol\u00edtica de salvar vidas que tienen los referentes peronistas. Ah\u00ed, no hay grieta.<\/p>\n<\/div>\n<\/div>\n<div class=\"row pb-content-type-text\">\n<div class=\"col-xs-12 col-print-12\">\n<p class=\"element element-paragraph\">Rodr\u00edguez Larreta, como\u00a0<b>Mario Negri\u00a0<\/b>jefe del interbloque de diputados de Juntos por el Cambio, pagaron un costo por ir a Casa Rosada y acordar su apoyo. Aunque fueron todos los bloques el diputado cordob\u00e9s fue la cara m\u00e1s visible y hasta dijo que Fern\u00e1ndez es el comandante de esta batalla y que lo apoyar\u00e1n. S\u00f3lo los que miran con liviandad la situaci\u00f3n pueden imaginar que Negri vaya a cambiar de bando: es s\u00f3lo la coyuntura lo que lo junt\u00f3 con\u00a0<b>Sergio Massa\u00a0<\/b>en Diputados y la historia reciente que llev\u00f3 a\u00a0<b>Mauricio Macri<\/b>\u00a0a una derrota en su intento por la reelecci\u00f3n.<\/p>\n<\/div>\n<\/div>\n<div class=\"row pb-content-type-text\">\n<div id=\"\" class=\"wrapper clearfix pb-feature pb-layout-item pb-f-ads-dfp left-align\"><\/div>\n<div class=\"col-xs-12 col-print-12\">\n<p class=\"element element-paragraph\">En ese marco hasta\u00a0<b>Miguel Angel Pichetto<\/b>\u00a0le reconoci\u00f3 a\u00a0<b>Cristina Kirchner\u00a0<\/b>como una virtud su silencio y en declaraciones period\u00edsticas le atribuy\u00f3 conocimiento en cuestiones sanitarias tras la batalla del 2009 contra la Gripe A. Esto, est\u00e1 claro, es mucho peor.<\/p>\n<\/div>\n<\/div>\n<div class=\"row pb-content-type-text\">\n<div class=\"col-xs-12 col-print-12\">\n<p class=\"element element-paragraph\">La punta del iceberg fue la discusi\u00f3n sobre la rebaja de sueldos pol\u00edticos pero las rencillas ven\u00edan de antes. Tras la demanda social del lunes el jefe del bloque del PRO,\u00a0<b>Cristian Ritondo<\/b>, propuso un proyecto de ley para reducir dietas y sueldos en los tres poderes del Estado a raz\u00f3n de un 30% durante tres meses. En una reuni\u00f3n remota saltaron molestos los legisladores de la Coalici\u00f3n C\u00edvica: \u201cVivimos de nuestro sueldo y no recibimos aportes de empresas\u201d. La frase fue la m\u00e1s leve en la discusi\u00f3n que subi\u00f3 de tono y termin\u00f3 con cada diputado de la CC abandonando el chat. Entre ellos\u00a0<b>Maximiliano Ferraro<\/b>, presidente del partido;<b>\u00a0Juli\u00e1n L\u00f3pez<\/b>\u00a0y\u00a0<b>Mariana Zuvic<\/b>. No quedo ninguno y a\u00fan as\u00ed, la pelea continu\u00f3.<\/p>\n<\/div>\n<\/div>\n<div class=\"row pb-content-type-text\">\n<div class=\"col-xs-12 col-print-12\">\n<p class=\"element element-paragraph\">El debate no es nuevo.\u00a0<b>La propia Carri\u00f3 supo defender dietas y pasajes que reciben los diputados.<\/b>\u00a0En la reuni\u00f3n virtual hubo acusaciones cruzadas sobre el financiamiento de la pol\u00edtica y sobre si la idea de recortarse sus dietas era un acto de justicia o hipocres\u00eda.<\/p>\n<\/div>\n<\/div>\n<div class=\"row pb-content-type-image\">\n<figure class=\"element element-image col-xs-12\">\n<div class=\"single-image\">\n<div class=\"shares\"><\/div>\n<p><img decoding=\"async\" id=\"IS4RCUOUORA4ZGAX62FGM6UFVA\" class=\"image-lazy\" src=\"https:\/\/www.infobae.com\/new-resizer\/ZtLaBwwaaugGspn_SWa4D6vA28I=\/750x0\/filters:quality(100)\/arc-anglerfish-arc2-prod-infobae.s3.amazonaws.com\/public\/IS4RCUOUORA4ZGAX62FGM6UFVA.jpg\" alt=\"Elisa Carri\u00f3\" width=\"750\" height=\"421.875\" data-url=\"https:\/\/www.infobae.com\/politica\/2020\/04\/02\/crece-la-tension-en-juntos-por-el-cambio-por-la-estrategia-politica-en-medio-del-coronavirus\/%23IS4RCUOUORA4ZGAX62FGM6UFVA\" data-original=\"https:\/\/www.infobae.com\/new-resizer\/ZtLaBwwaaugGspn_SWa4D6vA28I=\/750x0\/filters:quality(100)\/arc-anglerfish-arc2-prod-infobae.s3.amazonaws.com\/public\/IS4RCUOUORA4ZGAX62FGM6UFVA.jpg\"  title=\"Crece la tensi\u00f3n en Juntos por el Cambio por la estrategia pol\u00edtica en medio del coronavirus\" \/><\/p>\n<\/div><figcaption class=\"\"><span class=\"credit\">Elisa Carri\u00f3<\/span><\/figcaption><\/figure>\n<\/div>\n<div class=\"row pb-content-type-text\">\n<div class=\"col-xs-12 col-print-12\">\n<p class=\"element element-paragraph\">Estaban por sonar los aplausos de las 21 a favor de m\u00e9dicos que le ponen el cuerpo a la pandemia cuando Negri se apur\u00f3 a subir a las redes sociales no el proyecto de ley que empujaba Ritondo sino una carta al Presidente que propon\u00eda m\u00e1s o menos lo mismo. En el Senado, inactivo, un peque\u00f1o grupo liderado por\u00a0<b>Esteban Bullrich<\/b>,\u00a0<b>Mart\u00edn Lousteau\u00a0<\/b>y\u00a0<b>Humberto Schiavoni<\/b>\u00a0apuraban un proyecto que ten\u00edan en borrador con una idea parecida, un proyecto de ley para bajar sueldos incluso al Poder Judicial al que hace pocas semanas defend\u00edan del avance por la reforma jubilatoria que le tocaba los haberes. \u201cNo nos podemos dejar correr por Twitter\u201d se quej\u00f3 un senador radical molesto porque no es la primera vez que la tr\u00edada avanza por encima del jefe del interbloque,\u00a0<b>Luis Naidenoff<\/b>, ultraopositor pero prudente y pegado al reglamento y a las leyes. No es la primera vez que juegan solos y tambi\u00e9n se rumorea que detr\u00e1s est\u00e1 el ala dura del PRO con el est\u00edmulo de su presidenta, la ex ministra Patricia Bullrich. La iniciativa original inclu\u00eda una quita del 30% a todos los sueldos de la Argentina de $ 200 mil o m\u00e1s, incluso las jubilaciones. Hubo varios senadores que se negaron a firmar. Otros lo hicieron sin leer la letra chica.<\/p>\n<\/div>\n<\/div>\n<div class=\"row pb-content-type-text\">\n<div class=\"col-xs-12 col-print-12\">\n<p class=\"element element-paragraph\">Para colmo Sergio Massa tom\u00f3 el desaf\u00edo de los cacerolazos y de Juntos por el Cambio y avis\u00f3 que su idea es bajar 40% las dietas. Las discusiones internas obligaron a dilatar el pr\u00f3ximo encuentro de jefes de bloques que finalmente reci\u00e9n tendr\u00e1 lugar el pr\u00f3ximo lunes, tal vez a la espera de que se calmen los \u00e1nimos.<\/p>\n<\/div>\n<\/div>\n<div class=\"row pb-content-type-text\">\n<div class=\"col-xs-12 col-print-12\">\n<p class=\"element element-paragraph\">Las principales figuras de la Coalici\u00f3n C\u00edvica pidieron guardar silencio. \u201cEs sano\u201d, dijeron en un intento por evitar que crezca la grieta interna en tiempos en que la sociedad exige gestos de la pol\u00edtica y ayuda y soluciones. La fisura qued\u00f3 expuesta en el comunicado que firmaron los diputados con Carri\u00f3. Y en el mensaje p\u00fablico que escribi\u00f3 la ex diputada que suele guardar silencio en tiempo de Cuaresma hasta despu\u00e9s de Pascua.<\/p>\n<\/div>\n<\/div>\n<div class=\"row pb-content-type-text\">\n<div class=\"col-xs-12 col-print-12\">\n<p class=\"element element-paragraph\">\u201cElisa Carri\u00f3; el presidente de la Coalici\u00f3n C\u00edvica y jefe del bloque de los diputados nacionales, Maximiliano Ferraro; la presidente de la CC ARI de la Ciudad Aut\u00f3noma de Buenos Aires, la diputada nacional Paula Oliveto y los diputados nacionales Mariana Zuvic y Juan Manuel L\u00f3pez, expresaron su respaldo y respeto para con el Jefe de Gobierno porte\u00f1o Horacio Rodr\u00edguez Larreta, todo su equipo y a todos los que est\u00e1n manejando la crisis provocada por la pandemia&#8221; expres\u00f3 el grupo en un comunicado que la chaque\u00f1a replic\u00f3 en sus cuentas de las redes sociales. Carri\u00f3 que no es ingenua y que sabe que en ese manejo de la pandemia se incluye la cercan\u00eda con Fern\u00e1ndez y Kicillof para evitar que la pandemia azote el \u00e1rea Metropolitana.<\/p>\n<\/div>\n<\/div>\n<div class=\"row pb-content-type-text\">\n<div class=\"col-xs-12 col-print-12\">\n<p class=\"element element-paragraph\">Tambi\u00e9n se\u00f1al\u00f3:\u00a0<b>\u201cQueremos reconocer muy especialmente, tambi\u00e9n, a los trabajadores de la salud, seguridad, transporte, distribuci\u00f3n de alimentos y voluntarios que les est\u00e1n poniendo el cuerpo a esta situaci\u00f3n de emergencia in\u00e9dita\u201d<\/b>. Algunos de sus colaboradores est\u00e1n trabajando codo a codo con los funcionarios de la Ciudad y creen que hay que fortalecer a los pol\u00edticos que conducen la estrategia y no limar su legitimidad al ritmo de las cacerolas.<\/p>\n<\/div>\n<\/div>\n<div class=\"row pb-content-type-text\">\n<div class=\"col-xs-12 col-print-12\">\n<p class=\"element element-paragraph\"><b>\u201cLa pandemia, el estado de emergencia no debe suspender la Rep\u00fablica y el Estado de Derecho\u201d<\/b>, concluy\u00f3 Carri\u00f3 antes de volver a guardar silencio.<\/p>\n<\/div>\n<\/div>\n<div class=\"row pb-content-type-text\">\n<div class=\"col-xs-12 col-print-12\">\n<p class=\"element element-paragraph\">En su entorno, como entre los radicales, hay quienes plantean que no son tiempos de grieta y que ya vendr\u00e1n las peleas electorales o los posicionamientos ideol\u00f3gicos. Sus diputados tambi\u00e9n se quejaron de quienes quieren \u201csacar ventajita en Capital\u201d.<\/p>\n<\/div>\n<\/div>\n<div class=\"row pb-content-type-text\">\n<div class=\"col-xs-12 col-print-12\">\n<p class=\"element element-paragraph\">La semana pasada hubo una reuni\u00f3n remota de la mesa nacional de Juntos por el Cambio en la que estuvo Mauricio Macri y en la que no pudo participar Miguel Pichetto porque le fall\u00f3 la conexi\u00f3n de Internet. \u201cIntentamos calmar a Patricia pero al d\u00eda siguiente sali\u00f3 con los botines de punta\u201d, se quej\u00f3 un diputado en di\u00e1logo con\u00a0<b>Infobae<\/b>. M\u00e1s se quej\u00f3 el lunes por la noche.<\/p>\n<\/div>\n<\/div>\n<div class=\"row pb-content-type-text\">\n<div class=\"col-xs-12 col-print-12\">\n<p class=\"element element-paragraph\">\u201cHay que tomar distancia y silencio sanitario prudencial\u201d respondieron despu\u00e9s del comunicado los \u2018lilitos\u2019.<\/p>\n<p class=\"element element-paragraph\">Fuente: <a href=\"https:\/\/www.infobae.com\/?noredirect\">Infobae.com<\/a><\/p>\n<\/div>\n<\/div>","protected":false},"excerpt":{"rendered":"<p>El mensaje se viraliz\u00f3 de un lado al otro del Congreso de la Naci\u00f3n aunque ninguno de los protagonistas estuviera en el Palacio. El lunes a la tardecita, mientras se preparaba el primer cacerolazo contra los pol\u00edticos y en reclamo para que se bajen el sueldo, se rompi\u00f3 el chat que comparten los integrantes del [&hellip;]<\/p>\n","protected":false},"author":4,"featured_media":39243,"comment_status":"open","ping_status":"open","sticky":false,"template":"","format":"standard","meta":{"site-sidebar-layout":"default","site-content-layout":"","ast-site-content-layout":"default","site-content-style":"default","site-sidebar-style":"default","ast-global-header-display":"","ast-banner-title-visibility":"","ast-main-header-display":"","ast-hfb-above-header-display":"","ast-hfb-below-header-display":"","ast-hfb-mobile-header-display":"","site-post-title":"","ast-breadcrumbs-content":"","ast-featured-img":"","footer-sml-layout":"","ast-disable-related-posts":"","theme-transparent-header-meta":"","adv-header-id-meta":"","stick-header-meta":"","header-above-stick-meta":"","header-main-stick-meta":"","header-below-stick-meta":"","astra-migrate-meta-layouts":"default","ast-page-background-enabled":"default","ast-page-background-meta":{"desktop":{"background-color":"","background-image":"","background-repeat":"repeat","background-position":"center center","background-size":"auto","background-attachment":"scroll","background-type":"","background-media":"","overlay-type":"","overlay-color":"","overlay-opacity":"","overlay-gradient":""},"tablet":{"background-color":"","background-image":"","background-repeat":"repeat","background-position":"center center","background-size":"auto","background-attachment":"scroll","background-type":"","background-media":"","overlay-type":"","overlay-color":"","overlay-opacity":"","overlay-gradient":""},"mobile":{"background-color":"","background-image":"","background-repeat":"repeat","background-position":"center center","background-size":"auto","background-attachment":"scroll","background-type":"","background-media":"","overlay-type":"","overlay-color":"","overlay-opacity":"","overlay-gradient":""}},"ast-content-background-meta":{"desktop":{"background-color":"var(--ast-global-color-5)","background-image":"","background-repeat":"repeat","background-position":"center center","background-size":"auto","background-attachment":"scroll","background-type":"","background-media":"","overlay-type":"","overlay-color":"","overlay-opacity":"","overlay-gradient":""},"tablet":{"background-color":"var(--ast-global-color-5)","background-image":"","background-repeat":"repeat","background-position":"center center","background-size":"auto","background-attachment":"scroll","background-type":"","background-media":"","overlay-type":"","overlay-color":"","overlay-opacity":"","overlay-gradient":""},"mobile":{"background-color":"var(--ast-global-color-5)","background-image":"","background-repeat":"repeat","background-position":"center center","background-size":"auto","background-attachment":"scroll","background-type":"","background-media":"","overlay-type":"","overlay-color":"","overlay-opacity":"","overlay-gradient":""}},"footnotes":""},"categories":[2],"tags":[],"class_list":["post-39242","post","type-post","status-publish","format-standard","has-post-thumbnail","hentry","category-politica"],"spectra_blocks_featured_image_url":{"thumbnail":{"url":"https:\/\/100xd.com.ar\/wp-content\/uploads\/2020\/04\/lilita1-150x150.jpg","width":150,"height":150},"medium":{"url":"https:\/\/100xd.com.ar\/wp-content\/uploads\/2020\/04\/lilita1-300x169.jpg","width":300,"height":169},"medium_large":{"url":"https:\/\/100xd.com.ar\/wp-content\/uploads\/2020\/04\/lilita1.jpg","width":768,"height":432},"large":{"url":"https:\/\/100xd.com.ar\/wp-content\/uploads\/2020\/04\/lilita1-1024x576.jpg","width":1024,"height":576},"full":{"url":"https:\/\/100xd.com.ar\/wp-content\/uploads\/2020\/04\/lilita1.jpg","width":1920,"height":1080}},"spectra_blocks_author_info":{"display_name":"Facundo Novillo","avatar_url":"https:\/\/secure.gravatar.com\/avatar\/09745bc65ce6bf84291d6515d5f759c04b4fce4f329b8a975a8ac2982b552d3e?s=96&d=mm&r=g","author_link":"https:\/\/100xd.com.ar\/en\/author\/facundo\/","description":""},"_links":{"self":[{"href":"https:\/\/100xd.com.ar\/en\/wp-json\/wp\/v2\/posts\/39242","targetHints":{"allow":["GET"]}}],"collection":[{"href":"https:\/\/100xd.com.ar\/en\/wp-json\/wp\/v2\/posts"}],"about":[{"href":"https:\/\/100xd.com.ar\/en\/wp-json\/wp\/v2\/types\/post"}],"author":[{"embeddable":true,"href":"https:\/\/100xd.com.ar\/en\/wp-json\/wp\/v2\/users\/4"}],"replies":[{"embeddable":true,"href":"https:\/\/100xd.com.ar\/en\/wp-json\/wp\/v2\/comments?post=39242"}],"version-history":[{"count":2,"href":"https:\/\/100xd.com.ar\/en\/wp-json\/wp\/v2\/posts\/39242\/revisions"}],"predecessor-version":[{"id":39245,"href":"https:\/\/100xd.com.ar\/en\/wp-json\/wp\/v2\/posts\/39242\/revisions\/39245"}],"wp:featuredmedia":[{"embeddable":true,"href":"https:\/\/100xd.com.ar\/en\/wp-json\/wp\/v2\/media\/39243"}],"wp:attachment":[{"href":"https:\/\/100xd.com.ar\/en\/wp-json\/wp\/v2\/media?parent=39242"}],"wp:term":[{"taxonomy":"category","embeddable":true,"href":"https:\/\/100xd.com.ar\/en\/wp-json\/wp\/v2\/categories?post=39242"},{"taxonomy":"post_tag","embeddable":true,"href":"https:\/\/100xd.com.ar\/en\/wp-json\/wp\/v2\/tags?post=39242"}],"curies":[{"name":"wp","href":"https:\/\/api.w.org\/{rel}","templated":true}]}}