{"id":3882,"date":"2015-07-02T17:41:35","date_gmt":"2015-07-02T20:41:35","guid":{"rendered":"http:\/\/www.100xd.com.ar\/?p=3882"},"modified":"2015-07-03T09:39:22","modified_gmt":"2015-07-03T12:39:22","slug":"declaran-invalida-la-designacion-del-juez-duran","status":"publish","type":"post","link":"https:\/\/100xd.com.ar\/en\/declaran-invalida-la-designacion-del-juez-duran\/","title":{"rendered":"Declaran inv\u00e1lida la designaci\u00f3n del juez Dur\u00e1n"},"content":{"rendered":"<p>Un juez federal de La Plata declar\u00f3 hoy &#8220;inv\u00e1lida&#8221; la designaci\u00f3n del juez Laureano Alberto Dur\u00e1n como subrogante en el Juzgado Federal en lo Criminal y Correccional 1 de La Plata con competencia electoral, informaron fuentes judiciales.<br \/>\nLa sentencia del juez Alberto Recondo a cargo del Juzgado Federal N\u00ba4 de La Plata, publicada en el sitio web de la Corte Suprema de Justicia de la Naci\u00f3n, resolvi\u00f3 un planteo presentado por los apoderados de la Uni\u00f3n C\u00edvica Radical (UCR) que objetaron la resoluci\u00f3n del Consejo de la Magistratura por la que se design\u00f3 a Dur\u00e1n como subrogante en el juzgado que qued\u00f3 vacante tras el fallecimiento del juez Manuel Humberto Blanco.<br \/>\nLos apoderados de la UCR platense y de Magdalena, Rodolfo Uriarte y Mart\u00edn Villena respectivamente, solicitaron que se declare la inconstitucionalidad de la Resoluci\u00f3n 331\/14 del Consejo de la Magistratura de la Naci\u00f3n y del art\u00edculo 7\u00b0 del Reglamento de Subrogaciones de los Tribunales Inferiores de la Naci\u00f3n, donde se contempla la posibilidad de cubrir vacantes con secretarios judiciales en casos excepcionales con el fin de \u201cevitar la interrupci\u00f3n del servicio de justicia\u201d.<br \/>\nA partir de ese planteo es que el juez Recondo hizo lugar hoy al requerimiento, declar\u00f3 la inconstitucionalidad del Reglamento de Subrogaciones por secretarios y resolvi\u00f3 que hasta tanto sea cubierta la vacante en forma definitiva, el Consejo de la Magistratura de la Naci\u00f3n deber\u00e1 designar un juez como subrogante en el Juzgado Federal 1.<\/p>","protected":false},"excerpt":{"rendered":"<p>Un juez federal de La Plata declar\u00f3 hoy &#8220;inv\u00e1lida&#8221; la designaci\u00f3n del juez Laureano Alberto Dur\u00e1n como subrogante en el Juzgado Federal en lo Criminal y Correccional 1 de La Plata con competencia electoral, informaron fuentes judiciales. La sentencia del juez Alberto Recondo a cargo del Juzgado Federal N\u00ba4 de La Plata, publicada en el [&hellip;]<\/p>\n","protected":false},"author":4,"featured_media":0,"comment_status":"open","ping_status":"open","sticky":false,"template":"","format":"standard","meta":{"site-sidebar-layout":"default","site-content-layout":"","ast-site-content-layout":"default","site-content-style":"default","site-sidebar-style":"default","ast-global-header-display":"","ast-banner-title-visibility":"","ast-main-header-display":"","ast-hfb-above-header-display":"","ast-hfb-below-header-display":"","ast-hfb-mobile-header-display":"","site-post-title":"","ast-breadcrumbs-content":"","ast-featured-img":"","footer-sml-layout":"","ast-disable-related-posts":"","theme-transparent-header-meta":"","adv-header-id-meta":"","stick-header-meta":"","header-above-stick-meta":"","header-main-stick-meta":"","header-below-stick-meta":"","astra-migrate-meta-layouts":"default","ast-page-background-enabled":"default","ast-page-background-meta":{"desktop":{"background-color":"","background-image":"","background-repeat":"repeat","background-position":"center center","background-size":"auto","background-attachment":"scroll","background-type":"","background-media":"","overlay-type":"","overlay-color":"","overlay-opacity":"","overlay-gradient":""},"tablet":{"background-color":"","background-image":"","background-repeat":"repeat","background-position":"center center","background-size":"auto","background-attachment":"scroll","background-type":"","background-media":"","overlay-type":"","overlay-color":"","overlay-opacity":"","overlay-gradient":""},"mobile":{"background-color":"","background-image":"","background-repeat":"repeat","background-position":"center center","background-size":"auto","background-attachment":"scroll","background-type":"","background-media":"","overlay-type":"","overlay-color":"","overlay-opacity":"","overlay-gradient":""}},"ast-content-background-meta":{"desktop":{"background-color":"var(--ast-global-color-5)","background-image":"","background-repeat":"repeat","background-position":"center center","background-size":"auto","background-attachment":"scroll","background-type":"","background-media":"","overlay-type":"","overlay-color":"","overlay-opacity":"","overlay-gradient":""},"tablet":{"background-color":"var(--ast-global-color-5)","background-image":"","background-repeat":"repeat","background-position":"center center","background-size":"auto","background-attachment":"scroll","background-type":"","background-media":"","overlay-type":"","overlay-color":"","overlay-opacity":"","overlay-gradient":""},"mobile":{"background-color":"var(--ast-global-color-5)","background-image":"","background-repeat":"repeat","background-position":"center center","background-size":"auto","background-attachment":"scroll","background-type":"","background-media":"","overlay-type":"","overlay-color":"","overlay-opacity":"","overlay-gradient":""}},"footnotes":""},"categories":[2],"tags":[1267],"class_list":["post-3882","post","type-post","status-publish","format-standard","hentry","category-politica","tag-juez-duran"],"spectra_blocks_featured_image_url":null,"spectra_blocks_author_info":{"display_name":"Facundo Novillo","avatar_url":"https:\/\/secure.gravatar.com\/avatar\/09745bc65ce6bf84291d6515d5f759c04b4fce4f329b8a975a8ac2982b552d3e?s=96&d=mm&r=g","author_link":"https:\/\/100xd.com.ar\/en\/author\/facundo\/","description":""},"_links":{"self":[{"href":"https:\/\/100xd.com.ar\/en\/wp-json\/wp\/v2\/posts\/3882","targetHints":{"allow":["GET"]}}],"collection":[{"href":"https:\/\/100xd.com.ar\/en\/wp-json\/wp\/v2\/posts"}],"about":[{"href":"https:\/\/100xd.com.ar\/en\/wp-json\/wp\/v2\/types\/post"}],"author":[{"embeddable":true,"href":"https:\/\/100xd.com.ar\/en\/wp-json\/wp\/v2\/users\/4"}],"replies":[{"embeddable":true,"href":"https:\/\/100xd.com.ar\/en\/wp-json\/wp\/v2\/comments?post=3882"}],"version-history":[{"count":1,"href":"https:\/\/100xd.com.ar\/en\/wp-json\/wp\/v2\/posts\/3882\/revisions"}],"predecessor-version":[{"id":3884,"href":"https:\/\/100xd.com.ar\/en\/wp-json\/wp\/v2\/posts\/3882\/revisions\/3884"}],"wp:attachment":[{"href":"https:\/\/100xd.com.ar\/en\/wp-json\/wp\/v2\/media?parent=3882"}],"wp:term":[{"taxonomy":"category","embeddable":true,"href":"https:\/\/100xd.com.ar\/en\/wp-json\/wp\/v2\/categories?post=3882"},{"taxonomy":"post_tag","embeddable":true,"href":"https:\/\/100xd.com.ar\/en\/wp-json\/wp\/v2\/tags?post=3882"}],"curies":[{"name":"wp","href":"https:\/\/api.w.org\/{rel}","templated":true}]}}