{"id":38470,"date":"2020-02-26T14:10:00","date_gmt":"2020-02-26T17:10:00","guid":{"rendered":"http:\/\/www.100xd.com.ar\/?p=38470"},"modified":"2020-02-26T14:10:07","modified_gmt":"2020-02-26T17:10:07","slug":"la-impunidad-de-cristina-kirchner-una-politica-de-estado","status":"publish","type":"post","link":"https:\/\/100xd.com.ar\/en\/la-impunidad-de-cristina-kirchner-una-politica-de-estado\/","title":{"rendered":"La impunidad de Cristina Kirchner, una pol\u00edtica de Estado"},"content":{"rendered":"<div class=\"row pb-content-type-text\">\n<div class=\"col-xs-12 col-print-12\">\n<p class=\"element element-paragraph\"><b>Las iniciativas y acciones del presidente Alberto Fern\u00e1ndez desde que asumi\u00f3 el poder evidencian cu\u00e1les son sus prioridades de gobierno<\/b>. En materia econ\u00f3mica: superpoderes, excepcionalidad y discrecionalidad, que aseguren asignaci\u00f3n y recortes antojadizos de recursos a propios y extra\u00f1os, gasto p\u00fablico y renegociaci\u00f3n de la deuda sin control ni plan y negativa voluntaria de dise\u00f1o presupuestario y plan econ\u00f3mico. Ajuste confiscatorio a los jubilados, quita de coparticipaci\u00f3n a la CABA y castigo a la clase media, el campo y los sectores de la sociedad que no los votaron.<\/p>\n<\/div>\n<\/div>\n<div class=\"row pb-content-type-text\">\n<div class=\"col-xs-12 col-print-12\">\n<p class=\"element element-paragraph\">Estas acciones procuran el manejo de las cuentas fiscales sin control ni freno alguno.\u00a0<b>Recaudar lo m\u00e1s que se pueda a como d\u00e9 lugar y no ordenar ni pagar deuda, o pagar lo menos posible de ac\u00e1 2023<\/b>. Si la situaci\u00f3n se complica, como no hay acceso a los mercados, emitir. Todo ha causado indignaci\u00f3n en los ciudadanos. Es entendible esta preocupaci\u00f3n tomando en consideraci\u00f3n el mensaje que hab\u00eda transmitido el Presidente que ven\u00eda a \u201cllenar las heladeras de los argentinos\u201d, \u201cdar un aumento del 20% a los jubilados\u201d y \u201cterminar con el ajuste\u201d.<\/p>\n<\/div>\n<\/div>\n<div class=\"row pb-content-type-text\">\n<div class=\"col-xs-12 col-print-12\">\n<p class=\"element element-paragraph\">Pero la cuesti\u00f3n econ\u00f3mica no es la prioridad n\u00famero uno del Gobierno. M\u00e1s all\u00e1 de lo que se dice,\u00a0<b>la verdadera y principal prioridad es la impunidad de Cristina Kirchner que es la due\u00f1a del poder y del gobierno en la argentina.<\/b><\/p>\n<\/div>\n<\/div>\n<div class=\"row pb-content-type-text\">\n<div class=\"col-xs-12 col-print-12\">\n<p class=\"element element-paragraph\">El Presidente no ha podido ocultar que toda su agenda pol\u00edtica, acciones, decisiones y hasta declaraciones est\u00e1n subordinadas a los dictados de la vicepresidente Cristina Kirchner. Hace esfuerzos para mostrar una independencia que no tiene y un poder de decisi\u00f3n que no existe en la pr\u00e1ctica.<\/p>\n<\/div>\n<\/div>\n<div class=\"row pb-content-type-text\">\n<div id=\"\" class=\"wrapper clearfix pb-feature pb-layout-item pb-f-ads-dfp left-align\"><\/div>\n<div class=\"col-xs-12 col-print-12\">\n<p class=\"element element-paragraph\">Intenta Alberto Fernandez copiar el modelo de cooptaci\u00f3n de la transversalidad de N\u00e9stor Kirchner para buscar una fortaleza y estabilidad pol\u00edtica frente a su vicepresidente y distraer con ello su debilidad.<\/p>\n<\/div>\n<\/div>\n<div class=\"row pb-content-type-text\">\n<div class=\"col-xs-12 col-print-12\">\n<p class=\"element element-paragraph\"><b>Pero el Presidente no es el bueno y la Vicepresidente la mala. Son lo mismo<\/b>. No hay que caer en la trampa ni la estratagema trillada y fatigada del \u201ckirchnerismo cr\u00edtico\u201d, \u201ckirchnerismo originario\u00bb, \u201ckirchnerismo disidente\u201d y\/o \u201ckirchnerismo republicano\u201d, porque a fin de cuentas, en cualquier denominaci\u00f3n sabemos que todos han formado parte del saqueo y la destrucci\u00f3n de nuestro pa\u00eds.<\/p>\n<\/div>\n<\/div>\n<div class=\"row pb-content-type-text\">\n<div class=\"col-xs-12 col-print-12\">\n<p class=\"element element-paragraph\">La Argentina clama por justicia y es un abuso descarado invitar a formar parte de un gobierno que entreg\u00f3 la naci\u00f3n al narcotr\u00e1fico y sus aliados, a quienes con la excusa de terminar con los desencuentros, -prop\u00f3sito que al gobierno no le interesa-, terminan siendo hoy los c\u00f3mplices del momento.<\/p>\n<\/div>\n<\/div>\n<div class=\"row pb-content-type-text\">\n<div class=\"col-xs-12 col-print-12\">\n<p class=\"element element-paragraph\">El Presidente, en ese encorsetamiento que tiene, env\u00eda se\u00f1ales equivocadas a la comunidad internacional cuando trata de culpar al gobierno de Cambiemos de la destrucci\u00f3n del pa\u00eds, obviando irresponsablemente su actuaci\u00f3n propia como parte del gobierno de N\u00e9stor y Cristina Kirchner, verdaderos responsable y propulsor del r\u00e9gimen corrupto que se instal\u00f3 en el pa\u00eds.<\/p>\n<\/div>\n<\/div>\n<div class=\"row pb-content-type-text\">\n<div class=\"col-xs-12 col-print-12\">\n<p class=\"element element-paragraph\"><b>Exculparse a s\u00ed mismos y pretender hacerle ver al ciudadano que existe un \u00fanico gobierno que arras\u00f3 con el pa\u00eds y es responsable de la debacle es sumamente preocupante<\/b>, pues se busca limpiar la imagen de una organizaci\u00f3n criminal que organiz\u00f3 un gobierno para delinquir y rendir a todo un pa\u00eds.<\/p>\n<\/div>\n<\/div>\n<div class=\"row pb-content-type-text\">\n<div class=\"col-xs-12 col-print-12\">\n<p class=\"element element-paragraph\">Debemos decirlo de manera responsable: para la reconstrucci\u00f3n de la naci\u00f3n no necesitamos como -nos quieren hacer creer- que quienes recuperaron el poder desde 2019 y lo destruyeron todo antes, procuren hoy el reencuentro de ciudadanos divididos en alg\u00fan momento por temas pol\u00edticos, cuando en verdad se busca unir esfuerzos para que una facci\u00f3n pol\u00edtica se lleve puestas a las instituciones y la libertad.<\/p>\n<\/div>\n<\/div>\n<div class=\"row pb-content-type-text\">\n<div class=\"col-xs-12 col-print-12\">\n<p class=\"element element-paragraph\">El Presidente lleva adelante una transacci\u00f3n que le permiti\u00f3 llegar al poder, a trav\u00e9s de un pacto de impunidad con su Vicepresidente, para\u00a0<b>terminar con sus cuentas pendientes en la usticia y garantizarle el fin de la persecuci\u00f3n judicial por su corrupci\u00f3n, d\u00e1ndole certezas de impunidades definitivas para adelante, sobre cr\u00edmenes que no pueden ser olvidados ni perdonados.<\/b><\/p>\n<\/div>\n<\/div>\n<div class=\"row pb-content-type-text\">\n<div class=\"col-xs-12 col-print-12\">\n<p class=\"element element-paragraph\">Por ello el Presidente habla de \u201cun nunca m\u00e1s a la persecuci\u00f3n judicial\u201d, agita que hubo a\u00f1os de\u00a0<i>lawfare<\/i>\u00a0y sostiene que hubo complicidad medi\u00e1tica para perseguir a Cristina Kirchner y los suyos con detenciones arbitrarias e injustas.<\/p>\n<\/div>\n<\/div>\n<div class=\"row pb-content-type-text\">\n<div class=\"col-xs-12 col-print-12\">\n<p class=\"element element-paragraph\">En ese orden, van los proyectos que fogonea el Presidente para silenciar al periodismo y sus investigaciones, a quienes se culpa de atreverse a visibilizar la corrupci\u00f3n macrocef\u00e0lica y sin fin del Kirchnerismo, del cual form\u00f3 parte, se escandaliz\u00f3 y denunci\u00f3 con vehemencia en tiempos de alejamiento con la Vicepresidente.<\/p>\n<\/div>\n<\/div>\n<div class=\"row pb-content-type-text\">\n<div class=\"col-xs-12 col-print-12\">\n<p class=\"element element-paragraph\"><b>No le importa al Presidente la degradaci\u00f3n institucional que su pacto de impunidad con Cristina Kirchner significa para el pa\u00eds.<\/b><\/p>\n<\/div>\n<\/div>\n<div class=\"row pb-content-type-text\">\n<div class=\"col-xs-12 col-print-12\">\n<p class=\"element element-paragraph\">Por ello, dej\u00f3 correr el proyecto temerario de intervenir el poder judicial de la Provincia de Jujuy, con la finalidad de liberar a Milagros Sala, por designios de la vicepresidente Cristina Kirchner. Un dislate macabro instalado como si nada a plena luz del d\u00eda.<\/p>\n<\/div>\n<\/div>\n<div class=\"row pb-content-type-text\">\n<div class=\"col-xs-12 col-print-12\">\n<p class=\"element element-paragraph\">Tiene que rendir cuentas la Vicepresidente de cada uno de ellos seg\u00fan el delito cometido. La muerte de Bonadio no debe ser la muerte de las causas que investigaba. La\u00a0<b>reforma judicial de avanzada que planea el gobierno y esconde la colonizaci\u00f3n de los juzgados federales<\/b>, cuyo plan es acompa\u00f1ado con el empuj\u00f3n para que jueces federales se jubilen, tampoco.<\/p>\n<\/div>\n<\/div>\n<div class=\"row pb-content-type-text\">\n<div class=\"col-xs-12 col-print-12\">\n<p class=\"element element-paragraph\">Es imposible construir una sociedad democr\u00e1tica con impunidad, porque las instituciones dejan de estar al servicio de los ciudadanos.<\/p>\n<\/div>\n<\/div>\n<div class=\"row pb-content-type-text\">\n<div class=\"col-xs-12 col-print-12\">\n<p class=\"element element-paragraph\">Hasta el d\u00eda de hoy la impunidad -no solo para los culpables de corrupci\u00f3n pero principalmente- es el mayor est\u00edmulo para quienes una y otra vez se atreven a asaltar, agredir, asesinar y robar.<\/p>\n<\/div>\n<\/div>\n<div class=\"row pb-content-type-text\">\n<div class=\"col-xs-12 col-print-12\">\n<p class=\"element element-paragraph\">Conozco la impostura del kirchnerismo.\u00a0<b>Esa necesidad t\u00e1ctica de estar siempre en cruzada contra alguien, porque s\u00f3lo se puede justificar el r\u00e9gimen, si es cruzada necesaria contra algo que se muestra como mal absoluto.<\/b><\/p>\n<\/div>\n<\/div>\n<div class=\"row pb-content-type-text\">\n<div class=\"col-xs-12 col-print-12\">\n<p class=\"element element-paragraph\">Esto es mucho m\u00e1s grave de lo que pensamos y son muchos quienes prefieren no afrontarlo. Se consuelan pensando que estos desv\u00edos autocr\u00e1ticos son igual democracia.<\/p>\n<\/div>\n<\/div>\n<div class=\"row pb-content-type-text\">\n<div class=\"col-xs-12 col-print-12\">\n<p class=\"element element-paragraph\">Esto impide la discusi\u00f3n y la exigencia de responsabilidades sobre los cr\u00edmenes pasados. Esto impide un debate sobre nuestro pasado.<\/p>\n<\/div>\n<\/div>\n<div class=\"row pb-content-type-text\">\n<div class=\"col-xs-12 col-print-12\">\n<p class=\"element element-paragraph\">Esto evidencia el grado de impunidad, opacidad y corrupci\u00f3n de nuestro sistema.<b>\u00a0La impunidad es la norma<\/b>. Como consecuencia, se pueden decir las barbaridades m\u00e1s disparatadas sin que pase nada.<\/p>\n<\/div>\n<\/div>\n<div class=\"row pb-content-type-text\">\n<div class=\"col-xs-12 col-print-12\">\n<p class=\"element element-paragraph\">Pareciera que es de mala educaci\u00f3n que la gente asuma la responsabilidad de sus actos o palabras. Por otra parte, este pa\u00eds debe padecer otro mal que lo carcome:\u00a0<b>la insoportable equidistancia de muchos que no toman partido entre la Rep\u00fablica y la autocracia populista.<\/b><\/p>\n<\/div>\n<\/div>\n<div class=\"row pb-content-type-text\">\n<div class=\"col-xs-12 col-print-12\">\n<p class=\"element element-paragraph\">No hay democracia con gurisas. Es como el embarazo; se est\u00e1 embarazada o no, nunca he conocido a nadie que haya estado medio embarazada.<\/p>\n<\/div>\n<\/div>\n<div class=\"row pb-content-type-text\">\n<div class=\"col-xs-12 col-print-12\">\n<p class=\"element element-paragraph\">La pol\u00edtica que persigue implementar el gobierno es la del estado de venganza, descalificaci\u00f3n y linchamiento contra los que molestan al gobierno. Lo que quieren hacer con la justicia es convertirla en un reducto servil y domesticado, un \u00e1mbito copado por militantes y familiares como sucede hoy en la provincia de Santa Cruz.<\/p>\n<\/div>\n<\/div>\n<div class=\"row pb-content-type-text\">\n<div class=\"col-xs-12 col-print-12\">\n<p class=\"element element-paragraph\"><b>La pol\u00edtica de Estado que tiene en mente la Vicepresidente, due\u00f1a del poder del gobierno, es la radicalizaci\u00f3n, confrontaci\u00f3n, persecuci\u00f3n y descalificaci\u00f3n del otro<\/b>\u00a0en su amplio contexto, lo que pone en peligro al futuro de la naci\u00f3n misma y la viabilidad de la rep\u00fablica; en consecuencia, eso es lo que debiera estar en el centro del debate pol\u00edtico. Es por esta raz\u00f3n que el contenido y la forma en la que se trasmite el discurso pol\u00edtico del gobierno adquiere relevancia especial.<\/p>\n<\/div>\n<\/div>\n<div class=\"row pb-content-type-text\">\n<div class=\"col-xs-12 col-print-12\">\n<p class=\"element element-paragraph\">Llegar\u00e1 sin duda el momento de rendir cuentas al pa\u00eds.\u00a0<b>\u00bfQui\u00e9n responder\u00e1 por el tiempo perdido y los da\u00f1os que se est\u00e1n causando? Argentina vive uno de los momentos m\u00e1s peligrosos de su historia<\/b>. La degradaci\u00f3n de la Justicia avanza y todo parece anunciar que el deterioro de la institucionalidad del pa\u00eds ser\u00e1 irreversible. Vamos a luchar para que esto no ocurra. Tenemos que hacerlo, no estamos solos. La sociedad no lo va a permitir.<\/p>\n<\/div>\n<\/div>\n<div class=\"row pb-content-type-text\">\n<div class=\"col-xs-12 col-print-12\">\n<p class=\"element element-paragraph\"><i><b>El autor es diputado nacional por la ciudad de Buenos Aires (Juntos por el Cambio)<\/b><\/i><\/p>\n<p class=\"element element-paragraph\">Fuente:<a href=\"https:\/\/www.infobae.com\/?noredirect\"> Infobae.com\u00a0<\/a> \u00a0 Alvaro de Lamadrid<\/p>\n<\/div>\n<\/div>","protected":false},"excerpt":{"rendered":"<p>Las iniciativas y acciones del presidente Alberto Fern\u00e1ndez desde que asumi\u00f3 el poder evidencian cu\u00e1les son sus prioridades de gobierno. En materia econ\u00f3mica: superpoderes, excepcionalidad y discrecionalidad, que aseguren asignaci\u00f3n y recortes antojadizos de recursos a propios y extra\u00f1os, gasto p\u00fablico y renegociaci\u00f3n de la deuda sin control ni plan y negativa voluntaria de dise\u00f1o [&hellip;]<\/p>\n","protected":false},"author":4,"featured_media":38471,"comment_status":"open","ping_status":"open","sticky":false,"template":"","format":"standard","meta":{"site-sidebar-layout":"default","site-content-layout":"","ast-site-content-layout":"default","site-content-style":"default","site-sidebar-style":"default","ast-global-header-display":"","ast-banner-title-visibility":"","ast-main-header-display":"","ast-hfb-above-header-display":"","ast-hfb-below-header-display":"","ast-hfb-mobile-header-display":"","site-post-title":"","ast-breadcrumbs-content":"","ast-featured-img":"","footer-sml-layout":"","ast-disable-related-posts":"","theme-transparent-header-meta":"","adv-header-id-meta":"","stick-header-meta":"","header-above-stick-meta":"","header-main-stick-meta":"","header-below-stick-meta":"","astra-migrate-meta-layouts":"default","ast-page-background-enabled":"default","ast-page-background-meta":{"desktop":{"background-color":"","background-image":"","background-repeat":"repeat","background-position":"center center","background-size":"auto","background-attachment":"scroll","background-type":"","background-media":"","overlay-type":"","overlay-color":"","overlay-opacity":"","overlay-gradient":""},"tablet":{"background-color":"","background-image":"","background-repeat":"repeat","background-position":"center center","background-size":"auto","background-attachment":"scroll","background-type":"","background-media":"","overlay-type":"","overlay-color":"","overlay-opacity":"","overlay-gradient":""},"mobile":{"background-color":"","background-image":"","background-repeat":"repeat","background-position":"center center","background-size":"auto","background-attachment":"scroll","background-type":"","background-media":"","overlay-type":"","overlay-color":"","overlay-opacity":"","overlay-gradient":""}},"ast-content-background-meta":{"desktop":{"background-color":"var(--ast-global-color-5)","background-image":"","background-repeat":"repeat","background-position":"center center","background-size":"auto","background-attachment":"scroll","background-type":"","background-media":"","overlay-type":"","overlay-color":"","overlay-opacity":"","overlay-gradient":""},"tablet":{"background-color":"var(--ast-global-color-5)","background-image":"","background-repeat":"repeat","background-position":"center center","background-size":"auto","background-attachment":"scroll","background-type":"","background-media":"","overlay-type":"","overlay-color":"","overlay-opacity":"","overlay-gradient":""},"mobile":{"background-color":"var(--ast-global-color-5)","background-image":"","background-repeat":"repeat","background-position":"center center","background-size":"auto","background-attachment":"scroll","background-type":"","background-media":"","overlay-type":"","overlay-color":"","overlay-opacity":"","overlay-gradient":""}},"footnotes":""},"categories":[12],"tags":[],"class_list":["post-38470","post","type-post","status-publish","format-standard","has-post-thumbnail","hentry","category-opinion"],"spectra_blocks_featured_image_url":{"thumbnail":{"url":"https:\/\/100xd.com.ar\/wp-content\/uploads\/2020\/02\/alvaro-150x150.jpg","width":150,"height":150},"medium":{"url":"https:\/\/100xd.com.ar\/wp-content\/uploads\/2020\/02\/alvaro.jpg","width":200,"height":200},"medium_large":{"url":"https:\/\/100xd.com.ar\/wp-content\/uploads\/2020\/02\/alvaro.jpg","width":200,"height":200},"large":{"url":"https:\/\/100xd.com.ar\/wp-content\/uploads\/2020\/02\/alvaro.jpg","width":200,"height":200},"full":{"url":"https:\/\/100xd.com.ar\/wp-content\/uploads\/2020\/02\/alvaro.jpg","width":200,"height":200}},"spectra_blocks_author_info":{"display_name":"Facundo Novillo","avatar_url":"https:\/\/secure.gravatar.com\/avatar\/09745bc65ce6bf84291d6515d5f759c04b4fce4f329b8a975a8ac2982b552d3e?s=96&d=mm&r=g","author_link":"https:\/\/100xd.com.ar\/en\/author\/facundo\/","description":""},"_links":{"self":[{"href":"https:\/\/100xd.com.ar\/en\/wp-json\/wp\/v2\/posts\/38470","targetHints":{"allow":["GET"]}}],"collection":[{"href":"https:\/\/100xd.com.ar\/en\/wp-json\/wp\/v2\/posts"}],"about":[{"href":"https:\/\/100xd.com.ar\/en\/wp-json\/wp\/v2\/types\/post"}],"author":[{"embeddable":true,"href":"https:\/\/100xd.com.ar\/en\/wp-json\/wp\/v2\/users\/4"}],"replies":[{"embeddable":true,"href":"https:\/\/100xd.com.ar\/en\/wp-json\/wp\/v2\/comments?post=38470"}],"version-history":[{"count":1,"href":"https:\/\/100xd.com.ar\/en\/wp-json\/wp\/v2\/posts\/38470\/revisions"}],"predecessor-version":[{"id":38472,"href":"https:\/\/100xd.com.ar\/en\/wp-json\/wp\/v2\/posts\/38470\/revisions\/38472"}],"wp:featuredmedia":[{"embeddable":true,"href":"https:\/\/100xd.com.ar\/en\/wp-json\/wp\/v2\/media\/38471"}],"wp:attachment":[{"href":"https:\/\/100xd.com.ar\/en\/wp-json\/wp\/v2\/media?parent=38470"}],"wp:term":[{"taxonomy":"category","embeddable":true,"href":"https:\/\/100xd.com.ar\/en\/wp-json\/wp\/v2\/categories?post=38470"},{"taxonomy":"post_tag","embeddable":true,"href":"https:\/\/100xd.com.ar\/en\/wp-json\/wp\/v2\/tags?post=38470"}],"curies":[{"name":"wp","href":"https:\/\/api.w.org\/{rel}","templated":true}]}}