{"id":37843,"date":"2020-01-22T13:18:00","date_gmt":"2020-01-22T16:18:00","guid":{"rendered":"http:\/\/www.100xd.com.ar\/?p=37843"},"modified":"2020-01-22T13:18:07","modified_gmt":"2020-01-22T16:18:07","slug":"la-justicia-como-servicio-a-la-sociedad","status":"publish","type":"post","link":"https:\/\/100xd.com.ar\/en\/la-justicia-como-servicio-a-la-sociedad\/","title":{"rendered":"La Justicia como servicio a la sociedad"},"content":{"rendered":"<div class=\"row pb-content-type-text\">\n<div class=\"col-xs-12 col-print-12\">\n<p class=\"element element-paragraph\"><b>El Poder Judicial es unos de los tres poderes del Estado y presupuesto del Estado de derecho. En dicho \u00e1mbito se dirimen conflictos de la \u00edndole m\u00e1s diversa<\/b>. El incumplimiento de un contrato de alquiler, un despido laboral injustificado, la quiebra de un club de f\u00fatbol, un divorcio, la expropiaci\u00f3n de dep\u00f3sitos bancarios, el arrebato de una billetera en el subte, un homicidio, el tr\u00e1fico de estupefaciente, una estafa millonaria al estado, un caso de corrupci\u00f3n, etc. La mayor\u00eda de los asuntos que ata\u00f1en a un ciudadano, a un grupo de ellos o a la sociedad en su conjunto, pasan por el sistema de administraci\u00f3n de justicia y en particular, por la justicia penal (desde ya, hay un importante n\u00famero de casos que no son denunciados).<\/p>\n<\/div>\n<\/div>\n<div class=\"row pb-content-type-text\">\n<div class=\"col-xs-12 col-print-12\">\n<p class=\"element element-paragraph\">En los medios de comunicaci\u00f3n y en las redes sociales, los conflictos judiciales ocupan un papel primordial. Sin embargo, si a un ciudadano com\u00fan \u201cno abogado\u201d se le pregunta por cuestiones de todos los d\u00edas en la justicia (demanda, prove\u00eddo, auto de procesamiento, falta de m\u00e9rito, C\u00e1mara de Apelaciones o de Casaci\u00f3n, declaraci\u00f3n de inconstitucionalidad, el fiscal, la querella, etc.), muy pocos conocen su verdadero significado. Absolutamente diferente es el mundo de los juristas, que escriben, leen y discuten cuestiones que s\u00f3lo ellos entienden y, consecuentemente, todo el material bibliogr\u00e1fico (legislaci\u00f3n, doctrina y jurisprudencia) es escrito por abogados y para abogados.<\/p>\n<\/div>\n<\/div>\n<div class=\"row pb-content-type-text\">\n<div class=\"col-xs-12 col-print-12\">\n<p class=\"element element-paragraph\"><b>La sociedad espera de la Justicia much\u00edsimo m\u00e1s de lo que la Justicia le brinda. En el siglo XXI no cabe duda de que la sociedad deber\u00eda formar parte del debate p\u00fablico ante las reformas legislativas en la materia.<\/b><\/p>\n<\/div>\n<\/div>\n<div class=\"row pb-content-type-text\">\n<div class=\"col-xs-12 col-print-12\">\n<p class=\"element element-paragraph\"><b>Se espera que la Justicia tenga un contacto m\u00e1s cercano con la sociedad.<\/b>\u00a0Que el acceso a la Justicia sea un derecho palpable. Que los jueces hagan p\u00fablicas sus declaraciones de bienes.\u00a0<b>Que inspiren confianza, producto de su independencia de criterio<\/b>. Que no tengan explotaciones comerciales ni concurran a lugares de azar. Serlo y parecerlo. Que a la vez brinden un servicio (el de justicia) a la sociedad. Que los jueces atiendan y resuelvan los problemas (conflictos) de los ciudadanos, as\u00ed como aquellos en los cuales el Estado es parte.\u00a0<b>Que las soluciones se expresen con un lenguaje sencillo, de f\u00e1cil comprensi\u00f3n<\/b>. En su caso, de ser necesario, que los jueces expliquen con capacidad docente las sentencias a la sociedad. Que las sentencias sean anoticiadas a los ciudadanos a trav\u00e9s de los medios de prensa (en todas sus versiones y vertientes), para que de esta forma la comunidad pueda tener el control ciudadano de lo que hacen los jueces, todo lo cual transparenta la funci\u00f3n judicial.<b>\u00a0Los jueces tienen la obligaci\u00f3n de comunicar a la sociedad lo que tienen, lo que hacen y c\u00f3mo lo hacen.<\/b><\/p>\n<\/div>\n<\/div>\n<div class=\"row pb-content-type-text\">\n<div id=\"\" class=\"wrapper clearfix pb-feature pb-layout-item pb-f-ads-dfp left-align\"><\/div>\n<div class=\"col-xs-12 col-print-12\">\n<p class=\"element element-paragraph\"><b>El poder de los jueces (como uno de los tres poderes del Estado) se debe traducir en servicio p\u00fablico a la sociedad en t\u00e9rminos de administraci\u00f3n de justicia y no como un poder para ellos mismos.<\/b><\/p>\n<\/div>\n<\/div>\n<div class=\"row pb-content-type-text\">\n<div class=\"col-xs-12 col-print-12\">\n<p class=\"element element-paragraph\">Tambi\u00e9n constituye un mecanismo de control ciudadano de los actos de gobierno, la realizaci\u00f3n de audiencias orales, que deben ser comunicadas por los medios oficiales, para que la ciudadan\u00eda pueda comprender c\u00f3mo se dirime un expediente.<\/p>\n<\/div>\n<\/div>\n<div class=\"row pb-content-type-text\">\n<div class=\"col-xs-12 col-print-12\">\n<p class=\"element element-paragraph\">Todo ello, m\u00e1s all\u00e1 del formato anacr\u00f3nico que suele utilizarse en \u201ctribunales\u201d. Reflejo de ello es la forma en c\u00f3mo se dirigen a los jueces: su se\u00f1or\u00eda, vuestra excelencia y otras denominaciones m\u00e1s propias de otros tiempos que de los actuales; dichas cuestiones no hacen a la esencia de la funci\u00f3n y desempe\u00f1o del juez.<\/p>\n<\/div>\n<\/div>\n<div class=\"row pb-content-type-text\">\n<div class=\"col-xs-12 col-print-12\">\n<p class=\"element element-paragraph\">Adem\u00e1s,\u00a0<b>es imperioso que el sistema de administraci\u00f3n de justicia sea eficaz y eficiente en su gesti\u00f3n<\/b>. Ello significa que los jueces deben resolver, con la debida prudencia, el universo de casos (detr\u00e1s de los cuales hay conflictos sociales, entre particulares o de orden p\u00fablico) que tienen para fallar con equidad y justicia, sin distinguir si se refieren a ciudadanos de bajos recursos econ\u00f3micos, o de alto poder adquisitivo, se trate de delitos comunes o de cr\u00edmenes complejos, de un juicio contra el Estado, a favor del Estado o de una empresa, con afectaci\u00f3n al \u00e1mbito local o con implicancias internacionales;\u00a0<b>todos los casos deben ser resueltos a la mayor brevedad posible, cumpliendo desde ya las garant\u00edas del debido proceso, pues fiel al adagio popular, la justicia lenta no es justicia.<\/b><\/p>\n<\/div>\n<\/div>\n<div class=\"row pb-content-type-text\">\n<div class=\"col-xs-12 col-print-12\">\n<p class=\"element element-paragraph\">El cargo de juez (al igual que el de fiscal y defensor oficial) es de gran prestigio y se obtiene luego de un largo y complejo camino, que implica un riguroso an\u00e1lisis de antecedentes profesionales, examen escrito (y, eventualmente, oral) audiencias p\u00fablicas, test psicol\u00f3gico, presentaci\u00f3n de declaraci\u00f3n jurada de bienes, consulta a la ciudadan\u00eda sobre las cualidades del candidato propuesto; todo ello con intervenci\u00f3n de los tres poderes del Estado (Consejo de la Magistratura del Poder Judicial de la Naci\u00f3n, Poder Ejecutivo y C\u00e1mara de Senadores).<\/p>\n<\/div>\n<\/div>\n<div class=\"row pb-content-type-text\">\n<div class=\"col-xs-12 col-print-12\">\n<p class=\"element element-paragraph\"><b>El juez es el gerente de una empresa, en el \u00e1mbito p\u00fablico. Como l\u00edder de un grupo de trabajo debe fijar su rumbo, organizarlo, desarrollarlo (capacitar, especializar y motivar), escuchar y dialogar con sus integrantes<\/b>. A su vez, estos deben ser seleccionados teniendo en cuenta distintos aspectos, la experiencia laboral, los m\u00e9ritos acad\u00e9micos, dando oportunidad a todos los aspirantes, sin distinciones ni favoritismos personales o familiares. Constituye un imperativo del magistrado, efectuar un despliegue inteligente de los recursos tecnol\u00f3gicos, materiales, humanos y de la informaci\u00f3n.<b>\u00a0Debe establecer un plan de acci\u00f3n al que deben exig\u00edrsele resultados, sin que constituya un obst\u00e1culo para dichos fines, ni los horarios ni las ferias judiciales, m\u00e1s all\u00e1 de los razonables descansos laborales<\/b>. Los jueces deben rendir cuentas de sus actos y demostrar su productividad mensual, semestral y\/o anualmente ante los organismos de control establecidos por la Constituci\u00f3n Nacional y sus leyes reglamentarias. B\u00e1sicamente el control se efect\u00faa a trav\u00e9s del Consejo de la Magistratura en lo que ata\u00f1e al desempe\u00f1o funcional, y mediante las C\u00e1maras de Apelaciones, de Casaci\u00f3n y Corte Suprema, en el control jurisdiccional de las sentencias y resoluciones judiciales.<\/p>\n<\/div>\n<\/div>\n<div class=\"row pb-content-type-text\">\n<div class=\"col-xs-12 col-print-12\">\n<p class=\"element element-paragraph\">Para ello,\u00a0<b>el juez debe ser portador de diferentes valores<\/b>, entre los que se destacan la imparcialidad, independencia (de los poderes pol\u00edticos, econ\u00f3micos y de otras agencias judiciales), integridad moral, templanza, experiencia, humildad, capacidad de transformaci\u00f3n y sentido com\u00fan.<\/p>\n<\/div>\n<\/div>\n<div class=\"row pb-content-type-text\">\n<div class=\"col-xs-12 col-print-12\">\n<p class=\"element element-paragraph\">A su vez,\u00a0<b>aquellas virtudes deben ser acompa\u00f1adas de una capacitaci\u00f3n t\u00e9cnico-jur\u00eddica permanente y amplificada a un marco pol\u00edtico, social, econ\u00f3mico y cultural<\/b>. Estas deben ser sencillas, de f\u00e1cil comprensi\u00f3n, que resuelvan el caso conforme los par\u00e1metros de equidad y justicia, y transparentes para que la sociedad pueda ejercer su derecho democr\u00e1tico de control.<\/p>\n<\/div>\n<\/div>\n<div class=\"row pb-content-type-text\">\n<div class=\"col-xs-12 col-print-12\">\n<p class=\"element element-paragraph\"><b>El Ministerio P\u00fablico Fiscal cumple un rol protag\u00f3nico en la promoci\u00f3n de la acci\u00f3n penal y en defensa de los intereses de la sociedad, y de la legalidad del procedimiento<\/b>, tendiendo cada vez m\u00e1s hacia un sistema acusatorio (muestra de ello es el nuevo c\u00f3digo procesal federal), distinguiendo claramente la funci\u00f3n de acusar (en cabeza del fiscal) de la de juzgar (en cabeza del juez). La Procuraci\u00f3n General de la Naci\u00f3n (organismo que agrupa a todos los fiscales nacionales y federales), debe tener como objetivo (y de hecho ya lo est\u00e1 implementando) la investigaci\u00f3n de los delitos de mayor complejidad y desarmar redes y l\u00f3gicas criminales.<\/p>\n<\/div>\n<\/div>\n<div class=\"row pb-content-type-text\">\n<div class=\"col-xs-12 col-print-12\">\n<p class=\"element element-paragraph\"><b>La defensa p\u00fablica oficial constituye un pilar esencial del sistema democr\u00e1tico para que toda persona tenga garantizado su derecho de defensa en juicio.<\/b><\/p>\n<\/div>\n<\/div>\n<div class=\"row pb-content-type-text\">\n<div class=\"col-xs-12 col-print-12\">\n<p class=\"element element-paragraph\">La observancia de las metas aludidas precedentemente permitir\u00e1 cumplir con lo que marca la Constituci\u00f3n Nacional en cuanto a un bien colectivo tan preciado para la sociedad: afianzar la justicia\u2026para todos los hombres y mujeres que quieran habitar en el suelo argentino.<\/p>\n<\/div>\n<\/div>\n<div class=\"row pb-content-type-text\">\n<div class=\"col-xs-12 col-print-12\">\n<p class=\"element element-paragraph\"><i><b>El autor es juez de la C\u00e1mara Federal de Casaci\u00f3n Penal, presidente de la Comisi\u00f3n Reforma C\u00f3digo Penal, doctor en Derecho Penal UBA, profesor Universitario UBA, Di Tella y Austral y director de la obra \u201cGesti\u00f3n Judicial Publica\u201d.<\/b><\/i><\/p>\n<p class=\"element element-paragraph\">Fuente:<a href=\"https:\/\/www.infobae.com\/?noredirect\"> Infobae.com\u00a0<\/a> \u00a0 Mariano Borinsky<\/p>\n<\/div>\n<\/div>","protected":false},"excerpt":{"rendered":"<p>El Poder Judicial es unos de los tres poderes del Estado y presupuesto del Estado de derecho. En dicho \u00e1mbito se dirimen conflictos de la \u00edndole m\u00e1s diversa. El incumplimiento de un contrato de alquiler, un despido laboral injustificado, la quiebra de un club de f\u00fatbol, un divorcio, la expropiaci\u00f3n de dep\u00f3sitos bancarios, el arrebato [&hellip;]<\/p>\n","protected":false},"author":4,"featured_media":37844,"comment_status":"open","ping_status":"open","sticky":false,"template":"","format":"standard","meta":{"site-sidebar-layout":"default","site-content-layout":"","ast-site-content-layout":"default","site-content-style":"default","site-sidebar-style":"default","ast-global-header-display":"","ast-banner-title-visibility":"","ast-main-header-display":"","ast-hfb-above-header-display":"","ast-hfb-below-header-display":"","ast-hfb-mobile-header-display":"","site-post-title":"","ast-breadcrumbs-content":"","ast-featured-img":"","footer-sml-layout":"","ast-disable-related-posts":"","theme-transparent-header-meta":"","adv-header-id-meta":"","stick-header-meta":"","header-above-stick-meta":"","header-main-stick-meta":"","header-below-stick-meta":"","astra-migrate-meta-layouts":"default","ast-page-background-enabled":"default","ast-page-background-meta":{"desktop":{"background-color":"","background-image":"","background-repeat":"repeat","background-position":"center center","background-size":"auto","background-attachment":"scroll","background-type":"","background-media":"","overlay-type":"","overlay-color":"","overlay-opacity":"","overlay-gradient":""},"tablet":{"background-color":"","background-image":"","background-repeat":"repeat","background-position":"center center","background-size":"auto","background-attachment":"scroll","background-type":"","background-media":"","overlay-type":"","overlay-color":"","overlay-opacity":"","overlay-gradient":""},"mobile":{"background-color":"","background-image":"","background-repeat":"repeat","background-position":"center center","background-size":"auto","background-attachment":"scroll","background-type":"","background-media":"","overlay-type":"","overlay-color":"","overlay-opacity":"","overlay-gradient":""}},"ast-content-background-meta":{"desktop":{"background-color":"var(--ast-global-color-5)","background-image":"","background-repeat":"repeat","background-position":"center center","background-size":"auto","background-attachment":"scroll","background-type":"","background-media":"","overlay-type":"","overlay-color":"","overlay-opacity":"","overlay-gradient":""},"tablet":{"background-color":"var(--ast-global-color-5)","background-image":"","background-repeat":"repeat","background-position":"center center","background-size":"auto","background-attachment":"scroll","background-type":"","background-media":"","overlay-type":"","overlay-color":"","overlay-opacity":"","overlay-gradient":""},"mobile":{"background-color":"var(--ast-global-color-5)","background-image":"","background-repeat":"repeat","background-position":"center center","background-size":"auto","background-attachment":"scroll","background-type":"","background-media":"","overlay-type":"","overlay-color":"","overlay-opacity":"","overlay-gradient":""}},"footnotes":""},"categories":[12],"tags":[],"class_list":["post-37843","post","type-post","status-publish","format-standard","has-post-thumbnail","hentry","category-opinion"],"spectra_blocks_featured_image_url":{"thumbnail":{"url":"https:\/\/100xd.com.ar\/wp-content\/uploads\/2020\/01\/pelado1-150x150.jpg","width":150,"height":150},"medium":{"url":"https:\/\/100xd.com.ar\/wp-content\/uploads\/2020\/01\/pelado1-300x266.jpg","width":300,"height":266},"medium_large":{"url":"https:\/\/100xd.com.ar\/wp-content\/uploads\/2020\/01\/pelado1.jpg","width":768,"height":680},"large":{"url":"https:\/\/100xd.com.ar\/wp-content\/uploads\/2020\/01\/pelado1-1024x906.jpg","width":1024,"height":906},"full":{"url":"https:\/\/100xd.com.ar\/wp-content\/uploads\/2020\/01\/pelado1.jpg","width":3018,"height":2671}},"spectra_blocks_author_info":{"display_name":"Facundo Novillo","avatar_url":"https:\/\/secure.gravatar.com\/avatar\/09745bc65ce6bf84291d6515d5f759c04b4fce4f329b8a975a8ac2982b552d3e?s=96&d=mm&r=g","author_link":"https:\/\/100xd.com.ar\/en\/author\/facundo\/","description":""},"_links":{"self":[{"href":"https:\/\/100xd.com.ar\/en\/wp-json\/wp\/v2\/posts\/37843","targetHints":{"allow":["GET"]}}],"collection":[{"href":"https:\/\/100xd.com.ar\/en\/wp-json\/wp\/v2\/posts"}],"about":[{"href":"https:\/\/100xd.com.ar\/en\/wp-json\/wp\/v2\/types\/post"}],"author":[{"embeddable":true,"href":"https:\/\/100xd.com.ar\/en\/wp-json\/wp\/v2\/users\/4"}],"replies":[{"embeddable":true,"href":"https:\/\/100xd.com.ar\/en\/wp-json\/wp\/v2\/comments?post=37843"}],"version-history":[{"count":1,"href":"https:\/\/100xd.com.ar\/en\/wp-json\/wp\/v2\/posts\/37843\/revisions"}],"predecessor-version":[{"id":37845,"href":"https:\/\/100xd.com.ar\/en\/wp-json\/wp\/v2\/posts\/37843\/revisions\/37845"}],"wp:featuredmedia":[{"embeddable":true,"href":"https:\/\/100xd.com.ar\/en\/wp-json\/wp\/v2\/media\/37844"}],"wp:attachment":[{"href":"https:\/\/100xd.com.ar\/en\/wp-json\/wp\/v2\/media?parent=37843"}],"wp:term":[{"taxonomy":"category","embeddable":true,"href":"https:\/\/100xd.com.ar\/en\/wp-json\/wp\/v2\/categories?post=37843"},{"taxonomy":"post_tag","embeddable":true,"href":"https:\/\/100xd.com.ar\/en\/wp-json\/wp\/v2\/tags?post=37843"}],"curies":[{"name":"wp","href":"https:\/\/api.w.org\/{rel}","templated":true}]}}