{"id":32812,"date":"2018-11-09T14:57:18","date_gmt":"2018-11-09T17:57:18","guid":{"rendered":"http:\/\/www.100xd.com.ar\/?p=32812"},"modified":"2018-11-09T14:57:23","modified_gmt":"2018-11-09T17:57:23","slug":"guillermo-dietrich-hay-cero-posibilidades-de-privatizar-aerolineas","status":"publish","type":"post","link":"https:\/\/100xd.com.ar\/en\/guillermo-dietrich-hay-cero-posibilidades-de-privatizar-aerolineas\/","title":{"rendered":"Guillermo Dietrich: &#8220;Hay cero posibilidades de privatizar Aerol\u00edneas&#8221;"},"content":{"rendered":"<p>El ministro de Transporte, Guillermo Dietrich, neg\u00f3 que el Gobierno tenga intenci\u00f3n de privatizar la compa\u00f1\u00eda a\u00e9rea estatal Aerol\u00edneas Argentinas despu\u00e9s del paro de gremios aeron\u00e1uticos que se realiz\u00f3 ayer. El titular de la cartera de Transporte rechaz\u00f3 la posibilidad de que se privatice Aerol\u00edneas Argentinas. Asimismo,\u00a0consider\u00f3 que la medida de fuerza de los sindicatos aeron\u00e1uticos fue una &#8220;irresponsabilidad&#8221; de sectores que &#8220;quieren mantener privilegios distorsionados&#8221;. &#8220;Una vez m\u00e1s, vemos una tremenda irresponsabilidad de la dirigencia sindical aeron\u00e1utica, poniendo obst\u00e1culos a la gente y perjudicando a Aerol\u00edneas Argentinas. Hoy (por ayer)\u00a0volaron todas las compa\u00f1\u00edas menos Aerol\u00edneas. No est\u00e1n entendiendo el desaf\u00edo que tenemos de que sea una empresa sustentable&#8221;, se\u00f1al\u00f3 Dietrich. Tras asegurar que &#8220;hay cero posibilidades de privatizaci\u00f3n&#8221; de la aerol\u00edneas estatal, el funcionario indic\u00f3: &#8220;Al final, no se termina de entender por qu\u00e9 paran. La \u00fanica realidad es que terminan parando por eso que llaman una asamblea, y aunque dicen que es por una hora, termina siendo por diez&#8221;. &#8220;El problema es que hab\u00eda un sistema de privilegios hist\u00f3ricos en el que ellos defin\u00edan qui\u00e9n trabaja y qui\u00e9n no. Eran privilegios distorsionados, y ya no los deciden m\u00e1s ni en Aerol\u00edneas ni en otras compa\u00f1\u00edas. Estamos dando la discusi\u00f3n contra esos privilegios&#8221;. indic\u00f3 el ministro. En di\u00e1logo con el diario\u00a0La Naci\u00f3n, Dietrich afirm\u00f3 que &#8220;el equipo de Aerol\u00edneas Argentinas est\u00e1 en di\u00e1logo permanente&#8221; y que &#8220;los incrementos&#8221; de sueldo en la empresa &#8220;han sido de los mejores frente a cualquier otra actividad&#8221;. &#8220;El Presidente (Mauricio Macri) tiene raz\u00f3n. En noviembre entregamos (el equivalente a) dos metrobuses para que la compa\u00f1\u00eda pueda funcionar y pagar los salarios. Venimos de un camino virtuoso, bajando en millones de d\u00f3lares los subsidios. Pero el aumento en el precio del petr\u00f3leo y en otras variables (el d\u00f3lar) ha h<a href=\"https:\/\/www.perfil.com\/\">echo que los pasajes y, sobre todo, los vuelos internacionales hayan ca\u00eddo&#8221;, explic\u00f3.\u00a0<\/a><\/p>\n<p><a href=\"https:\/\/www.perfil.com\/\">Fuente:<\/a> <a href=\"https:\/\/www.perfil.com\/\">Perfil.com<\/a><\/p>","protected":false},"excerpt":{"rendered":"<p>El ministro de Transporte, Guillermo Dietrich, neg\u00f3 que el Gobierno tenga intenci\u00f3n de privatizar la compa\u00f1\u00eda a\u00e9rea estatal Aerol\u00edneas Argentinas despu\u00e9s del paro de gremios aeron\u00e1uticos que se realiz\u00f3 ayer. El titular de la cartera de Transporte rechaz\u00f3 la posibilidad de que se privatice Aerol\u00edneas Argentinas. Asimismo,\u00a0consider\u00f3 que la medida de fuerza de los sindicatos [&hellip;]<\/p>\n","protected":false},"author":4,"featured_media":0,"comment_status":"open","ping_status":"open","sticky":false,"template":"","format":"standard","meta":{"site-sidebar-layout":"default","site-content-layout":"","ast-site-content-layout":"default","site-content-style":"default","site-sidebar-style":"default","ast-global-header-display":"","ast-banner-title-visibility":"","ast-main-header-display":"","ast-hfb-above-header-display":"","ast-hfb-below-header-display":"","ast-hfb-mobile-header-display":"","site-post-title":"","ast-breadcrumbs-content":"","ast-featured-img":"","footer-sml-layout":"","ast-disable-related-posts":"","theme-transparent-header-meta":"","adv-header-id-meta":"","stick-header-meta":"","header-above-stick-meta":"","header-main-stick-meta":"","header-below-stick-meta":"","astra-migrate-meta-layouts":"default","ast-page-background-enabled":"default","ast-page-background-meta":{"desktop":{"background-color":"","background-image":"","background-repeat":"repeat","background-position":"center center","background-size":"auto","background-attachment":"scroll","background-type":"","background-media":"","overlay-type":"","overlay-color":"","overlay-opacity":"","overlay-gradient":""},"tablet":{"background-color":"","background-image":"","background-repeat":"repeat","background-position":"center center","background-size":"auto","background-attachment":"scroll","background-type":"","background-media":"","overlay-type":"","overlay-color":"","overlay-opacity":"","overlay-gradient":""},"mobile":{"background-color":"","background-image":"","background-repeat":"repeat","background-position":"center center","background-size":"auto","background-attachment":"scroll","background-type":"","background-media":"","overlay-type":"","overlay-color":"","overlay-opacity":"","overlay-gradient":""}},"ast-content-background-meta":{"desktop":{"background-color":"var(--ast-global-color-5)","background-image":"","background-repeat":"repeat","background-position":"center center","background-size":"auto","background-attachment":"scroll","background-type":"","background-media":"","overlay-type":"","overlay-color":"","overlay-opacity":"","overlay-gradient":""},"tablet":{"background-color":"var(--ast-global-color-5)","background-image":"","background-repeat":"repeat","background-position":"center center","background-size":"auto","background-attachment":"scroll","background-type":"","background-media":"","overlay-type":"","overlay-color":"","overlay-opacity":"","overlay-gradient":""},"mobile":{"background-color":"var(--ast-global-color-5)","background-image":"","background-repeat":"repeat","background-position":"center center","background-size":"auto","background-attachment":"scroll","background-type":"","background-media":"","overlay-type":"","overlay-color":"","overlay-opacity":"","overlay-gradient":""}},"footnotes":""},"categories":[25],"tags":[],"class_list":["post-32812","post","type-post","status-publish","format-standard","hentry","category-destacado"],"spectra_blocks_featured_image_url":null,"spectra_blocks_author_info":{"display_name":"Facundo Novillo","avatar_url":"https:\/\/secure.gravatar.com\/avatar\/09745bc65ce6bf84291d6515d5f759c04b4fce4f329b8a975a8ac2982b552d3e?s=96&d=mm&r=g","author_link":"https:\/\/100xd.com.ar\/en\/author\/facundo\/","description":""},"_links":{"self":[{"href":"https:\/\/100xd.com.ar\/en\/wp-json\/wp\/v2\/posts\/32812","targetHints":{"allow":["GET"]}}],"collection":[{"href":"https:\/\/100xd.com.ar\/en\/wp-json\/wp\/v2\/posts"}],"about":[{"href":"https:\/\/100xd.com.ar\/en\/wp-json\/wp\/v2\/types\/post"}],"author":[{"embeddable":true,"href":"https:\/\/100xd.com.ar\/en\/wp-json\/wp\/v2\/users\/4"}],"replies":[{"embeddable":true,"href":"https:\/\/100xd.com.ar\/en\/wp-json\/wp\/v2\/comments?post=32812"}],"version-history":[{"count":1,"href":"https:\/\/100xd.com.ar\/en\/wp-json\/wp\/v2\/posts\/32812\/revisions"}],"predecessor-version":[{"id":32814,"href":"https:\/\/100xd.com.ar\/en\/wp-json\/wp\/v2\/posts\/32812\/revisions\/32814"}],"wp:attachment":[{"href":"https:\/\/100xd.com.ar\/en\/wp-json\/wp\/v2\/media?parent=32812"}],"wp:term":[{"taxonomy":"category","embeddable":true,"href":"https:\/\/100xd.com.ar\/en\/wp-json\/wp\/v2\/categories?post=32812"},{"taxonomy":"post_tag","embeddable":true,"href":"https:\/\/100xd.com.ar\/en\/wp-json\/wp\/v2\/tags?post=32812"}],"curies":[{"name":"wp","href":"https:\/\/api.w.org\/{rel}","templated":true}]}}