{"id":26484,"date":"2017-06-09T14:14:21","date_gmt":"2017-06-09T17:14:21","guid":{"rendered":"http:\/\/www.100xd.com.ar\/?p=26484"},"modified":"2017-06-09T14:14:36","modified_gmt":"2017-06-09T17:14:36","slug":"mentira-de-patas-cortas","status":"publish","type":"post","link":"https:\/\/100xd.com.ar\/en\/mentira-de-patas-cortas\/","title":{"rendered":"Mentira de patas cortas"},"content":{"rendered":"<p>Luciana Santill\u00e1n, hija del Perro y viuda del militante Cesar Cristian \u201cLuca\u201d Arias, desminti\u00f3 a Gabriel Levinas y al diario Clar\u00edn. La dirigente social neg\u00f3 que Milagro Sala fuera responsable de la muerte de quien fuera su marido, como indic\u00f3 ese medio en la nota titulada \u201cMuerte tras la golpiza de Milagro Sala a un militante\u201d.<\/p>\n<p>Luciana Santill\u00e1n anticip\u00f3 que iniciar\u00e1 acciones legales patrocinada por Juan Grabois, quien present\u00f3 un pedido de derecho a r\u00e9plica que no fue aceptado. \u201cA partir de un hecho cierto \u2013la golpiza que sufrieran militantes de la Corriente del Pueblo en 2006\u2013, Levinas desarrolla un relato absolutamente fantasioso, tergiversado y difamatorio desde el t\u00edtulo hasta la \u00faltima palabra. No se trata simplemente de un exceso de hip\u00e9rboles y recursos literarios m\u00e1s propios del g\u00e9nero narrativo que del informativo. Ni siquiera de interpretaciones injuriosas, prejuicios o trozos de informaci\u00f3n sesgada que componen un conjunto tendencioso. Levinas miente&#8221;, remarca la presentaci\u00f3n de Grabois.<\/p>\n<p>En su relato novelado,\u00a0Levinas dice que\u00a0\u00a0Arias muri\u00f3 por una golpiza de Sala y otros integrantes de la Tupac Amaru, molestos porque el gobierno juje\u00f1o que hab\u00edan\u00a0prometido dinero para una peque\u00f1a cantidad de viviendas. Seg\u00fan afirma, falleci\u00f3 &#8220;seis meses despues&#8221; de ese supuesto hecho y &#8220;los m\u00e9dicos que lo atendieron dijeron que a causa de una leucemia&#8221;.<\/p>\n<p>&#8220;Afirma como realidad objetiva hechos inexistentes que -en virtud de la muy difundida creencia de que Sala es una especie de monstruo inhumano- \u201caparentan ser verdad\u201d pero no lo son y lo hace para influir en la opini\u00f3n p\u00fablica en perjuicio de su v\u00edctima. As\u00ed opera la posverdad\u201d, asegura la nota presentada por Grabois, quien denuncia las \u201ccalumnias\u201d de Levinas.<\/p>\n<p>&nbsp;<\/p>\n<p>Fuente: <a href=\"https:\/\/www.pagina12.com.ar\/\">P\u00e1gina 12<\/a><\/p>","protected":false},"excerpt":{"rendered":"<p>Luciana Santill\u00e1n, hija del Perro y viuda del militante Cesar Cristian \u201cLuca\u201d Arias, desminti\u00f3 a Gabriel Levinas y al diario Clar\u00edn. La dirigente social neg\u00f3 que Milagro Sala fuera responsable de la muerte de quien fuera su marido, como indic\u00f3 ese medio en la nota titulada \u201cMuerte tras la golpiza de Milagro Sala a un [&hellip;]<\/p>\n","protected":false},"author":4,"featured_media":26485,"comment_status":"open","ping_status":"open","sticky":false,"template":"","format":"standard","meta":{"site-sidebar-layout":"default","site-content-layout":"","ast-site-content-layout":"default","site-content-style":"default","site-sidebar-style":"default","ast-global-header-display":"","ast-banner-title-visibility":"","ast-main-header-display":"","ast-hfb-above-header-display":"","ast-hfb-below-header-display":"","ast-hfb-mobile-header-display":"","site-post-title":"","ast-breadcrumbs-content":"","ast-featured-img":"","footer-sml-layout":"","ast-disable-related-posts":"","theme-transparent-header-meta":"","adv-header-id-meta":"","stick-header-meta":"","header-above-stick-meta":"","header-main-stick-meta":"","header-below-stick-meta":"","astra-migrate-meta-layouts":"default","ast-page-background-enabled":"default","ast-page-background-meta":{"desktop":{"background-color":"","background-image":"","background-repeat":"repeat","background-position":"center center","background-size":"auto","background-attachment":"scroll","background-type":"","background-media":"","overlay-type":"","overlay-color":"","overlay-opacity":"","overlay-gradient":""},"tablet":{"background-color":"","background-image":"","background-repeat":"repeat","background-position":"center center","background-size":"auto","background-attachment":"scroll","background-type":"","background-media":"","overlay-type":"","overlay-color":"","overlay-opacity":"","overlay-gradient":""},"mobile":{"background-color":"","background-image":"","background-repeat":"repeat","background-position":"center center","background-size":"auto","background-attachment":"scroll","background-type":"","background-media":"","overlay-type":"","overlay-color":"","overlay-opacity":"","overlay-gradient":""}},"ast-content-background-meta":{"desktop":{"background-color":"var(--ast-global-color-5)","background-image":"","background-repeat":"repeat","background-position":"center center","background-size":"auto","background-attachment":"scroll","background-type":"","background-media":"","overlay-type":"","overlay-color":"","overlay-opacity":"","overlay-gradient":""},"tablet":{"background-color":"var(--ast-global-color-5)","background-image":"","background-repeat":"repeat","background-position":"center center","background-size":"auto","background-attachment":"scroll","background-type":"","background-media":"","overlay-type":"","overlay-color":"","overlay-opacity":"","overlay-gradient":""},"mobile":{"background-color":"var(--ast-global-color-5)","background-image":"","background-repeat":"repeat","background-position":"center center","background-size":"auto","background-attachment":"scroll","background-type":"","background-media":"","overlay-type":"","overlay-color":"","overlay-opacity":"","overlay-gradient":""}},"footnotes":""},"categories":[2],"tags":[],"class_list":["post-26484","post","type-post","status-publish","format-standard","has-post-thumbnail","hentry","category-politica"],"spectra_blocks_featured_image_url":{"thumbnail":{"url":"https:\/\/100xd.com.ar\/wp-content\/uploads\/2017\/06\/ladrona1-150x150.jpg","width":150,"height":150},"medium":{"url":"https:\/\/100xd.com.ar\/wp-content\/uploads\/2017\/06\/ladrona1-300x169.jpg","width":300,"height":169},"medium_large":{"url":"https:\/\/100xd.com.ar\/wp-content\/uploads\/2017\/06\/ladrona1.jpg","width":768,"height":432},"large":{"url":"https:\/\/100xd.com.ar\/wp-content\/uploads\/2017\/06\/ladrona1.jpg","width":960,"height":540},"full":{"url":"https:\/\/100xd.com.ar\/wp-content\/uploads\/2017\/06\/ladrona1.jpg","width":960,"height":540}},"spectra_blocks_author_info":{"display_name":"Facundo Novillo","avatar_url":"https:\/\/secure.gravatar.com\/avatar\/09745bc65ce6bf84291d6515d5f759c04b4fce4f329b8a975a8ac2982b552d3e?s=96&d=mm&r=g","author_link":"https:\/\/100xd.com.ar\/en\/author\/facundo\/","description":""},"_links":{"self":[{"href":"https:\/\/100xd.com.ar\/en\/wp-json\/wp\/v2\/posts\/26484","targetHints":{"allow":["GET"]}}],"collection":[{"href":"https:\/\/100xd.com.ar\/en\/wp-json\/wp\/v2\/posts"}],"about":[{"href":"https:\/\/100xd.com.ar\/en\/wp-json\/wp\/v2\/types\/post"}],"author":[{"embeddable":true,"href":"https:\/\/100xd.com.ar\/en\/wp-json\/wp\/v2\/users\/4"}],"replies":[{"embeddable":true,"href":"https:\/\/100xd.com.ar\/en\/wp-json\/wp\/v2\/comments?post=26484"}],"version-history":[{"count":1,"href":"https:\/\/100xd.com.ar\/en\/wp-json\/wp\/v2\/posts\/26484\/revisions"}],"predecessor-version":[{"id":26486,"href":"https:\/\/100xd.com.ar\/en\/wp-json\/wp\/v2\/posts\/26484\/revisions\/26486"}],"wp:featuredmedia":[{"embeddable":true,"href":"https:\/\/100xd.com.ar\/en\/wp-json\/wp\/v2\/media\/26485"}],"wp:attachment":[{"href":"https:\/\/100xd.com.ar\/en\/wp-json\/wp\/v2\/media?parent=26484"}],"wp:term":[{"taxonomy":"category","embeddable":true,"href":"https:\/\/100xd.com.ar\/en\/wp-json\/wp\/v2\/categories?post=26484"},{"taxonomy":"post_tag","embeddable":true,"href":"https:\/\/100xd.com.ar\/en\/wp-json\/wp\/v2\/tags?post=26484"}],"curies":[{"name":"wp","href":"https:\/\/api.w.org\/{rel}","templated":true}]}}