{"id":21785,"date":"2017-01-05T15:07:01","date_gmt":"2017-01-05T18:07:01","guid":{"rendered":"http:\/\/www.100xd.com.ar\/?p=21785"},"modified":"2017-01-05T15:07:06","modified_gmt":"2017-01-05T18:07:06","slug":"alicia-kirchner-negocia-un-bono-externo-en-medio-de-protestas","status":"publish","type":"post","link":"https:\/\/100xd.com.ar\/en\/alicia-kirchner-negocia-un-bono-externo-en-medio-de-protestas\/","title":{"rendered":"Alicia Kirchner negocia un bono externo en medio de protestas"},"content":{"rendered":"<p class=\"primero\">RIO GALLEGOS.- Como una met\u00e1fora del mal a\u00f1o que tuvo Santa Cruz, el clima y la falta de obras hicieron estragos el \u00faltimo d\u00eda del a\u00f1o en la capital del kirchnerismo. Mientras la ciudad estaba inundada y las familias buscaban cobijo, la gobernadora <a class=\"tema persona alicia-kirchner\" title=\"Ver todas las notas de Alicia Kirchner\" href=\"http:\/\/www.lanacion.com.ar\/alicia-kirchner-t46888\">Alicia Kirchner<\/a> anunciaba desde las p\u00e1ginas de un diario que avanza un endeudamiento por US$ 350 millones.<\/p>\n<p>Fue sin dudas el peor a\u00f1o pol\u00edtico de Alicia Kirchner, que gobierna acorralada por un cronograma de pago de salarios que no llega a cumplir. Los jubilados hicieron una toma del edificio de la Caja de Previsi\u00f3n Social y reclaman un compromiso de pagos con fechas durante el a\u00f1o. Apenas recibieron una tenue promesa.<\/p>\n<p>El tr\u00e1mite por endeudamiento, que fue cuestionado por la oposici\u00f3n y que a\u00fan est\u00e1 en la Justicia, fue el norte del primer a\u00f1o de gesti\u00f3n de la cu\u00f1ada de la ex presidenta. En una entrevista con el diario local Tiempo Sur, Alicia Kirchner confirm\u00f3 que tomar\u00e1 un bono externo por US$ 350 millones para este a\u00f1o, aunque aclar\u00f3 que la expectativa del empr\u00e9stito para sus cuatro a\u00f1os de gesti\u00f3n es de $ 10.000 millones.<\/p>\n<p>&#8220;Me da miedo decir fechas, porque todo depende de si hay una retracci\u00f3n o no en el mercado; estamos hoy muy condicionados por las relaciones internacionales y tiene que ver con las deudas, el pa\u00eds ha tomado una deuda muy grande&#8221;, dijo la mandataria. Y anticip\u00f3 que avanza en un bono nacional para este a\u00f1o.<\/p>\n<aside class=\"banner caja3\" data-adpos=\"caja3\">\n<div id=\"eplAdDivcaja3\">.<\/div>\n<\/aside>\n<p>M\u00e1s all\u00e1 de que un diputado del Frente para la Victoria (FPV) apreci\u00f3 la gesti\u00f3n de la gobernadora con un &#8220;8&#8221;, los empleados estatales estar\u00edan lejos de darle esa calificaci\u00f3n. El 28 de diciembre reci\u00e9n terminaron de cobrar los sueldos de noviembre y a\u00fan no hay fecha de pago para diciembre.<\/p>\n<p>Hasta el \u00faltimo d\u00eda del a\u00f1o la gesti\u00f3n de la hermana de N\u00e9stor Kirchner estuvo marcada por marchas y protestas. Se perdieron 90 d\u00edas de clases en las escuelas por paros y las oficinas estatales, la salud y la Justicia se vieron mermadas por huelgas y protestas constantes.<\/p>\n<aside class=\"banner caja4\" data-adpos=\"caja4\">\n<div id=\"eplAdDivcaja4\">.<\/div>\n<\/aside>\n<p>Al evaluar su gesti\u00f3n, Alicia Kirchner volvi\u00f3 a responsabilizar a su antecesor el peronista Daniel Peralta. Ahora lo cuestion\u00f3 por el incremento de la planta de personal.<\/p>\n<p>&#8220;Entre 2011 y 2015, solamente en nuestra administraci\u00f3n p\u00fablica provincial ingresaron m\u00e1s de 9000 empleados p\u00fablicos. Esto significa hoy, en n\u00fameros, de $ 250 millones a $ 300 millones&#8221;, detall\u00f3 la gobernadora, al referirse a los montos que necesita cada mes para pagar sueldos.<\/p>\n<p>Consultado por las acusaciones, el ex gobernador Peralta relativiz\u00f3 ante LA NACION las cifras de Kirchner: &#8220;No s\u00e9 de d\u00f3nde sacan los n\u00fameros, pero si se toman cargos docentes por carreras, cursos y grados creados, m\u00e1s los 2500 cooperativistas que pas\u00e9 a planta, los que se tomaron en hospitales y los puestos que se debieron cubrir tras las jubilaciones, el n\u00famero es alto, pero para nada los 9000 que dice la gobernadora&#8221;, dijo.<\/p>\n<p>Peralta, quien ya se lanz\u00f3 con partido propio fuera del FPV, asegura que lo de Alicia Kirchner &#8220;es una excusa para justificar su falta de gesti\u00f3n y su propia nula administraci\u00f3n&#8221;.<\/p>\n<p>La gobernadora, quien fue funcionaria provincial y nacional en los \u00faltimos 25 a\u00f1os, asegura que el empleo p\u00fablico como modelo est\u00e1 acabado y se sincer\u00f3: &#8220;Creo que Santa Cruz tuvo una oportunidad hist\u00f3rica&#8221;. Reconoci\u00f3, adem\u00e1s, c\u00f3mo a trav\u00e9s de doce a\u00f1os de gobierno hay provincias que prosperaron y mantienen ahorros, &#8220;pero Santa Cruz no los tiene&#8221;.<\/p>\n<p>Alicia Kirchner afirm\u00f3 que Santa Cruz &#8220;vive al d\u00eda&#8221; y no tiene un estado de equilibrio en sus finanzas. &#8220;Me da una suerte de rabia&#8221;, asegur\u00f3 en la entrevista con el medio local. En ese contexto, agreg\u00f3 que su gobierno no ech\u00f3 gente.<\/p>\n<p>Quiz\u00e1 para sacar la protesta de la calle o desmovilizar a los gremios, en los \u00faltimos d\u00edas del mes la gobernadora anunci\u00f3 una licencia para toda la administraci\u00f3n p\u00fablica durante enero. A trav\u00e9s del decreto 2322, anunci\u00f3 las vacaciones. Licencia s\u00ed, sueldo no.<\/p>\n<p>Para este a\u00f1o, la gobernadora present\u00f3 un presupuesto de $ 37.000 millones con un d\u00e9ficit estimado en $ 6700 millones, $ 5000 millones menos que lo declarado para el a\u00f1o pasado.<\/p>\n<p><b>350 millones de d\u00f3lares<\/b><\/p>\n<p>La gobernadora de Santa Cruz tiene para este a\u00f1o un d\u00e9ficit de $ 6700 millones en el presupuesto. Por eso gestiona un bono externo por $ 350 millones, a lo que se podr\u00eda sumar un bono nacional.<\/p>\n<p>Fuente: <a href=\"http:\/\/www.lanacion.com.ar\/\">La Naci\u00f3n<\/a><\/p>\n<figure class=\"S encolumnada\">\n<div class=\"conModal f-imagenRelacionada\" data-notaid=\"1973129\" data-imagenid=\"2301056\" data-tipo=\"imagen\" data-extension=\"jpg\" data-esrelacionada=\"0\">.<\/div><figcaption id=\"epigrafe2301056\"> <\/figcaption><\/figure>\n<aside class=\"banner caja2\" data-adpos=\"caja2\">\n<div id=\"eplAdDivcaja2\">.<\/div>\n<\/aside>\n<p>&nbsp;<\/p>","protected":false},"excerpt":{"rendered":"<p>RIO GALLEGOS.- Como una met\u00e1fora del mal a\u00f1o que tuvo Santa Cruz, el clima y la falta de obras hicieron estragos el \u00faltimo d\u00eda del a\u00f1o en la capital del kirchnerismo. Mientras la ciudad estaba inundada y las familias buscaban cobijo, la gobernadora Alicia Kirchner anunciaba desde las p\u00e1ginas de un diario que avanza un [&hellip;]<\/p>\n","protected":false},"author":4,"featured_media":0,"comment_status":"open","ping_status":"open","sticky":false,"template":"","format":"standard","meta":{"site-sidebar-layout":"default","site-content-layout":"","ast-site-content-layout":"default","site-content-style":"default","site-sidebar-style":"default","ast-global-header-display":"","ast-banner-title-visibility":"","ast-main-header-display":"","ast-hfb-above-header-display":"","ast-hfb-below-header-display":"","ast-hfb-mobile-header-display":"","site-post-title":"","ast-breadcrumbs-content":"","ast-featured-img":"","footer-sml-layout":"","ast-disable-related-posts":"","theme-transparent-header-meta":"","adv-header-id-meta":"","stick-header-meta":"","header-above-stick-meta":"","header-main-stick-meta":"","header-below-stick-meta":"","astra-migrate-meta-layouts":"default","ast-page-background-enabled":"default","ast-page-background-meta":{"desktop":{"background-color":"","background-image":"","background-repeat":"repeat","background-position":"center center","background-size":"auto","background-attachment":"scroll","background-type":"","background-media":"","overlay-type":"","overlay-color":"","overlay-opacity":"","overlay-gradient":""},"tablet":{"background-color":"","background-image":"","background-repeat":"repeat","background-position":"center center","background-size":"auto","background-attachment":"scroll","background-type":"","background-media":"","overlay-type":"","overlay-color":"","overlay-opacity":"","overlay-gradient":""},"mobile":{"background-color":"","background-image":"","background-repeat":"repeat","background-position":"center center","background-size":"auto","background-attachment":"scroll","background-type":"","background-media":"","overlay-type":"","overlay-color":"","overlay-opacity":"","overlay-gradient":""}},"ast-content-background-meta":{"desktop":{"background-color":"var(--ast-global-color-5)","background-image":"","background-repeat":"repeat","background-position":"center center","background-size":"auto","background-attachment":"scroll","background-type":"","background-media":"","overlay-type":"","overlay-color":"","overlay-opacity":"","overlay-gradient":""},"tablet":{"background-color":"var(--ast-global-color-5)","background-image":"","background-repeat":"repeat","background-position":"center center","background-size":"auto","background-attachment":"scroll","background-type":"","background-media":"","overlay-type":"","overlay-color":"","overlay-opacity":"","overlay-gradient":""},"mobile":{"background-color":"var(--ast-global-color-5)","background-image":"","background-repeat":"repeat","background-position":"center center","background-size":"auto","background-attachment":"scroll","background-type":"","background-media":"","overlay-type":"","overlay-color":"","overlay-opacity":"","overlay-gradient":""}},"footnotes":""},"categories":[80],"tags":[],"class_list":["post-21785","post","type-post","status-publish","format-standard","hentry","category-ultimas-noticias"],"spectra_blocks_featured_image_url":null,"spectra_blocks_author_info":{"display_name":"Facundo Novillo","avatar_url":"https:\/\/secure.gravatar.com\/avatar\/09745bc65ce6bf84291d6515d5f759c04b4fce4f329b8a975a8ac2982b552d3e?s=96&d=mm&r=g","author_link":"https:\/\/100xd.com.ar\/en\/author\/facundo\/","description":""},"_links":{"self":[{"href":"https:\/\/100xd.com.ar\/en\/wp-json\/wp\/v2\/posts\/21785","targetHints":{"allow":["GET"]}}],"collection":[{"href":"https:\/\/100xd.com.ar\/en\/wp-json\/wp\/v2\/posts"}],"about":[{"href":"https:\/\/100xd.com.ar\/en\/wp-json\/wp\/v2\/types\/post"}],"author":[{"embeddable":true,"href":"https:\/\/100xd.com.ar\/en\/wp-json\/wp\/v2\/users\/4"}],"replies":[{"embeddable":true,"href":"https:\/\/100xd.com.ar\/en\/wp-json\/wp\/v2\/comments?post=21785"}],"version-history":[{"count":2,"href":"https:\/\/100xd.com.ar\/en\/wp-json\/wp\/v2\/posts\/21785\/revisions"}],"predecessor-version":[{"id":21788,"href":"https:\/\/100xd.com.ar\/en\/wp-json\/wp\/v2\/posts\/21785\/revisions\/21788"}],"wp:attachment":[{"href":"https:\/\/100xd.com.ar\/en\/wp-json\/wp\/v2\/media?parent=21785"}],"wp:term":[{"taxonomy":"category","embeddable":true,"href":"https:\/\/100xd.com.ar\/en\/wp-json\/wp\/v2\/categories?post=21785"},{"taxonomy":"post_tag","embeddable":true,"href":"https:\/\/100xd.com.ar\/en\/wp-json\/wp\/v2\/tags?post=21785"}],"curies":[{"name":"wp","href":"https:\/\/api.w.org\/{rel}","templated":true}]}}