{"id":14772,"date":"2015-11-27T17:40:40","date_gmt":"2015-11-27T20:40:40","guid":{"rendered":"http:\/\/www.100xd.com.ar\/?p=14772"},"modified":"2016-07-18T23:51:42","modified_gmt":"2016-07-19T02:51:42","slug":"michetti-frigerio-y-monzo-ya-negocian-con-el-peronismo-federal-un-pacto-parlamentario","status":"publish","type":"post","link":"https:\/\/100xd.com.ar\/en\/michetti-frigerio-y-monzo-ya-negocian-con-el-peronismo-federal-un-pacto-parlamentario\/","title":{"rendered":"Michetti, Frigerio y Monz\u00f3 ya negocian con el peronismo federal un pacto parlamentario"},"content":{"rendered":"<p>La vicepresidenta electa, Gabriela Michetti, el designado ministro del Interior, Rogelio Frigerio, y el futuro presidente de la C\u00e1mara de Diputados, Emilio Monz\u00f3, es el tandem elegido por el presidente electo, Mauricio Macri, para alcanzar consensos en un Congreso que ser\u00e1 adverso al Ejecutivo, y ya pusieron en marcha una negociaci\u00f3n con el peronismo federal para alcanzar un pacto de gobernabilidad.<\/p>\n<p>De hecho, altas fuentes de Cambiemos informaron a T\u00e9lam que &#8220;se abrieron conversaciones para un acuerdo interparlamentario con peronistas no kirchneristas&#8221;, especialmente en el Senado, en donde el PRO y la UCR sumar\u00e1n solamente una quincena de legisladores, en clara minor\u00eda con respecto al Frente para la Victoria.<\/p>\n<p>&#8220;Posiblemente habr\u00e1 un interbloque del peronismo federal m\u00e1s grande que el actual, presidido por Adolfo Rodr\u00edguez Sa\u00e1 o Juan Carlos Romero, y ya hay borradores para poder suscribir acuerdos de gobernabilidad&#8221;, explicaron a T\u00e9lam desde Cambiemos.<\/p>\n<p>Esta semana, en di\u00e1logo con TN, Michetti -que presidir\u00e1 el Senado- sostuvo que desde su espacio pol\u00edtico est\u00e1n &#8220;muy convencidos que los proyectos que se van a presentar sean aprobados porque no son de la pol\u00edtica, ser\u00e1n en el inter\u00e9s de la gente, y el que se ponga a trabar, quedar\u00e1 muy en evidencia&#8221;.<\/p>\n<p>&#8220;Vamos a trabajar en tandem con Emilio Monz\u00f3 en Diputados y con el Ministerio del Interior (en alusi\u00f3n a Frigerio)&#8221;, afirm\u00f3 Michetti, visibilizando el grupo que design\u00f3 Macri para lograr consensos en el Parlamento y con los gobernadores del PJ.<\/p>\n<p>De hecho, desde el entorno de Frigerio dejaron trascender que lo ocurrido ayer en la C\u00e1mara baja -la ausencia de diputados del massismo y la de peronistas riojanos, por ejemplo- fue resultado del trabajo &#8220;en coordinaci\u00f3n&#8221; que comenzaron a hacer.<\/p>\n<p>El gobierno entrante tiene en mente poder alcanzar acuerdos en ambas C\u00e1maras del Congreso y para eso trabajar\u00e1 el Ministerio del Interior articuladamente con Michetti y Monz\u00f3, acentuando el di\u00e1logo con gobernadores y conteniendo la relaci\u00f3n con los aliados de la UCR.<\/p>\n<p>Frigerio estar\u00e1 a cargo de una cartera reforzada con ese prop\u00f3sito: reci\u00e9n esta semana Cambiemos inform\u00f3 que buena parte del sector de obras p\u00fablicas del Ministerio de Planificaci\u00f3n (que ser\u00e1 disuelto) ser\u00e1 absorbido por Interior, en lo que se descuenta que ser\u00e1 una carta constante que esgrimir\u00e1 el Ejecutivo para lograr apoyo de los mandatarios provinciales.<\/p>\n<p>El futuro ministro del Interior, por su parte, ya dialog\u00f3 con Randazzo ayer y est\u00e1 previsto que se re\u00fanan la semana pr\u00f3xima &#8220;en alguna dependencia de los DNI, para mostrar el apoyo a los logros de gesti\u00f3n de Randazzo&#8221;, trascendi\u00f3 desde el entorno del referente desarrollista.<\/p>\n<p>Otro de los que ser\u00e1n parte del &#8220;tandem&#8221; mencionado por Michetti ser\u00e1, con menor perfil, el presidente del PRO nacional, Humberto Schiavoni, con muchos lazos con los peronistas del norte del pa\u00eds.<\/p>\n<p>Si bien Schiavoni hab\u00eda sonado fuerte como un posible secretario administrativo del Senado, para potenciar su rol negociador, finalmente all\u00ed est\u00e1 previsto por decisi\u00f3n de Michetti que vaya el legislador porte\u00f1o Helio Rebot, por lo que el titular del PRO articular\u00e1 desde un lugar m\u00e1s perif\u00e9rico (no se descarta que sea parte del organigrama de la Casa Rosada).<\/p>\n<p>Con este esquema, Macri se decant\u00f3 por poner al frente de la negociaci\u00f3n pol\u00edtica con la UCR y el peronismo a su ex jefe de campa\u00f1a y armado nacional, Monz\u00f3, y a uno de los que enhebraron el acuerdo con los radicales (especialmente en Entre R\u00edos), como Frigerio, adem\u00e1s de Michetti (principal puente inicial de Macri con los cofundadores de Cambiemos, Elisa Carri\u00f3 y Ernesto Sanz), mientras que lo que se denomina el &#8220;PRO puro&#8221;, liderado por el designado jefe de Gabinete, Marcos Pe\u00f1a, qued\u00f3 para liderar el equipo del Ejecutivo.<\/p>","protected":false},"excerpt":{"rendered":"<p>La vicepresidenta electa, Gabriela Michetti, el designado ministro del Interior, Rogelio Frigerio, y el futuro presidente de la C\u00e1mara de Diputados, Emilio Monz\u00f3, es el tandem elegido por el presidente electo, Mauricio Macri, para alcanzar consensos en un Congreso que ser\u00e1 adverso al Ejecutivo, y ya pusieron en marcha una negociaci\u00f3n con el peronismo federal [&hellip;]<\/p>\n","protected":false},"author":4,"featured_media":0,"comment_status":"open","ping_status":"open","sticky":false,"template":"","format":"standard","meta":{"site-sidebar-layout":"default","site-content-layout":"","ast-site-content-layout":"default","site-content-style":"default","site-sidebar-style":"default","ast-global-header-display":"","ast-banner-title-visibility":"","ast-main-header-display":"","ast-hfb-above-header-display":"","ast-hfb-below-header-display":"","ast-hfb-mobile-header-display":"","site-post-title":"","ast-breadcrumbs-content":"","ast-featured-img":"","footer-sml-layout":"","ast-disable-related-posts":"","theme-transparent-header-meta":"","adv-header-id-meta":"","stick-header-meta":"","header-above-stick-meta":"","header-main-stick-meta":"","header-below-stick-meta":"","astra-migrate-meta-layouts":"default","ast-page-background-enabled":"default","ast-page-background-meta":{"desktop":{"background-color":"","background-image":"","background-repeat":"repeat","background-position":"center center","background-size":"auto","background-attachment":"scroll","background-type":"","background-media":"","overlay-type":"","overlay-color":"","overlay-opacity":"","overlay-gradient":""},"tablet":{"background-color":"","background-image":"","background-repeat":"repeat","background-position":"center center","background-size":"auto","background-attachment":"scroll","background-type":"","background-media":"","overlay-type":"","overlay-color":"","overlay-opacity":"","overlay-gradient":""},"mobile":{"background-color":"","background-image":"","background-repeat":"repeat","background-position":"center center","background-size":"auto","background-attachment":"scroll","background-type":"","background-media":"","overlay-type":"","overlay-color":"","overlay-opacity":"","overlay-gradient":""}},"ast-content-background-meta":{"desktop":{"background-color":"var(--ast-global-color-5)","background-image":"","background-repeat":"repeat","background-position":"center center","background-size":"auto","background-attachment":"scroll","background-type":"","background-media":"","overlay-type":"","overlay-color":"","overlay-opacity":"","overlay-gradient":""},"tablet":{"background-color":"var(--ast-global-color-5)","background-image":"","background-repeat":"repeat","background-position":"center center","background-size":"auto","background-attachment":"scroll","background-type":"","background-media":"","overlay-type":"","overlay-color":"","overlay-opacity":"","overlay-gradient":""},"mobile":{"background-color":"var(--ast-global-color-5)","background-image":"","background-repeat":"repeat","background-position":"center center","background-size":"auto","background-attachment":"scroll","background-type":"","background-media":"","overlay-type":"","overlay-color":"","overlay-opacity":"","overlay-gradient":""}},"footnotes":""},"categories":[2],"tags":[698,686,966,487,55,517,2359],"class_list":["post-14772","post","type-post","status-publish","format-standard","hentry","category-politica","tag-camara-de-diputados","tag-cambiemos","tag-emilio-monzo","tag-gabriela-michetti","tag-mauricio-macri","tag-rodriguez-saa","tag-rogelio-frigerio"],"spectra_blocks_featured_image_url":null,"spectra_blocks_author_info":{"display_name":"Facundo Novillo","avatar_url":"https:\/\/secure.gravatar.com\/avatar\/09745bc65ce6bf84291d6515d5f759c04b4fce4f329b8a975a8ac2982b552d3e?s=96&d=mm&r=g","author_link":"https:\/\/100xd.com.ar\/en\/author\/facundo\/","description":""},"_links":{"self":[{"href":"https:\/\/100xd.com.ar\/en\/wp-json\/wp\/v2\/posts\/14772","targetHints":{"allow":["GET"]}}],"collection":[{"href":"https:\/\/100xd.com.ar\/en\/wp-json\/wp\/v2\/posts"}],"about":[{"href":"https:\/\/100xd.com.ar\/en\/wp-json\/wp\/v2\/types\/post"}],"author":[{"embeddable":true,"href":"https:\/\/100xd.com.ar\/en\/wp-json\/wp\/v2\/users\/4"}],"replies":[{"embeddable":true,"href":"https:\/\/100xd.com.ar\/en\/wp-json\/wp\/v2\/comments?post=14772"}],"version-history":[{"count":1,"href":"https:\/\/100xd.com.ar\/en\/wp-json\/wp\/v2\/posts\/14772\/revisions"}],"predecessor-version":[{"id":14774,"href":"https:\/\/100xd.com.ar\/en\/wp-json\/wp\/v2\/posts\/14772\/revisions\/14774"}],"wp:attachment":[{"href":"https:\/\/100xd.com.ar\/en\/wp-json\/wp\/v2\/media?parent=14772"}],"wp:term":[{"taxonomy":"category","embeddable":true,"href":"https:\/\/100xd.com.ar\/en\/wp-json\/wp\/v2\/categories?post=14772"},{"taxonomy":"post_tag","embeddable":true,"href":"https:\/\/100xd.com.ar\/en\/wp-json\/wp\/v2\/tags?post=14772"}],"curies":[{"name":"wp","href":"https:\/\/api.w.org\/{rel}","templated":true}]}}