{"id":141900,"date":"2026-08-25T10:50:33","date_gmt":"2026-08-25T13:50:33","guid":{"rendered":"https:\/\/100xd.com.ar\/?p=141900"},"modified":"2026-08-25T10:50:33","modified_gmt":"2026-08-25T13:50:33","slug":"provincia-de-cordoba-comenzo-el-desafio-eco-egreso-primaria-la-propuesta-que-transforma-textiles-recuperados-en-buzos-de-egresados","status":"publish","type":"post","link":"https:\/\/100xd.com.ar\/en\/provincia-de-cordoba-comenzo-el-desafio-eco-egreso-primaria-la-propuesta-que-transforma-textiles-recuperados-en-buzos-de-egresados\/","title":{"rendered":"Provincia de C\u00f3rdoba: Comenz\u00f3 el Desaf\u00edo Eco Egreso Primaria, la propuesta que transforma textiles recuperados en buzos de egresados"},"content":{"rendered":"<ul class=\"wp-block-list\"><li><strong>La iniciativa invita a las nuevas generaciones a imaginar respuestas innovadoras frente a los retos socioambientales y a incorporar nuevas formas de vincularse con los recursos.&nbsp;<\/strong><\/li><li><strong>Impulsada por la Secretar\u00eda General de Ambiente, Econom\u00eda Circular y Biociudadan\u00eda, la propuesta combina aprendizaje, experimentaci\u00f3n y participaci\u00f3n en el cuidado del entorno.<\/strong><\/li><li><strong>Participan estudiantes del pen\u00faltimo grado de escuelas primarias estatales de la provincia de C\u00f3rdoba.<\/strong><\/li><\/ul>\n\n\n\n<p class=\"wp-block-paragraph\">La Secretar\u00eda General de Ambiente, Econom\u00eda Circular y Biociudadan\u00eda de la Provincia de C\u00f3rdoba puso en marcha el&nbsp;<strong>Desaf\u00edo Eco Egreso Primario 2026\/2027<\/strong>, en el que los estudiantes deber\u00e1n poner a prueba su creatividad y capacidad de trabajo en equipo para alcanzar un objetivo:&nbsp;<strong>ganar el eco buzo de egresados<\/strong>, confeccionado a partir de materiales recuperados y retazos de tela provenientes de circuitos de econom\u00eda circular.<\/p>\n\n\n\n<p class=\"wp-block-paragraph\">Se trata de una propuesta educativa que busca acercar a alumnos de primaria al modelo de econom\u00eda circular y brindarles herramientas para participar en procesos creativos orientados a encontrar soluciones frente a desaf\u00edos ambientales reales.&nbsp;<\/p>\n\n\n\n<p class=\"wp-block-paragraph\">De esta manera, se fortalecen capacidades vinculadas al trabajo colaborativo, el pensamiento cr\u00edtico y el compromiso ciudadano.<\/p>\n\n\n\n<figure data-spectra-id=\"spectra-5bf8d10b-58d2-4a00-ba52-005ce2e46781\" class=\"wp-block-image\"><img decoding=\"async\" src=\"https:\/\/prensa.cba.gov.ar\/wp-content\/uploads\/2026\/08\/Eco-Egreso-4.png\" alt=\"Eco Egreso 4\" class=\"wp-image-648552\" title=\"Provincia de C\u00f3rdoba: Comenz\u00f3 el Desaf\u00edo Eco Egreso Primaria, la propuesta que transforma textiles recuperados en buzos de egresados\" \/><\/figure>\n\n\n\n<p class=\"wp-block-paragraph\">La iniciativa est\u00e1 destinada a estudiantes de los pen\u00faltimos grados de escuelas primarias de gesti\u00f3n estatal de la ciudad de C\u00f3rdoba Capital y contempla la realizaci\u00f3n de un&nbsp;<strong>hackat\u00f3n de eco-dise\u00f1o<\/strong>, en el que cada secci\u00f3n participa representada por un equipo de tres estudiantes y un docente.<\/p>\n\n\n\n<p class=\"wp-block-paragraph\">El primer desaf\u00edo se realiz\u00f3 en la Plaza Cielo-Tierra, con la participaci\u00f3n de estudiantes de las escuelas Garz\u00f3n Agulla; General Francisco Ortiz de Ocampo; Mariano Moreno; Gobernador \u00c1lvarez; Profesor Oscar Ra\u00fal Malvasio; Ernesto Bancalari; Almafuerte; Escuela de las Am\u00e9ricas; Gobernador Jos\u00e9 Manuel de la Sota; Lorenzo Su\u00e1rez de Figueroa; Ingeniero Juan Mario Masjoan y Escuela 20 de Junio.<\/p>\n\n\n\n<p class=\"wp-block-paragraph\">A lo largo de la jornada, las y los estudiantes resolvieron consignas y desarrollaron propuestas creativas a partir del uso de materiales reciclados y recuperados, poniendo en pr\u00e1ctica los conocimientos adquiridos sobre ambiente, consumo responsable y reutilizaci\u00f3n de recursos.<\/p>\n\n\n\n<p class=\"wp-block-paragraph\">Las actividades incluyeron una instancia pr\u00e1ctica con formato de crucigrama, con preguntas vinculadas a los temas trabajados, y un desaf\u00edo art\u00edstico que consisti\u00f3 en realizar un collage con materiales reciclados.<\/p>\n\n\n\n<p class=\"wp-block-paragraph\">La secretar\u00eda General de Ambiente, Econom\u00eda Circular y Biociudadan\u00eda, Victoria Flores, estuvo presente en esta primera jornada y destac\u00f3 la iniciativa ya que&nbsp;<em>\u201cla educaci\u00f3n ambiental es uno de los motores fundamentales para construir una ciudadan\u00eda comprometida con el cuidado de nuestro ambiente. Hoy necesitamos que las nuevas generaciones no solo conozcan los desaf\u00edos que tenemos por delante, sino que tambi\u00e9n puedan imaginar nuevas respuestas. Y para hacerlo necesitamos creatividad, innovaci\u00f3n y, sobre todo, animarnos a pensar distinto<\/em>\u201d.<\/p>\n\n\n\n<figure data-spectra-id=\"spectra-db46211a-ee1b-4439-b9ae-9660bcd28b6d\" class=\"wp-block-image\"><img decoding=\"async\" src=\"https:\/\/prensa.cba.gov.ar\/wp-content\/uploads\/2026\/08\/Eco-Egreso-7.png\" alt=\"Eco Egreso 7\" class=\"wp-image-648550\" title=\"Provincia de C\u00f3rdoba: Comenz\u00f3 el Desaf\u00edo Eco Egreso Primaria, la propuesta que transforma textiles recuperados en buzos de egresados\" \/><\/figure>\n\n\n\n<p class=\"wp-block-paragraph\">Tambi\u00e9n estuvieron presentes el secretario de Econom\u00eda Circular y Empleo Verde, Nicol\u00e1s Vottero, y la directora de Educaci\u00f3n Ambiental, Soledad Flores, quienes acompa\u00f1aron el desarrollo de esta primera instancia.<\/p>\n\n\n\n<p class=\"wp-block-paragraph\">En total, se realizar\u00e1n siete desaf\u00edos en distintas zonas de la ciudad de C\u00f3rdoba, de los que surgir\u00e1n las secciones ganadoras que acceder\u00e1n a una&nbsp;<strong>Jornada de Eco-Dise\u00f1o&nbsp;<\/strong>durante la cual, las y los estudiantes trabajar\u00e1n junto al equipo t\u00e9cnico de la Secretar\u00eda en la creaci\u00f3n del dise\u00f1o de su propio eco buzo de egresados.<\/p>","protected":false},"excerpt":{"rendered":"<p>La iniciativa invita a las nuevas generaciones a imaginar respuestas innovadoras frente a los retos socioambientales y a incorporar nuevas formas de vincularse con los recursos.&nbsp; Impulsada por la Secretar\u00eda General de Ambiente, Econom\u00eda Circular y Biociudadan\u00eda, la propuesta combina aprendizaje, experimentaci\u00f3n y participaci\u00f3n en el cuidado del entorno. Participan estudiantes del pen\u00faltimo grado de [&hellip;]<\/p>\n","protected":false},"author":9,"featured_media":141901,"comment_status":"open","ping_status":"open","sticky":false,"template":"","format":"standard","meta":{"site-sidebar-layout":"default","site-content-layout":"","ast-site-content-layout":"default","site-content-style":"default","site-sidebar-style":"default","ast-global-header-display":"","ast-banner-title-visibility":"","ast-main-header-display":"","ast-hfb-above-header-display":"","ast-hfb-below-header-display":"","ast-hfb-mobile-header-display":"","site-post-title":"","ast-breadcrumbs-content":"","ast-featured-img":"","footer-sml-layout":"","ast-disable-related-posts":"","theme-transparent-header-meta":"","adv-header-id-meta":"","stick-header-meta":"","header-above-stick-meta":"","header-main-stick-meta":"","header-below-stick-meta":"","astra-migrate-meta-layouts":"default","ast-page-background-enabled":"default","ast-page-background-meta":{"desktop":{"background-color":"","background-image":"","background-repeat":"repeat","background-position":"center center","background-size":"auto","background-attachment":"scroll","background-type":"","background-media":"","overlay-type":"","overlay-color":"","overlay-opacity":"","overlay-gradient":""},"tablet":{"background-color":"","background-image":"","background-repeat":"repeat","background-position":"center center","background-size":"auto","background-attachment":"scroll","background-type":"","background-media":"","overlay-type":"","overlay-color":"","overlay-opacity":"","overlay-gradient":""},"mobile":{"background-color":"","background-image":"","background-repeat":"repeat","background-position":"center center","background-size":"auto","background-attachment":"scroll","background-type":"","background-media":"","overlay-type":"","overlay-color":"","overlay-opacity":"","overlay-gradient":""}},"ast-content-background-meta":{"desktop":{"background-color":"var(--ast-global-color-5)","background-image":"","background-repeat":"repeat","background-position":"center center","background-size":"auto","background-attachment":"scroll","background-type":"","background-media":"","overlay-type":"","overlay-color":"","overlay-opacity":"","overlay-gradient":""},"tablet":{"background-color":"var(--ast-global-color-5)","background-image":"","background-repeat":"repeat","background-position":"center center","background-size":"auto","background-attachment":"scroll","background-type":"","background-media":"","overlay-type":"","overlay-color":"","overlay-opacity":"","overlay-gradient":""},"mobile":{"background-color":"var(--ast-global-color-5)","background-image":"","background-repeat":"repeat","background-position":"center center","background-size":"auto","background-attachment":"scroll","background-type":"","background-media":"","overlay-type":"","overlay-color":"","overlay-opacity":"","overlay-gradient":""}},"footnotes":""},"categories":[8,4],"tags":[],"class_list":["post-141900","post","type-post","status-publish","format-standard","has-post-thumbnail","hentry","category-el-mundo","category-sociedad"],"spectra_blocks_featured_image_url":{"thumbnail":{"url":"https:\/\/100xd.com.ar\/wp-content\/uploads\/2026\/08\/cordoba-150x150.png","width":150,"height":150},"medium":{"url":"https:\/\/100xd.com.ar\/wp-content\/uploads\/2026\/08\/cordoba-300x220.png","width":300,"height":220},"medium_large":{"url":"https:\/\/100xd.com.ar\/wp-content\/uploads\/2026\/08\/cordoba-768x563.png","width":768,"height":563},"large":{"url":"https:\/\/100xd.com.ar\/wp-content\/uploads\/2026\/08\/cordoba.png","width":900,"height":660},"full":{"url":"https:\/\/100xd.com.ar\/wp-content\/uploads\/2026\/08\/cordoba.png","width":900,"height":660}},"spectra_blocks_author_info":{"display_name":"Jorge Alfredo Baret","avatar_url":"https:\/\/secure.gravatar.com\/avatar\/31696f5ca83439b642450ec7d3f82f98451a5efacb414343d5478c982b337f26?s=96&d=mm&r=g","author_link":"https:\/\/100xd.com.ar\/en\/author\/jorge\/","description":"Ingeniero Qu\u00edmico UTN - Director Apoderado de Comunicaciones Auditadas SA. Editor Responsable 100xd.com.ar."},"_links":{"self":[{"href":"https:\/\/100xd.com.ar\/en\/wp-json\/wp\/v2\/posts\/141900","targetHints":{"allow":["GET"]}}],"collection":[{"href":"https:\/\/100xd.com.ar\/en\/wp-json\/wp\/v2\/posts"}],"about":[{"href":"https:\/\/100xd.com.ar\/en\/wp-json\/wp\/v2\/types\/post"}],"author":[{"embeddable":true,"href":"https:\/\/100xd.com.ar\/en\/wp-json\/wp\/v2\/users\/9"}],"replies":[{"embeddable":true,"href":"https:\/\/100xd.com.ar\/en\/wp-json\/wp\/v2\/comments?post=141900"}],"version-history":[{"count":1,"href":"https:\/\/100xd.com.ar\/en\/wp-json\/wp\/v2\/posts\/141900\/revisions"}],"predecessor-version":[{"id":141902,"href":"https:\/\/100xd.com.ar\/en\/wp-json\/wp\/v2\/posts\/141900\/revisions\/141902"}],"wp:featuredmedia":[{"embeddable":true,"href":"https:\/\/100xd.com.ar\/en\/wp-json\/wp\/v2\/media\/141901"}],"wp:attachment":[{"href":"https:\/\/100xd.com.ar\/en\/wp-json\/wp\/v2\/media?parent=141900"}],"wp:term":[{"taxonomy":"category","embeddable":true,"href":"https:\/\/100xd.com.ar\/en\/wp-json\/wp\/v2\/categories?post=141900"},{"taxonomy":"post_tag","embeddable":true,"href":"https:\/\/100xd.com.ar\/en\/wp-json\/wp\/v2\/tags?post=141900"}],"curies":[{"name":"wp","href":"https:\/\/api.w.org\/{rel}","templated":true}]}}