{"id":141580,"date":"2026-08-19T12:48:26","date_gmt":"2026-08-19T15:48:26","guid":{"rendered":"https:\/\/100xd.com.ar\/?p=141580"},"modified":"2026-08-19T12:53:55","modified_gmt":"2026-08-19T15:53:55","slug":"la-doble-nelson-de-las-pymes-advierten-por-la-caida-de-ventas-y-el-estiramiento-de-la-cadena-de-pagos","status":"publish","type":"post","link":"https:\/\/100xd.com.ar\/en\/la-doble-nelson-de-las-pymes-advierten-por-la-caida-de-ventas-y-el-estiramiento-de-la-cadena-de-pagos\/","title":{"rendered":"La &#8220;doble Nelson&#8221; de las pymes: advierten por la ca\u00edda de ventas y el estiramiento de la cadena de pagos"},"content":{"rendered":"<figure data-spectra-id=\"spectra-0145942c-d269-450a-a0b5-b4be5f2c2f06\" class=\"wp-block-image\"><img decoding=\"async\" src=\"https:\/\/media.mdzol.com\/p\/16759d49fe3f99c80d2af15cb1f863bc\/adjuntos\/373\/imagenes\/001\/887\/0001887504\/760x0\/smart\/supermercado.jpg\" alt=\"Para las pymes la extensi\u00f3n de la cadena de pago y esencialmente la ca\u00edda en las ventas constituyen el principal obst\u00e1culo en el desarrollo de sus negocios.\" title=\"La &quot;doble Nelson&quot; de las pymes: advierten por la ca\u00edda de ventas y el estiramiento de la cadena de pagos\" \/><figcaption>Para las pymes la extensi\u00f3n de la cadena de pago y esencialmente la ca\u00edda en las ventas constituyen el principal obst\u00e1culo en el desarrollo de sus negocios.<strong>Shutterstock<\/strong><\/figcaption><\/figure>\n\n\n\n<p class=\"wp-block-paragraph\" id=\"p-1787076421555-59242\">Las peque\u00f1as y medianas empresas industriales (<strong><a href=\"https:\/\/www.mdzol.com\/dinero\/la-mora-familias-y-pymes-es-del-127-la-cartera-los-bancos-n1586868\" target=\"_blank\" rel=\"noreferrer noopener\">pymes<\/a><\/strong>) vienen surfeando la ola de la econom\u00eda como pueden, dependiendo del sector en el que se desempe\u00f1an pero tienen en claro cu\u00e1les son los principales renglones de la agenda, algo que por lo que se anticipa no cambiar\u00e1 en el corto plazo.<\/p>\n\n\n\n<p class=\"wp-block-paragraph\" id=\"p-1787076411399-60484\">&#8220;La falta de&nbsp;<strong><a href=\"https:\/\/www.mdzol.com\/sociedad\/las-ventas-el-dia-del-nino-cayeron-25-y-came-explico-el-motivo-n1587429\" target=\"_blank\" rel=\"noreferrer noopener\">ventas&nbsp;<\/a><\/strong>se consolida como el principal obst\u00e1culo para todos los sectores de actividad, afectando al 81% de las peque\u00f1as y medianas industrias. Como segunda preocupaci\u00f3n aparece, la tensi\u00f3n en la cadena de pagos&#8221;, se\u00f1ala la \u00faltima Encuesta Coyuntural a&nbsp;<strong>PyME&nbsp;<\/strong>industriales, difundida este martes por la&nbsp;<strong>Fundaci\u00f3n Observatorio PyME<\/strong>.https:\/\/755451e24c025b2098034bbc6e94af11.safeframe.googlesyndication.com\/safeframe\/1-0-45\/html\/container.html<\/p>\n\n\n\n<ul class=\"wp-block-list\"><li><img loading=\"lazy\" decoding=\"async\" src=\"https:\/\/media.mdzol.com\/p\/27b4b2ceb6214f59844c683092279c81\/adjuntos\/373\/imagenes\/001\/253\/0001253516\/466x311\/smart\/banco-nacion-ofrece-descuentos-y-financiaciones-librerias-y-jugueterias-foto-santiago-taguamdz.jpg\" alt=\"Banco Naci\u00f3n ofrece descuentos y financiaciones para librer\u00edas y jugueter\u00edas Foto: Santiago Tagua\/MDZ\" width=\"171\" height=\"96\" title=\"La &quot;doble Nelson&quot; de las pymes: advierten por la ca\u00edda de ventas y el estiramiento de la cadena de pagos\">Te puede interesar<a href=\"https:\/\/www.mdzol.com\/sociedad\/las-ventas-minoristas-pymes-el-dia-del-nino-2026-bajaron-25-y-el-ticket-promedio-fue-45-mil-n1586993\">Las ventas minoristas pymes por el D\u00eda del Ni\u00f1o 2026 bajaron 2,5% y el ticket promedio fue de $45 mil<\/a><a href=\"https:\/\/www.mdzol.com\/sociedad\/las-ventas-minoristas-pymes-el-dia-del-nino-2026-bajaron-25-y-el-ticket-promedio-fue-45-mil-n1586993\"><\/a><\/li><\/ul>\n\n\n\n<h2 class=\"wp-block-heading\" id=\"p-1787086110636-39288\">Cadena de pagos<\/h2>\n\n\n\n<p class=\"wp-block-paragraph\" id=\"p-1787076699884-77019\">Para dar cuenta de esta situaci\u00f3n, el 62% de las&nbsp;<strong>pymes&nbsp;<\/strong>tuvieron alg\u00fan tipo de extensi\u00f3n en los plazos de cobro a sus clientes. Aunque no se vincula exclusivamente con esto, se observa que el 24% incurri\u00f3 en mora en sus propios vencimientos, sobre todo el pago de&nbsp;<strong><a href=\"https:\/\/www.mdzol.com\/dinero\/la-recaudacion-tributaria-crecio-julio-la-mano-ganancias-y-combustibles-n1579085\" target=\"_blank\" rel=\"noreferrer noopener\">impuestos&nbsp;<\/a><\/strong>y proveedores. Esta cifra se duplic\u00f3 en un a\u00f1o.<\/p>\n\n\n\n<p class=\"wp-block-paragraph\" id=\"p-1787077165338-2586\">El r\u00e1nking de problemas que denuncian las pymes incluye adem\u00e1s de ca\u00edda de ventas y retraso de pagos a clientes, aumento de los costos de materias primas (60%), competencia de importaciones (47%), aumento de costos salariales (45%), dificultad de financiamiento (38%), dificultad para satisfacer la demanda (13%) y otros problemas (13%).<\/p>\n\n\n\n<ul class=\"wp-block-list\"><li><img loading=\"lazy\" decoding=\"async\" src=\"https:\/\/media.mdzol.com\/p\/2ca5f171824ad1fe53d9cdb2384b5d7b\/adjuntos\/373\/imagenes\/001\/279\/0001279400\/466x311\/smart\/billetes-pesos-argentinos-billete-5jpg.jpg\" alt=\"Los DNI terminados en 7 concentran buena parte de los pagos previstos por la Anses para este jueves.\" width=\"171\" height=\"96\" title=\"La &quot;doble Nelson&quot; de las pymes: advierten por la ca\u00edda de ventas y el estiramiento de la cadena de pagos\">Te puede interesar<a href=\"https:\/\/www.mdzol.com\/dinero\/la-mora-familias-y-pymes-es-del-127-la-cartera-los-bancos-n1586868\">La mora de familias y pymes es del 12,7% de la cartera de los bancos<\/a><a href=\"https:\/\/www.mdzol.com\/dinero\/la-mora-familias-y-pymes-es-del-127-la-cartera-los-bancos-n1586868\"><\/a><\/li><\/ul>\n\n\n\n<figure data-spectra-id=\"spectra-d7334233-1498-4c9f-baca-039230912ecd\" class=\"wp-block-image\"><img decoding=\"async\" src=\"https:\/\/media.mdzol.com\/p\/bf6e6ccf3aa8abec697dea1fcef3ea84\/adjuntos\/373\/imagenes\/001\/981\/0001981261\/760x0\/smart\/fund-observatorio-pyme-desafios-2026.jpg\" alt=\"Fund Observatorio Pyme Desafios 2026\" title=\"La &quot;doble Nelson&quot; de las pymes: advierten por la ca\u00edda de ventas y el estiramiento de la cadena de pagos\"\/><\/figure>\n\n\n\n<p class=\"wp-block-paragraph\" id=\"p-1787077759965-88472\">Adem\u00e1s advierte que ante el reclamo de alivio fiscal para mantener la actividad, la reducci\u00f3n de Ingresos Brutos (impuesto que afecta al 63% de las empresas) encabeza las demandas con un 33%, seguida por la rebaja en contribuciones patronales (30%).<\/p>\n\n\n\n<h2 class=\"wp-block-heading\" id=\"p-1787086142615-34655\">Importaciones al acecho<\/h2>\n\n\n\n<p class=\"wp-block-paragraph\" id=\"p-1787076411399-68799\">En cuanto al comercio exterior, &#8220;la creciente presi\u00f3n importadora forz\u00f3 a un 25% de las PyME a sustituir insumos locales o desplazar producci\u00f3n propia por bienes importados y un 15% incorpor\u00f3 productos nuevos importados&#8221;, se\u00f1ala el informe, en un contexto en el que la presentaci\u00f3n de proyectos en el marco del R\u00e9gimen de Incentivos a las Grandes Inversiones (RIGI) &#8220;sigue siendo marginal: un 1,5% participa de forma directa y un 3,2% de manera indirecta&#8221;.<\/p>\n\n\n\n<p class=\"wp-block-paragraph\" id=\"p-1787085516431-41233\">A nivel de la cadena de pagos seis de cada diez pymes industriales (62%) se\u00f1alaron que los plazos de cobro fueron mayores a lo habitual en este trimestre. Adem\u00e1s, una de cada cuatro pymes industriales registr\u00f3 atrasos en alguno de sus vencimientos. El dato saliente es que esa cifra se duplic\u00f3 en casi un a\u00f1o.<\/p>\n\n\n\n<p class=\"wp-block-paragraph\">Fuente:<a href=\"https:\/\/www.mdzol.com\/\"> Mendoza online<\/a><\/p>","protected":false},"excerpt":{"rendered":"<p>Las peque\u00f1as y medianas empresas industriales (pymes) vienen surfeando la ola de la econom\u00eda como pueden, dependiendo del sector en el que se desempe\u00f1an pero tienen en claro cu\u00e1les son los principales renglones de la agenda, algo que por lo que se anticipa no cambiar\u00e1 en el corto plazo. &#8220;La falta de&nbsp;ventas&nbsp;se consolida como el [&hellip;]<\/p>\n","protected":false},"author":9,"featured_media":141581,"comment_status":"open","ping_status":"open","sticky":false,"template":"","format":"standard","meta":{"site-sidebar-layout":"default","site-content-layout":"","ast-site-content-layout":"default","site-content-style":"default","site-sidebar-style":"default","ast-global-header-display":"","ast-banner-title-visibility":"","ast-main-header-display":"","ast-hfb-above-header-display":"","ast-hfb-below-header-display":"","ast-hfb-mobile-header-display":"","site-post-title":"","ast-breadcrumbs-content":"","ast-featured-img":"","footer-sml-layout":"","ast-disable-related-posts":"","theme-transparent-header-meta":"","adv-header-id-meta":"","stick-header-meta":"","header-above-stick-meta":"","header-main-stick-meta":"","header-below-stick-meta":"","astra-migrate-meta-layouts":"default","ast-page-background-enabled":"default","ast-page-background-meta":{"desktop":{"background-color":"","background-image":"","background-repeat":"repeat","background-position":"center center","background-size":"auto","background-attachment":"scroll","background-type":"","background-media":"","overlay-type":"","overlay-color":"","overlay-opacity":"","overlay-gradient":""},"tablet":{"background-color":"","background-image":"","background-repeat":"repeat","background-position":"center center","background-size":"auto","background-attachment":"scroll","background-type":"","background-media":"","overlay-type":"","overlay-color":"","overlay-opacity":"","overlay-gradient":""},"mobile":{"background-color":"","background-image":"","background-repeat":"repeat","background-position":"center center","background-size":"auto","background-attachment":"scroll","background-type":"","background-media":"","overlay-type":"","overlay-color":"","overlay-opacity":"","overlay-gradient":""}},"ast-content-background-meta":{"desktop":{"background-color":"var(--ast-global-color-5)","background-image":"","background-repeat":"repeat","background-position":"center center","background-size":"auto","background-attachment":"scroll","background-type":"","background-media":"","overlay-type":"","overlay-color":"","overlay-opacity":"","overlay-gradient":""},"tablet":{"background-color":"var(--ast-global-color-5)","background-image":"","background-repeat":"repeat","background-position":"center center","background-size":"auto","background-attachment":"scroll","background-type":"","background-media":"","overlay-type":"","overlay-color":"","overlay-opacity":"","overlay-gradient":""},"mobile":{"background-color":"var(--ast-global-color-5)","background-image":"","background-repeat":"repeat","background-position":"center center","background-size":"auto","background-attachment":"scroll","background-type":"","background-media":"","overlay-type":"","overlay-color":"","overlay-opacity":"","overlay-gradient":""}},"footnotes":""},"categories":[2],"tags":[],"class_list":["post-141580","post","type-post","status-publish","format-standard","has-post-thumbnail","hentry","category-politica"],"spectra_blocks_featured_image_url":{"thumbnail":{"url":"https:\/\/100xd.com.ar\/wp-content\/uploads\/2026\/08\/firuli-150x150.webp","width":150,"height":150},"medium":{"url":"https:\/\/100xd.com.ar\/wp-content\/uploads\/2026\/08\/firuli-300x200.webp","width":300,"height":200},"medium_large":{"url":"https:\/\/100xd.com.ar\/wp-content\/uploads\/2026\/08\/firuli.webp","width":760,"height":507},"large":{"url":"https:\/\/100xd.com.ar\/wp-content\/uploads\/2026\/08\/firuli.webp","width":760,"height":507},"full":{"url":"https:\/\/100xd.com.ar\/wp-content\/uploads\/2026\/08\/firuli.webp","width":760,"height":507}},"spectra_blocks_author_info":{"display_name":"Jorge Alfredo Baret","avatar_url":"https:\/\/secure.gravatar.com\/avatar\/31696f5ca83439b642450ec7d3f82f98451a5efacb414343d5478c982b337f26?s=96&d=mm&r=g","author_link":"https:\/\/100xd.com.ar\/en\/author\/jorge\/","description":"Ingeniero Qu\u00edmico UTN - Director Apoderado de Comunicaciones Auditadas SA. Editor Responsable 100xd.com.ar."},"_links":{"self":[{"href":"https:\/\/100xd.com.ar\/en\/wp-json\/wp\/v2\/posts\/141580","targetHints":{"allow":["GET"]}}],"collection":[{"href":"https:\/\/100xd.com.ar\/en\/wp-json\/wp\/v2\/posts"}],"about":[{"href":"https:\/\/100xd.com.ar\/en\/wp-json\/wp\/v2\/types\/post"}],"author":[{"embeddable":true,"href":"https:\/\/100xd.com.ar\/en\/wp-json\/wp\/v2\/users\/9"}],"replies":[{"embeddable":true,"href":"https:\/\/100xd.com.ar\/en\/wp-json\/wp\/v2\/comments?post=141580"}],"version-history":[{"count":1,"href":"https:\/\/100xd.com.ar\/en\/wp-json\/wp\/v2\/posts\/141580\/revisions"}],"predecessor-version":[{"id":141582,"href":"https:\/\/100xd.com.ar\/en\/wp-json\/wp\/v2\/posts\/141580\/revisions\/141582"}],"wp:featuredmedia":[{"embeddable":true,"href":"https:\/\/100xd.com.ar\/en\/wp-json\/wp\/v2\/media\/141581"}],"wp:attachment":[{"href":"https:\/\/100xd.com.ar\/en\/wp-json\/wp\/v2\/media?parent=141580"}],"wp:term":[{"taxonomy":"category","embeddable":true,"href":"https:\/\/100xd.com.ar\/en\/wp-json\/wp\/v2\/categories?post=141580"},{"taxonomy":"post_tag","embeddable":true,"href":"https:\/\/100xd.com.ar\/en\/wp-json\/wp\/v2\/tags?post=141580"}],"curies":[{"name":"wp","href":"https:\/\/api.w.org\/{rel}","templated":true}]}}