{"id":140364,"date":"2026-07-30T12:46:08","date_gmt":"2026-07-30T15:46:08","guid":{"rendered":"https:\/\/100xd.com.ar\/?p=140364"},"modified":"2026-07-30T12:46:08","modified_gmt":"2026-07-30T15:46:08","slug":"el-cambio-clave-en-el-galvez-que-acerca-a-buenos-aires-al-regreso-de-la-formula-1","status":"publish","type":"post","link":"https:\/\/100xd.com.ar\/en\/el-cambio-clave-en-el-galvez-que-acerca-a-buenos-aires-al-regreso-de-la-formula-1\/","title":{"rendered":"El cambio clave en el G\u00e1lvez que acerca a Buenos Aires al regreso de la F\u00f3rmula 1"},"content":{"rendered":"<p class=\"wp-block-paragraph\">La remodelaci\u00f3n del&nbsp;<strong>Aut\u00f3dromo Oscar y Juan G\u00e1lvez<\/strong>&nbsp;dio un paso que cambia el alcance del proyecto. Lo que comenz\u00f3 en enero como una obra destinada a recuperar al&nbsp;<strong>MotoGP&nbsp;<\/strong>sum\u00f3 ahora un objetivo todav\u00eda m\u00e1s ambicioso: adaptar el circuito para que pueda aspirar a la homologaci\u00f3n FIA Grado 1,&nbsp;<strong>la certificaci\u00f3n t\u00e9cnica necesaria para recibir a la F\u00f3rmula 1<\/strong>.<\/p>\n\n\n\n<p class=\"wp-block-paragraph\">La Ciudad inform\u00f3 este martes que los trabajos ya alcanzaron&nbsp;<strong>el 60% de ejecuci\u00f3n&nbsp;<\/strong>y confirm\u00f3 una modificaci\u00f3n clave del dise\u00f1o original:&nbsp;<strong>la extensi\u00f3n de la horquilla ubicada antes de la recta principal<\/strong>, un cambio que permitir\u00e1 llevar el trazado hasta los 4,87 kil\u00f3metros y cumplir con uno de los requisitos que exige la Federaci\u00f3n Internacional del Autom\u00f3vil (FIA) para la m\u00e1xima categor\u00eda.<\/p>\n\n\n\n<p class=\"wp-block-paragraph\"><em>&#8220;Vamos a volver a poner al Aut\u00f3dromo de la Ciudad a la par de los grandes circuitos del mundo.<\/em><strong><em>&nbsp;Y esto nos va a permitir no solo que vuelva el MotoGP, sino tambi\u00e9n la F\u00f3rmula 1, un sue\u00f1o que est\u00e1 cada vez m\u00e1s cerca<\/em><\/strong><em>&#8220;<\/em>, asegur\u00f3 el jefe de Gobierno porte\u00f1o,&nbsp;<strong>Jorge Macri<\/strong>.<img loading=\"lazy\" decoding=\"async\" alt=\"As\u00ed est\u00e1 el G\u00e1lvez hoy. Las obras comenzaron en enero. Ya se ejecut\u00f3 el 60%.\" width=\"720\" height=\"480\" src=\"https:\/\/www.clarin.com\/img\/2026\/07\/29\/5zrW84lSz_720x0__1.jpg\" title=\"El cambio clave en el G\u00e1lvez que acerca a Buenos Aires al regreso de la F\u00f3rmula 1\">As\u00ed est\u00e1 el G\u00e1lvez hoy. Las obras comenzaron en enero. Ya se ejecut\u00f3 el 60%.<\/p>\n\n\n\n<p class=\"wp-block-paragraph\">El anuncio&nbsp;<strong>no significa que Buenos Aires tenga asegurado el regreso de&nbsp;<\/strong>categor\u00eda en la que compite Franco Colapinto<strong>&nbsp;por tercer a\u00f1o consecutivo<\/strong>. La homologaci\u00f3n del circuito es apenas una condici\u00f3n indispensable para poder postularse como sede de un Gran Premio, pero despu\u00e9s ser\u00e1 necesario alcanzar un acuerdo comercial con Formula One Management (FOM), la empresa que organiza el campeonato y define el calendario.<\/p>\n\n\n\n<h2 class=\"wp-block-heading\">Un proyecto que cambi\u00f3 sobre la marcha<\/h2>\n\n\n\n<p class=\"wp-block-paragraph\">Cuando&nbsp;<strong>Clar\u00edn&nbsp;<\/strong>recorri\u00f3 las obras&nbsp;<a href=\"https:\/\/www.clarin.com\/deportes\/escombros-sueno-recibir-vez-formula-1-reconstruyen-autodromo-galvez-buenos-aires_0_AHD7tMkLiN.html\" target=\"_blank\" rel=\"noreferrer noopener\">hace algunos meses<\/a>, el panorama era el de un aut\u00f3dromo completamente intervenido: monta\u00f1as de escombros, sectores demolidos, excavadoras y un movimiento constante de maquinaria pesada. En ese momento, el objetivo principal era adaptar el G\u00e1lvez a las exigencias de la Federaci\u00f3n Internacional de Motociclismo (FIM) para recibir nuevamente al MotoGP en 2027.<\/p>\n\n\n\n<p class=\"wp-block-paragraph\">Ahora el proyecto fue reformulado, con una variante de la que ya se hablaba pero que a\u00fan la Ciudad no le hab\u00eda pedido a Autopistas Urbanas (AUSA) que la ejecutara.<\/p>\n\n\n\n<p class=\"wp-block-paragraph\">La principal novedad pasa por&nbsp;<strong>la continuidad del trazado sobre el espacio que hoy ocupa el kart\u00f3dromo<\/strong>. Esa modificaci\u00f3n permitir\u00e1 prolongar la recta opuesta e incorporar una nueva horquilla, indispensable para alcanzar la configuraci\u00f3n que exige la FIA para un circuito Grado 1.<img loading=\"lazy\" decoding=\"async\" alt=\"As\u00ed est\u00e1 el G\u00e1lvez hoy. Las obras comenzaron en enero. Ya se ejecut\u00f3 el 60%.\" width=\"720\" height=\"480\" src=\"https:\/\/www.clarin.com\/img\/2026\/07\/29\/abTgD3b73_720x0__1.jpg\" title=\"El cambio clave en el G\u00e1lvez que acerca a Buenos Aires al regreso de la F\u00f3rmula 1\">As\u00ed est\u00e1 el G\u00e1lvez hoy. Las obras comenzaron en enero. Ya se ejecut\u00f3 el 60%.<\/p>\n\n\n\n<p class=\"wp-block-paragraph\">Como consecuencia de ese cambio, ya comenz\u00f3 la demolici\u00f3n de la tribuna ubicada en ese sector y el desmantelamiento del kart\u00f3dromo actual.<\/p>\n\n\n\n<p class=\"wp-block-paragraph\">En su lugar se construir\u00e1&nbsp;<strong>un nuevo circuito de karting<\/strong>, tambi\u00e9n dise\u00f1ado por la firma alemana Tilke Engineers &amp; Architects -responsable del dise\u00f1o de buena parte de los aut\u00f3dromos que hoy integran el calendario de la F1- y con homologaci\u00f3n internacional. Mientras duren los trabajos funcionar\u00e1&nbsp;<strong>un kart\u00f3dromo provisorio<\/strong>&nbsp;para mantener la actividad deportiva.<\/p>\n\n\n\n<h2 class=\"wp-block-heading\">La nueva cara del G\u00e1lvez<\/h2>\n\n\n\n<p class=\"wp-block-paragraph\">La transformaci\u00f3n ya empieza a notarse en distintos sectores del predio.<\/p>\n\n\n\n<p class=\"wp-block-paragraph\">Sobre la futura pista comenzaron a instalarse&nbsp;<strong>los pianos de hormig\u00f3n<\/strong>&nbsp;que delimitar\u00e1n el trazado definitivo y tambi\u00e9n aparecieron los primeros sectores asfaltados, utilizados para realizar las pruebas previas antes de colocar la carpeta de rodamiento final.<\/p>\n\n\n\n<p class=\"wp-block-paragraph\">Al mismo tiempo contin\u00faan los movimientos de suelo, la construcci\u00f3n de las calles de servicio y del shortcut -el atajo interno que conectar\u00e1 distintos sectores del circuito-, adem\u00e1s de los muros de contenci\u00f3n y de toda la infraestructura hidr\u00e1ulica necesaria para evitar anegamientos durante lluvias intensas.<\/p>\n\n\n\n<p class=\"wp-block-paragraph\">Uno de los avances m\u00e1s visibles se encuentra a la altura de la&nbsp;<strong>curva 1, donde ya toma forma el nuevo t\u00fanel que unir\u00e1 el acceso por la avenida Roca con el paddock&nbsp;<\/strong>sin interferir con la actividad en pista. La losa superior ya fue hormigonada y estar\u00e1 preparada para soportar tr\u00e1nsito pesado.<\/p>\n\n\n\n<h2 class=\"wp-block-heading\">Boxes, m\u00e1s seguridad y velocidades de hasta 340 km\/h<\/h2>\n\n\n\n<p class=\"wp-block-paragraph\"><img loading=\"lazy\" decoding=\"async\" alt=\"As\u00ed est\u00e1 el G\u00e1lvez hoy. Las obras comenzaron en enero. Ya se ejecut\u00f3 el 60%.\" width=\"720\" height=\"480\" src=\"https:\/\/www.clarin.com\/img\/2026\/07\/29\/Wt4L_whm3_720x0__1.jpg\" title=\"El cambio clave en el G\u00e1lvez que acerca a Buenos Aires al regreso de la F\u00f3rmula 1\">As\u00ed est\u00e1 el G\u00e1lvez hoy. Las obras comenzaron en enero. Ya se ejecut\u00f3 el 60%.<\/p>\n\n\n\n<p class=\"wp-block-paragraph\">La obra tambi\u00e9n incluye una renovaci\u00f3n completa del paddock y de los edificios principales.<\/p>\n\n\n\n<p class=\"wp-block-paragraph\">El&nbsp;<strong>edificio de boxes<\/strong>&nbsp;ya comenz\u00f3 a ganar altura con el montaje de vigas y losas premoldeadas, mientras que el&nbsp;<em>Race Control<\/em>&nbsp;avanza con trabajos de alba\u00f1iler\u00eda, instalaciones el\u00e9ctricas, aire acondicionado y ascensores.<\/p>\n\n\n\n<p class=\"wp-block-paragraph\">En paralelo se ampliar\u00e1 la calle de boxes, se construir\u00e1 un muro de boxes y se incorporar\u00e1n sistemas electr\u00f3nicos de sem\u00e1foros y banderas LED homologados tanto por la FIA como por la Federaci\u00f3n Internacional de Motociclismo.<\/p>\n\n\n\n<p class=\"wp-block-paragraph\">Como ya se hab\u00eda informado, la configuraci\u00f3n destinada al MotoGP tendr\u00e1 una extensi\u00f3n de 4,3 kil\u00f3metros y 14 curvas, mientras que la variante para la F\u00f3rmula 1 llegar\u00e1 a los 4,87 kil\u00f3metros con 15 curvas. La recta principal tendr\u00e1 15 metros de ancho -18 en el ingreso a la curva 1- y permitir\u00e1 que&nbsp;<strong>un F\u00f3rmula 1 alcance velocidades cercanas a los 340 kil\u00f3metros por hora<\/strong>.<\/p>\n\n\n\n<p class=\"wp-block-paragraph\">Seg\u00fan inform\u00f3 la Ciudad, una vez terminadas las obras el Oscar y Juan G\u00e1lvez tendr\u00e1 capacidad para recibir&nbsp;<strong>hasta 150.000 espectadores por jornada<\/strong>.<\/p>\n\n\n\n<p class=\"wp-block-paragraph\"><em>&#8220;Cada paso que damos en la transformaci\u00f3n del Aut\u00f3dromo Oscar y Juan G\u00e1lvez nos acerca al objetivo de volver a poner a Buenos Aires en el centro del automovilismo mundial. Estamos invirtiendo en infraestructura de primer nivel para que la Ciudad vuelva a ser sede de los grandes eventos internacionales y para que miles de vecinos puedan disfrutar de un aut\u00f3dromo moderno, seguro y con proyecci\u00f3n de futuro&#8221;<\/em>, sostuvo el secretario de Deportes porte\u00f1o,&nbsp;<strong>Fabi\u00e1n &#8220;Chino&#8221; Turnes<\/strong>.<\/p>\n\n\n\n<p class=\"wp-block-paragraph\">Las obras comenzaron en enero y las primeras etapas finalizar\u00e1n hacia fin de a\u00f1o. Despu\u00e9s continuar\u00e1n otras intervenciones ya licitadas, como la construcci\u00f3n de un nuevo cerco perimetral, la renovaci\u00f3n de sanitarios, la puesta en valor de las tribunas y la incorporaci\u00f3n de accesos al predio.<\/p>\n\n\n\n<p class=\"wp-block-paragraph\">Fuente<a href=\"https:\/\/www.clarin.com\/\">: Clar\u00edn.com<\/a><\/p>","protected":false},"excerpt":{"rendered":"<p>La remodelaci\u00f3n del&nbsp;Aut\u00f3dromo Oscar y Juan G\u00e1lvez&nbsp;dio un paso que cambia el alcance del proyecto. Lo que comenz\u00f3 en enero como una obra destinada a recuperar al&nbsp;MotoGP&nbsp;sum\u00f3 ahora un objetivo todav\u00eda m\u00e1s ambicioso: adaptar el circuito para que pueda aspirar a la homologaci\u00f3n FIA Grado 1,&nbsp;la certificaci\u00f3n t\u00e9cnica necesaria para recibir a la F\u00f3rmula 1. [&hellip;]<\/p>\n","protected":false},"author":9,"featured_media":140365,"comment_status":"open","ping_status":"open","sticky":false,"template":"","format":"standard","meta":{"site-sidebar-layout":"default","site-content-layout":"","ast-site-content-layout":"default","site-content-style":"default","site-sidebar-style":"default","ast-global-header-display":"","ast-banner-title-visibility":"","ast-main-header-display":"","ast-hfb-above-header-display":"","ast-hfb-below-header-display":"","ast-hfb-mobile-header-display":"","site-post-title":"","ast-breadcrumbs-content":"","ast-featured-img":"","footer-sml-layout":"","ast-disable-related-posts":"","theme-transparent-header-meta":"","adv-header-id-meta":"","stick-header-meta":"","header-above-stick-meta":"","header-main-stick-meta":"","header-below-stick-meta":"","astra-migrate-meta-layouts":"default","ast-page-background-enabled":"default","ast-page-background-meta":{"desktop":{"background-color":"","background-image":"","background-repeat":"repeat","background-position":"center center","background-size":"auto","background-attachment":"scroll","background-type":"","background-media":"","overlay-type":"","overlay-color":"","overlay-opacity":"","overlay-gradient":""},"tablet":{"background-color":"","background-image":"","background-repeat":"repeat","background-position":"center center","background-size":"auto","background-attachment":"scroll","background-type":"","background-media":"","overlay-type":"","overlay-color":"","overlay-opacity":"","overlay-gradient":""},"mobile":{"background-color":"","background-image":"","background-repeat":"repeat","background-position":"center center","background-size":"auto","background-attachment":"scroll","background-type":"","background-media":"","overlay-type":"","overlay-color":"","overlay-opacity":"","overlay-gradient":""}},"ast-content-background-meta":{"desktop":{"background-color":"var(--ast-global-color-5)","background-image":"","background-repeat":"repeat","background-position":"center center","background-size":"auto","background-attachment":"scroll","background-type":"","background-media":"","overlay-type":"","overlay-color":"","overlay-opacity":"","overlay-gradient":""},"tablet":{"background-color":"var(--ast-global-color-5)","background-image":"","background-repeat":"repeat","background-position":"center center","background-size":"auto","background-attachment":"scroll","background-type":"","background-media":"","overlay-type":"","overlay-color":"","overlay-opacity":"","overlay-gradient":""},"mobile":{"background-color":"var(--ast-global-color-5)","background-image":"","background-repeat":"repeat","background-position":"center center","background-size":"auto","background-attachment":"scroll","background-type":"","background-media":"","overlay-type":"","overlay-color":"","overlay-opacity":"","overlay-gradient":""}},"footnotes":""},"categories":[11],"tags":[],"class_list":["post-140364","post","type-post","status-publish","format-standard","has-post-thumbnail","hentry","category-deportes"],"spectra_blocks_featured_image_url":{"thumbnail":{"url":"https:\/\/100xd.com.ar\/wp-content\/uploads\/2026\/07\/autodromo-150x150.jpg","width":150,"height":150},"medium":{"url":"https:\/\/100xd.com.ar\/wp-content\/uploads\/2026\/07\/autodromo-300x169.jpg","width":300,"height":169},"medium_large":{"url":"https:\/\/100xd.com.ar\/wp-content\/uploads\/2026\/07\/autodromo.jpg","width":720,"height":405},"large":{"url":"https:\/\/100xd.com.ar\/wp-content\/uploads\/2026\/07\/autodromo.jpg","width":720,"height":405},"full":{"url":"https:\/\/100xd.com.ar\/wp-content\/uploads\/2026\/07\/autodromo.jpg","width":720,"height":405}},"spectra_blocks_author_info":{"display_name":"Jorge Alfredo Baret","avatar_url":"https:\/\/secure.gravatar.com\/avatar\/31696f5ca83439b642450ec7d3f82f98451a5efacb414343d5478c982b337f26?s=96&d=mm&r=g","author_link":"https:\/\/100xd.com.ar\/en\/author\/jorge\/","description":"Ingeniero Qu\u00edmico UTN - Director Apoderado de Comunicaciones Auditadas SA. Editor Responsable 100xd.com.ar."},"_links":{"self":[{"href":"https:\/\/100xd.com.ar\/en\/wp-json\/wp\/v2\/posts\/140364","targetHints":{"allow":["GET"]}}],"collection":[{"href":"https:\/\/100xd.com.ar\/en\/wp-json\/wp\/v2\/posts"}],"about":[{"href":"https:\/\/100xd.com.ar\/en\/wp-json\/wp\/v2\/types\/post"}],"author":[{"embeddable":true,"href":"https:\/\/100xd.com.ar\/en\/wp-json\/wp\/v2\/users\/9"}],"replies":[{"embeddable":true,"href":"https:\/\/100xd.com.ar\/en\/wp-json\/wp\/v2\/comments?post=140364"}],"version-history":[{"count":1,"href":"https:\/\/100xd.com.ar\/en\/wp-json\/wp\/v2\/posts\/140364\/revisions"}],"predecessor-version":[{"id":140366,"href":"https:\/\/100xd.com.ar\/en\/wp-json\/wp\/v2\/posts\/140364\/revisions\/140366"}],"wp:featuredmedia":[{"embeddable":true,"href":"https:\/\/100xd.com.ar\/en\/wp-json\/wp\/v2\/media\/140365"}],"wp:attachment":[{"href":"https:\/\/100xd.com.ar\/en\/wp-json\/wp\/v2\/media?parent=140364"}],"wp:term":[{"taxonomy":"category","embeddable":true,"href":"https:\/\/100xd.com.ar\/en\/wp-json\/wp\/v2\/categories?post=140364"},{"taxonomy":"post_tag","embeddable":true,"href":"https:\/\/100xd.com.ar\/en\/wp-json\/wp\/v2\/tags?post=140364"}],"curies":[{"name":"wp","href":"https:\/\/api.w.org\/{rel}","templated":true}]}}