{"id":138314,"date":"2026-07-02T13:18:18","date_gmt":"2026-07-02T16:18:18","guid":{"rendered":"https:\/\/100xd.com.ar\/?p=138314"},"modified":"2026-07-02T13:18:18","modified_gmt":"2026-07-02T16:18:18","slug":"paoltroni-aseguro-que-el-oficialismo-trabaja-para-tratar-la-reforma-electoral-este-mes","status":"publish","type":"post","link":"https:\/\/100xd.com.ar\/en\/paoltroni-aseguro-que-el-oficialismo-trabaja-para-tratar-la-reforma-electoral-este-mes\/","title":{"rendered":"Paoltroni asegur\u00f3 que el oficialismo trabaja para tratar la reforma electoral este mes"},"content":{"rendered":"<p class=\"wp-block-paragraph\">El Senado argentino se prepara para debatir la&nbsp;<a rel=\"noreferrer noopener\" href=\"https:\/\/www.infobae.com\/politica\/2026\/07\/02\/el-gobierno-pone-a-prueba-la-nueva-etapa-de-dialogo-con-los-aliados-las-diferencias-por-la-reforma-politica\/\" target=\"_blank\"><strong>Ley de Reforma Electoral<\/strong><\/a>, centrada en la posible&nbsp;<strong>eliminaci\u00f3n de las PASO<\/strong>&nbsp;y nuevas reglas sobre candidaturas y financiamiento. El gobierno impulsa la medida como&nbsp;<a rel=\"noreferrer noopener\" href=\"https:\/\/www.infobae.com\/politica\/2026\/07\/02\/el-gobierno-busca-mover-la-primera-pieza-del-plan-reeleccionista-mientras-sigue-el-ruido-por-el-caso-adorni\/\" target=\"_blank\"><strong>prioridad legislativa<\/strong><\/a>&nbsp;y busca consenso pol\u00edtico con gobernadores y aliados para avanzar en el Congreso. As\u00ed lo afirm\u00f3 en di\u00e1logo con&nbsp;<em>Infobae Al Amanecer<\/em>&nbsp;<strong>Francisco Paoltroni, senador por La Libertad Avanza.<\/strong><a href=\"https:\/\/www.infobae.com\/politica\/2026\/07\/02\/el-lado-b-del-ascenso-de-santilli-la-jugada-del-pj-que-altera-los-planes-2027-y-los-peligros-de-la-silla-electrica\/\" target=\"_blank\" rel=\"noreferrer noopener\">Te puede interesar:<strong>El lado B del ascenso de Santilli: la jugada del PJ que altera los planes 2027 y los peligros de la \u201csilla el\u00e9ctrica\u201d<\/strong><\/a><\/p>\n\n\n\n<p class=\"wp-block-paragraph\">La\u00a0<strong>Ley de Reforma Electoral<\/strong>\u00a0propone la eliminaci\u00f3n de las\u00a0<strong>Primarias Abiertas, Simult\u00e1neas y Obligatorias (PASO)<\/strong>, as\u00ed como otras modificaciones al sistema pol\u00edtico. El proyecto, impulsado por la administraci\u00f3n nacional, busca implementarse el pr\u00f3ximo a\u00f1o. El gobierno considera urgente la discusi\u00f3n y apunta a<strong>\u00a0lograr el respaldo de los gobernadores aliados para asegurar la votaci\u00f3n favorable.<\/strong><\/p>\n\n\n\n<p class=\"wp-block-paragraph\">La presidencia, seg\u00fan Paoltroni, instruy\u00f3 a los legisladores a dar m\u00e1xima relevancia a este proyecto, que tambi\u00e9n incluye la&nbsp;<strong>Ley de Ficha Limpia<\/strong>&nbsp;y nuevas restricciones para candidatos condenados. El oficialismo considera que<strong>&nbsp;el debate debe resolverse antes del receso invernal<\/strong>&nbsp;para evitar retrasos en la agenda parlamentaria.<a href=\"https:\/\/www.infobae.com\/politica\/2026\/07\/02\/el-diputado-esteban-paulon-propuso-declarar-de-interes-publico-al-documental-amor-trava\/\" target=\"_blank\" rel=\"noreferrer noopener\">Te puede interesar:<strong>El diputado Esteban Paul\u00f3n propuso declarar de inter\u00e9s p\u00fablico al documental \u201cAmor trava\u201d<\/strong><\/a><\/p>\n\n\n\n<p class=\"wp-block-paragraph\">Paoltroni detall\u00f3 que la posibilidad de sesionar depende de la convocatoria a labor parlamentaria por parte de la vicepresidenta\u00a0<strong>Victoria Villarruel<\/strong>. La intenci\u00f3n original era sesionar el mi\u00e9rcoles pr\u00f3ximo, pero la agenda podr\u00eda postergarse hasta el\u00a0<strong>jueves 16<\/strong>, lo que acerca los tiempos al receso de invierno y podr\u00eda trasladar el debate a agosto.<img loading=\"lazy\" decoding=\"async\" height=\"394\" width=\"785\" alt=\"(Infobae en Vivo)\" src=\"https:\/\/www.infobae.com\/resizer\/v2\/HDYIPXWPXBDGDKCK4WZ5EJT6SA.png?auth=e442b42b5c451fa972aea0d446ed79c38a28ffb8e9af69d297b9da673769c7f6&amp;smart=true&amp;width=350&amp;height=176&amp;quality=85\" title=\"Paoltroni asegur\u00f3 que el oficialismo trabaja para tratar la reforma electoral este mes\">Francisco Paoltroni asegur\u00f3 que el oficialismo busca tratar este mes la reforma electoral antes del receso invernal (Infobae en Vivo)<\/p>\n\n\n\n<h2 class=\"wp-block-heading\" id=\"reforma-electoral-y-foco-en-la-eliminacion-de-las-paso\">Reforma electoral y foco en la eliminaci\u00f3n de las PASO<\/h2>\n\n\n\n<p class=\"wp-block-paragraph\">El proyecto de reforma electoral no solo plantea la eliminaci\u00f3n de las PASO. Tambi\u00e9n abarca el&nbsp;<strong>financiamiento de campa\u00f1as pol\u00edticas&nbsp;<\/strong>y la&nbsp;<strong>ley de ficha limpia<\/strong>, que impedir\u00eda postularse a personas con condenas firmes. Seg\u00fan Paoltroni, \u201cpara ficha limpia ya est\u00e1 el consenso hace tiempo, lo que pasa es que no se la quiere desarmar a la ley\u201d. As\u00ed, \u201cimpulsarla lo m\u00e1s pura de c\u00f3mo ingres\u00f3 al Congreso\u201d, indic\u00f3.<a href=\"https:\/\/www.infobae.com\/politica\/2026\/07\/02\/en-casa-rosada-explicaron-a-que-se-debe-la-suba-del-dolar-y-afirman-que-el-credito-volvera-con-la-baja-de-la-inflacion\/\" target=\"_blank\" rel=\"noreferrer noopener\">Te puede interesar:<strong>En Casa Rosada explicaron a qu\u00e9 se debe la suba del d\u00f3lar y afirman que el cr\u00e9dito volver\u00e1 con la baja de la inflaci\u00f3n<\/strong><\/a><\/p>\n\n\n\n<p class=\"wp-block-paragraph\">El senador remarc\u00f3 que la prioridad del Ejecutivo se centra en la suspensi\u00f3n o eliminaci\u00f3n de las PASO. Paoltroni afirm\u00f3: \u201c<strong>La suspensi\u00f3n o eliminaci\u00f3n de las PASO es determinante para buscar un gran ahorro<\/strong>, una gran econom\u00eda, pero sobre todo este freno que se pone el pa\u00eds cada vez que tiene un proceso electoral\u201d. El legislador explic\u00f3 que la medida busca reducir el impacto econ\u00f3mico de los a\u00f1os electorales y optimizar el funcionamiento institucional.<\/p>\n\n\n\n<p class=\"wp-block-paragraph\">Fuente:<a href=\"https:\/\/www.infobae.com\/\"> Infobae.com<\/a><\/p>","protected":false},"excerpt":{"rendered":"<p>El Senado argentino se prepara para debatir la&nbsp;Ley de Reforma Electoral, centrada en la posible&nbsp;eliminaci\u00f3n de las PASO&nbsp;y nuevas reglas sobre candidaturas y financiamiento. El gobierno impulsa la medida como&nbsp;prioridad legislativa&nbsp;y busca consenso pol\u00edtico con gobernadores y aliados para avanzar en el Congreso. As\u00ed lo afirm\u00f3 en di\u00e1logo con&nbsp;Infobae Al Amanecer&nbsp;Francisco Paoltroni, senador por La [&hellip;]<\/p>\n","protected":false},"author":9,"featured_media":138315,"comment_status":"open","ping_status":"open","sticky":false,"template":"","format":"standard","meta":{"site-sidebar-layout":"default","site-content-layout":"","ast-site-content-layout":"default","site-content-style":"default","site-sidebar-style":"default","ast-global-header-display":"","ast-banner-title-visibility":"","ast-main-header-display":"","ast-hfb-above-header-display":"","ast-hfb-below-header-display":"","ast-hfb-mobile-header-display":"","site-post-title":"","ast-breadcrumbs-content":"","ast-featured-img":"","footer-sml-layout":"","ast-disable-related-posts":"","theme-transparent-header-meta":"","adv-header-id-meta":"","stick-header-meta":"","header-above-stick-meta":"","header-main-stick-meta":"","header-below-stick-meta":"","astra-migrate-meta-layouts":"default","ast-page-background-enabled":"default","ast-page-background-meta":{"desktop":{"background-color":"","background-image":"","background-repeat":"repeat","background-position":"center center","background-size":"auto","background-attachment":"scroll","background-type":"","background-media":"","overlay-type":"","overlay-color":"","overlay-opacity":"","overlay-gradient":""},"tablet":{"background-color":"","background-image":"","background-repeat":"repeat","background-position":"center center","background-size":"auto","background-attachment":"scroll","background-type":"","background-media":"","overlay-type":"","overlay-color":"","overlay-opacity":"","overlay-gradient":""},"mobile":{"background-color":"","background-image":"","background-repeat":"repeat","background-position":"center center","background-size":"auto","background-attachment":"scroll","background-type":"","background-media":"","overlay-type":"","overlay-color":"","overlay-opacity":"","overlay-gradient":""}},"ast-content-background-meta":{"desktop":{"background-color":"var(--ast-global-color-5)","background-image":"","background-repeat":"repeat","background-position":"center center","background-size":"auto","background-attachment":"scroll","background-type":"","background-media":"","overlay-type":"","overlay-color":"","overlay-opacity":"","overlay-gradient":""},"tablet":{"background-color":"var(--ast-global-color-5)","background-image":"","background-repeat":"repeat","background-position":"center center","background-size":"auto","background-attachment":"scroll","background-type":"","background-media":"","overlay-type":"","overlay-color":"","overlay-opacity":"","overlay-gradient":""},"mobile":{"background-color":"var(--ast-global-color-5)","background-image":"","background-repeat":"repeat","background-position":"center center","background-size":"auto","background-attachment":"scroll","background-type":"","background-media":"","overlay-type":"","overlay-color":"","overlay-opacity":"","overlay-gradient":""}},"footnotes":""},"categories":[2],"tags":[],"class_list":["post-138314","post","type-post","status-publish","format-standard","has-post-thumbnail","hentry","category-politica"],"spectra_blocks_featured_image_url":{"thumbnail":{"url":"https:\/\/100xd.com.ar\/wp-content\/uploads\/2026\/07\/senador-150x150.jpg","width":150,"height":150},"medium":{"url":"https:\/\/100xd.com.ar\/wp-content\/uploads\/2026\/07\/senador-300x151.jpg","width":300,"height":151},"medium_large":{"url":"https:\/\/100xd.com.ar\/wp-content\/uploads\/2026\/07\/senador-768x386.jpg","width":768,"height":386},"large":{"url":"https:\/\/100xd.com.ar\/wp-content\/uploads\/2026\/07\/senador.jpg","width":992,"height":498},"full":{"url":"https:\/\/100xd.com.ar\/wp-content\/uploads\/2026\/07\/senador.jpg","width":992,"height":498}},"spectra_blocks_author_info":{"display_name":"Jorge Alfredo Baret","avatar_url":"https:\/\/secure.gravatar.com\/avatar\/31696f5ca83439b642450ec7d3f82f98451a5efacb414343d5478c982b337f26?s=96&d=mm&r=g","author_link":"https:\/\/100xd.com.ar\/en\/author\/jorge\/","description":"Ingeniero Qu\u00edmico UTN - Director Apoderado de Comunicaciones Auditadas SA. Editor Responsable 100xd.com.ar."},"_links":{"self":[{"href":"https:\/\/100xd.com.ar\/en\/wp-json\/wp\/v2\/posts\/138314","targetHints":{"allow":["GET"]}}],"collection":[{"href":"https:\/\/100xd.com.ar\/en\/wp-json\/wp\/v2\/posts"}],"about":[{"href":"https:\/\/100xd.com.ar\/en\/wp-json\/wp\/v2\/types\/post"}],"author":[{"embeddable":true,"href":"https:\/\/100xd.com.ar\/en\/wp-json\/wp\/v2\/users\/9"}],"replies":[{"embeddable":true,"href":"https:\/\/100xd.com.ar\/en\/wp-json\/wp\/v2\/comments?post=138314"}],"version-history":[{"count":1,"href":"https:\/\/100xd.com.ar\/en\/wp-json\/wp\/v2\/posts\/138314\/revisions"}],"predecessor-version":[{"id":138316,"href":"https:\/\/100xd.com.ar\/en\/wp-json\/wp\/v2\/posts\/138314\/revisions\/138316"}],"wp:featuredmedia":[{"embeddable":true,"href":"https:\/\/100xd.com.ar\/en\/wp-json\/wp\/v2\/media\/138315"}],"wp:attachment":[{"href":"https:\/\/100xd.com.ar\/en\/wp-json\/wp\/v2\/media?parent=138314"}],"wp:term":[{"taxonomy":"category","embeddable":true,"href":"https:\/\/100xd.com.ar\/en\/wp-json\/wp\/v2\/categories?post=138314"},{"taxonomy":"post_tag","embeddable":true,"href":"https:\/\/100xd.com.ar\/en\/wp-json\/wp\/v2\/tags?post=138314"}],"curies":[{"name":"wp","href":"https:\/\/api.w.org\/{rel}","templated":true}]}}