{"id":137030,"date":"2026-06-11T11:48:09","date_gmt":"2026-06-11T14:48:09","guid":{"rendered":"https:\/\/100xd.com.ar\/?p=137030"},"modified":"2026-06-11T11:48:09","modified_gmt":"2026-06-11T14:48:09","slug":"reforma-laboral-el-gobierno-amplio-a-446-la-cantidad-de-convenios-colectivos-que-deberan-renegociar-empresarios-y-sindicalistas","status":"publish","type":"post","link":"https:\/\/100xd.com.ar\/en\/reforma-laboral-el-gobierno-amplio-a-446-la-cantidad-de-convenios-colectivos-que-deberan-renegociar-empresarios-y-sindicalistas\/","title":{"rendered":"Reforma laboral: el Gobierno ampli\u00f3 a 446 la cantidad de convenios colectivos que deber\u00e1n renegociar empresarios y sindicalistas"},"content":{"rendered":"<p class=\"wp-block-paragraph\">El Gobierno&nbsp;<strong>revis\u00f3&nbsp;<\/strong>su decisi\u00f3n de intimar a que se&nbsp;<strong>renegocien 150 convenios colectivos de trabajo que est\u00e1n vencidos<\/strong>&nbsp;y que, seg\u00fan la Ley de Modernizaci\u00f3n Laboral, deber\u00e1n ser actualizados: acaba de anunciarse oficialmente que&nbsp;<strong>la medida alcanza a 446 convenios<\/strong>.<a href=\"https:\/\/www.infobae.com\/politica\/2026\/06\/11\/villarruel-dijo-que-no-le-cree-a-adorni-me-parece-una-verguenza-su-accionar\/\" target=\"_blank\" rel=\"noreferrer noopener\">Te puede interesar:<strong>Villarruel dijo que no le cree a Adorni: \u201cMe parece una verg\u00fcenza su accionar\u201d<\/strong><\/a><\/p>\n\n\n\n<p class=\"wp-block-paragraph\">Se trata de uno de los principales efectos de la reglamentaci\u00f3n de la reforma laboral que puso en marcha este jueves el secretario de Trabajo,\u00a0<strong>Julio Cordero,<\/strong>\u00a0quien\u00a0<strong>intimar\u00e1\u00a0<\/strong>a empresarios y sindicalistas a rediscutir las cl\u00e1usulas de los 446 convenios vinculadas con las\u00a0<strong>condiciones de trabajo<\/strong>\u00a0y con las\u00a0<strong>cuotas solidarias o aportes compulsivos\u00a0<\/strong>pactados entre las partes.<\/p>\n\n\n\n<p class=\"wp-block-paragraph\">Esta extensi\u00f3n de la cantidad de convenios que deber\u00e1n negociarse nuevamente responde a la interpretaci\u00f3n estricta de lo establecido en la Ley 27.802 de Modernizaci\u00f3n Laboral, que dinamit\u00f3 la&nbsp;<strong>ultraactividad,&nbsp;<\/strong>el principio previsto en la legislaci\u00f3n hasta ahora, que sosten\u00eda la vigencia de un convenio colectivo&nbsp;<strong>aun despu\u00e9s de haber vencido&nbsp;<\/strong>hasta que sea reemplazado por uno nuevo. En la pr\u00e1ctica, evitaba que los trabajadores perdieran derechos adquiridos si las negociaciones se estancaban, y era considerada por los gremios una&nbsp;<strong>garant\u00eda clave de estabilidad laboral.<\/strong><a href=\"https:\/\/www.infobae.com\/politica\/2026\/06\/11\/la-incomodidad-en-el-gabinete-por-adorni-y-la-tension-por-las-definiciones-electorales\/\" target=\"_blank\" rel=\"noreferrer noopener\">Te puede interesar:<strong>La incomodidad en el Gabinete por Adorni y la tensi\u00f3n por las definiciones electorales<\/strong><\/a><img loading=\"lazy\" decoding=\"async\" alt=\"Sandra Pettovello y Julio Cordero\" height=\"1237\" width=\"1920\" src=\"https:\/\/www.infobae.com\/resizer\/v2\/ZARZ6SSILVD7BD3OKPG6CGZ3HA.jpg?auth=3d7bc064a8bfc83ae4b5ed86d7276533de8863556d2970b89733c1ea13d4405b&amp;smart=true&amp;width=350&amp;height=225&amp;quality=85\" title=\"Reforma laboral: el Gobierno ampli\u00f3 a 446 la cantidad de convenios colectivos que deber\u00e1n renegociar empresarios y sindicalistas\">La ministra de Capital Humano, Sandra Pettovello, y el secretario de Trabajo, Julio Cordero<\/p>\n\n\n\n<p class=\"wp-block-paragraph\">La nueva ley, en realidad,\u00a0<strong>respeta la ultraactividad\u00a0<\/strong>para las denominadas\u00a0<strong>\u201ccl\u00e1usulas normativas<\/strong>\u201d que son las que definen condiciones de trabajo. El resto, que son las cl\u00e1usulas\u00a0<strong>\u201cobligacionales\u201d\u00a0<\/strong>(como cuotas solidarias y aportes especiales acordados entre empleadores y los sindicatos) se\u00a0<strong>caen\u00a0<\/strong>al vencimiento del convenio.<\/p>\n\n\n\n<p class=\"wp-block-paragraph\">Aun as\u00ed, en el decreto 407, que reglament\u00f3 la Ley 27.802, se abre la puerta para que en esta etapa de discusiones entre empresas y sindicatos&nbsp;<strong>se renegocien todas las clausulas posibles<\/strong>&nbsp;para modificar todo lo que haga falta en la actualidad y el futuro.<a href=\"https:\/\/www.infobae.com\/politica\/2026\/06\/11\/con-su-nueva-declaracion-jurada-manuel-adorni-contradijo-lo-que-habia-informado-en-el-congreso\/\" target=\"_blank\" rel=\"noreferrer noopener\">Te puede interesar:<strong>Con su nueva declaraci\u00f3n jurada, Manuel Adorni contradijo lo que hab\u00eda informado en el Congreso<\/strong><\/a><\/p>\n\n\n\n<p class=\"wp-block-paragraph\">En el comunicado publicado esta ma\u00f1ana en las redes sociales, el Ministerio de Capital Humano inform\u00f3 que, a trav\u00e9s de la Secretar\u00eda de Trabajo,<strong>\u00a0\u201cdio inicio al procedimiento<\/strong>\u00a0<strong>previsto en el art\u00edculo 137 de la Ley de Modernizaci\u00f3n Laboral N\u00b0 27.802,\u00a0<\/strong>con el objetivo de que las organizaciones sindicales y los sectores empleadores involucrados\u00a0<strong>comiencen las negociaciones colectivas correspondientes&#8221;.<\/strong><img loading=\"lazy\" decoding=\"async\" height=\"2383\" width=\"1920\" alt=\"ministra Sandra Pettovello\" src=\"https:\/\/www.infobae.com\/resizer\/v2\/4ASONCZKFRAMPOZSQ2ZWOYZ26M.jpg?auth=493f3befedcafbc88e10151f483ae847f8c3ca1eff969c75356d10458595aaf0&amp;smart=true&amp;width=350&amp;height=434&amp;quality=85\" title=\"Reforma laboral: el Gobierno ampli\u00f3 a 446 la cantidad de convenios colectivos que deber\u00e1n renegociar empresarios y sindicalistas\">El comunicado del Ministerio de Capital Humano para anunciar el llamado a renegociar 446 convenios colectivos de trabajo<\/p>\n\n\n\n<p class=\"wp-block-paragraph\">\u201cLa medida alcanza a&nbsp;<strong>446 convenios colectivos de trabajo&nbsp;<\/strong>que, como consecuencia de&nbsp;<strong>la finalizaci\u00f3n del r\u00e9gimen de ultraactividad,&nbsp;<\/strong>deber\u00e1n ser objeto de&nbsp;<strong>nuevas negociaciones&nbsp;<\/strong>entre las organizaciones sindicales y los sectores empleadores\u201d, afirm\u00f3 el texto oficial.<\/p>\n\n\n\n<p class=\"wp-block-paragraph\">Finalmente, Capital Humano destac\u00f3 que \u201cla convocatoria se realiza teniendo en consideraci\u00f3n lo dispuesto por la nueva Ley de Modernizaci\u00f3n Laboral para&nbsp;<strong>fortalecer la negociaci\u00f3n colectiva&nbsp;<\/strong>y promover acuerdos entre trabajadores y empleadores que contribuyan al desarrollo de&nbsp;<strong>relaciones laborales modernas, previsibles y adaptadas a la realidad productiva de cada sector.<\/strong><\/p>\n\n\n\n<p class=\"wp-block-paragraph\">PUBLICIDAD<\/p>\n\n\n\n<p class=\"wp-block-paragraph\"><strong>Cr\u00edticas del sindicalismo<\/strong><\/p>\n\n\n\n<p class=\"wp-block-paragraph\">Un d\u00eda despu\u00e9s de oficializarse el decreto 407 que reglament\u00f3 la reforma laboral, la\u00a0<strong>CGT\u00a0<\/strong>rechaz\u00f3 su contenido porque \u201cel Poder Ejecutivo\u00a0<strong>pretende avanzar sobre derechos, instituciones y garant\u00edas\u00a0<\/strong>que forman parte del sistema de relaciones laborales y de la libertad sindical en nuestro pa\u00eds\u201d.<img loading=\"lazy\" decoding=\"async\" height=\"1312\" width=\"1920\" alt=\"Hombre de mediana edad hablando en un micr\u00f3fono en una conferencia. Otros delegados sentados cerca. Sala con paneles de madera y grandes ventanas\" src=\"https:\/\/www.infobae.com\/resizer\/v2\/NLZ737DHKNEUHAMD7IV7VX5SQI.jpg?auth=da28653e147c08df61d8ef57e4aa6cdd451b75860ec2b6c7aafde242935147da&amp;smart=true&amp;width=350&amp;height=239&amp;quality=85\" title=\"Reforma laboral: el Gobierno ampli\u00f3 a 446 la cantidad de convenios colectivos que deber\u00e1n renegociar empresarios y sindicalistas\">Jorge Sola, cotitular de la CGT, habla en la conferencia de la OIT acompa\u00f1ado por los dirigentes de las CTA Roberto Baradel y Daniel Jorajur\u00eda<\/p>\n\n\n\n<p class=\"wp-block-paragraph\">La CGT y las dos CTA celebraron en las \u00faltimas horas&nbsp;<a rel=\"noreferrer noopener\" href=\"https:\/\/www.infobae.com\/politica\/2026\/06\/10\/la-oit-insto-al-gobierno-de-milei-a-que-las-reformas-laborales-se-hagan-en-consulta-con-entidades-sindicales-y-empresariales\/\" target=\"_blank\">las conclusiones sobre el caso argentino<\/a>&nbsp;que brind\u00f3 la&nbsp;<strong>Comisi\u00f3n de Aplicaci\u00f3n de Normas de la OIT<\/strong>&nbsp;a partir de las&nbsp;<strong>denuncias sindicales<\/strong>&nbsp;contra la administraci\u00f3n libertaria: all\u00ed, el organismo internacional inst\u00f3 al gobierno argentino a&nbsp;<strong>adoptar \u201cmedidas inmediatas, efectivas y en un plazo determinado\u201d&nbsp;<\/strong>para \u201cgarantizar el buen funcionamiento de mecanismos de&nbsp;<strong>di\u00e1logo social tripartito adecuados y efectivos<\/strong>\u201cy \u201d<strong>velar porque las reformas laborales se desarrollen mediante consultas sustantivas con las organizaciones m\u00e1s representativas de los trabajadores y los empleadores\u201d.<\/strong><\/p>\n\n\n\n<p class=\"wp-block-paragraph\">\u201cEstas decisiones constituyen una<strong>\u00a0inaceptable intromisi\u00f3n en la vida interna de las organizaciones gremiales y afectan principios esenciales\u00a0<\/strong>reconocidos por nuestra Constituci\u00f3n Nacional y por los convenios internacionales de la Organizaci\u00f3n Internacional del Trabajo (OIT)\u201d, se\u00f1al\u00f3 la central obrera en un comunicado de prensa, en el que consider\u00f3 que \u201cresulta\u00a0<strong>inadmisible\u00a0<\/strong>que el Gobierno pretenda implementar una normativa en la cual\u00a0<strong>buena parte de sus disposiciones se encuentran cuestionadas judicialmente y sometidas a debate respecto de su constitucionalidad\u201d.<\/strong><\/p>\n\n\n\n<p class=\"wp-block-paragraph\">Fuente<a href=\"https:\/\/www.infobae.com\/\">: Infobae.,com<\/a><\/p>","protected":false},"excerpt":{"rendered":"<p>El Gobierno&nbsp;revis\u00f3&nbsp;su decisi\u00f3n de intimar a que se&nbsp;renegocien 150 convenios colectivos de trabajo que est\u00e1n vencidos&nbsp;y que, seg\u00fan la Ley de Modernizaci\u00f3n Laboral, deber\u00e1n ser actualizados: acaba de anunciarse oficialmente que&nbsp;la medida alcanza a 446 convenios.Te puede interesar:Villarruel dijo que no le cree a Adorni: \u201cMe parece una verg\u00fcenza su accionar\u201d Se trata de uno [&hellip;]<\/p>\n","protected":false},"author":9,"featured_media":137031,"comment_status":"open","ping_status":"open","sticky":false,"template":"","format":"standard","meta":{"site-sidebar-layout":"default","site-content-layout":"","ast-site-content-layout":"default","site-content-style":"default","site-sidebar-style":"default","ast-global-header-display":"","ast-banner-title-visibility":"","ast-main-header-display":"","ast-hfb-above-header-display":"","ast-hfb-below-header-display":"","ast-hfb-mobile-header-display":"","site-post-title":"","ast-breadcrumbs-content":"","ast-featured-img":"","footer-sml-layout":"","ast-disable-related-posts":"","theme-transparent-header-meta":"","adv-header-id-meta":"","stick-header-meta":"","header-above-stick-meta":"","header-main-stick-meta":"","header-below-stick-meta":"","astra-migrate-meta-layouts":"default","ast-page-background-enabled":"default","ast-page-background-meta":{"desktop":{"background-color":"","background-image":"","background-repeat":"repeat","background-position":"center center","background-size":"auto","background-attachment":"scroll","background-type":"","background-media":"","overlay-type":"","overlay-color":"","overlay-opacity":"","overlay-gradient":""},"tablet":{"background-color":"","background-image":"","background-repeat":"repeat","background-position":"center center","background-size":"auto","background-attachment":"scroll","background-type":"","background-media":"","overlay-type":"","overlay-color":"","overlay-opacity":"","overlay-gradient":""},"mobile":{"background-color":"","background-image":"","background-repeat":"repeat","background-position":"center center","background-size":"auto","background-attachment":"scroll","background-type":"","background-media":"","overlay-type":"","overlay-color":"","overlay-opacity":"","overlay-gradient":""}},"ast-content-background-meta":{"desktop":{"background-color":"var(--ast-global-color-5)","background-image":"","background-repeat":"repeat","background-position":"center center","background-size":"auto","background-attachment":"scroll","background-type":"","background-media":"","overlay-type":"","overlay-color":"","overlay-opacity":"","overlay-gradient":""},"tablet":{"background-color":"var(--ast-global-color-5)","background-image":"","background-repeat":"repeat","background-position":"center center","background-size":"auto","background-attachment":"scroll","background-type":"","background-media":"","overlay-type":"","overlay-color":"","overlay-opacity":"","overlay-gradient":""},"mobile":{"background-color":"var(--ast-global-color-5)","background-image":"","background-repeat":"repeat","background-position":"center center","background-size":"auto","background-attachment":"scroll","background-type":"","background-media":"","overlay-type":"","overlay-color":"","overlay-opacity":"","overlay-gradient":""}},"footnotes":""},"categories":[25],"tags":[],"class_list":["post-137030","post","type-post","status-publish","format-standard","has-post-thumbnail","hentry","category-destacado"],"spectra_blocks_featured_image_url":{"thumbnail":{"url":"https:\/\/100xd.com.ar\/wp-content\/uploads\/2026\/06\/sindicatos-150x150.jpg","width":150,"height":150},"medium":{"url":"https:\/\/100xd.com.ar\/wp-content\/uploads\/2026\/06\/sindicatos-300x200.jpg","width":300,"height":200},"medium_large":{"url":"https:\/\/100xd.com.ar\/wp-content\/uploads\/2026\/06\/sindicatos-768x512.jpg","width":768,"height":512},"large":{"url":"https:\/\/100xd.com.ar\/wp-content\/uploads\/2026\/06\/sindicatos.jpg","width":992,"height":661},"full":{"url":"https:\/\/100xd.com.ar\/wp-content\/uploads\/2026\/06\/sindicatos.jpg","width":992,"height":661}},"spectra_blocks_author_info":{"display_name":"Jorge Alfredo Baret","avatar_url":"https:\/\/secure.gravatar.com\/avatar\/31696f5ca83439b642450ec7d3f82f98451a5efacb414343d5478c982b337f26?s=96&d=mm&r=g","author_link":"https:\/\/100xd.com.ar\/en\/author\/jorge\/","description":"Ingeniero Qu\u00edmico UTN - Director Apoderado de Comunicaciones Auditadas SA. Editor Responsable 100xd.com.ar."},"_links":{"self":[{"href":"https:\/\/100xd.com.ar\/en\/wp-json\/wp\/v2\/posts\/137030","targetHints":{"allow":["GET"]}}],"collection":[{"href":"https:\/\/100xd.com.ar\/en\/wp-json\/wp\/v2\/posts"}],"about":[{"href":"https:\/\/100xd.com.ar\/en\/wp-json\/wp\/v2\/types\/post"}],"author":[{"embeddable":true,"href":"https:\/\/100xd.com.ar\/en\/wp-json\/wp\/v2\/users\/9"}],"replies":[{"embeddable":true,"href":"https:\/\/100xd.com.ar\/en\/wp-json\/wp\/v2\/comments?post=137030"}],"version-history":[{"count":1,"href":"https:\/\/100xd.com.ar\/en\/wp-json\/wp\/v2\/posts\/137030\/revisions"}],"predecessor-version":[{"id":137032,"href":"https:\/\/100xd.com.ar\/en\/wp-json\/wp\/v2\/posts\/137030\/revisions\/137032"}],"wp:featuredmedia":[{"embeddable":true,"href":"https:\/\/100xd.com.ar\/en\/wp-json\/wp\/v2\/media\/137031"}],"wp:attachment":[{"href":"https:\/\/100xd.com.ar\/en\/wp-json\/wp\/v2\/media?parent=137030"}],"wp:term":[{"taxonomy":"category","embeddable":true,"href":"https:\/\/100xd.com.ar\/en\/wp-json\/wp\/v2\/categories?post=137030"},{"taxonomy":"post_tag","embeddable":true,"href":"https:\/\/100xd.com.ar\/en\/wp-json\/wp\/v2\/tags?post=137030"}],"curies":[{"name":"wp","href":"https:\/\/api.w.org\/{rel}","templated":true}]}}