{"id":135974,"date":"2026-05-18T13:03:21","date_gmt":"2026-05-18T16:03:21","guid":{"rendered":"https:\/\/100xd.com.ar\/?p=135974"},"modified":"2026-05-18T13:03:21","modified_gmt":"2026-05-18T16:03:21","slug":"en-comodoro-py-esperan-que-manuel-adorni-entregue-su-declaracion-jurada-esta-semana","status":"publish","type":"post","link":"https:\/\/100xd.com.ar\/en\/en-comodoro-py-esperan-que-manuel-adorni-entregue-su-declaracion-jurada-esta-semana\/","title":{"rendered":"En Comodoro Py esperan que Manuel Adorni entregue su declaraci\u00f3n jurada esta semana"},"content":{"rendered":"<p class=\"wp-block-paragraph\">El juez&nbsp;<strong>Ariel Lijo<\/strong>&nbsp;y el fiscal federal&nbsp;<strong>Gerardo Pollicita<\/strong>&nbsp;esperan que&nbsp;<a target=\"_blank\" href=\"https:\/\/www.perfil.com\/noticias\/politica\/adorni-casi-no-comunica-de-una-conferencia-cada-tres-dias-en-2024-a-una-por-mes-en-2026.phtml\" rel=\"noreferrer noopener\"><strong>Manuel Adorni<\/strong><\/a>&nbsp;presente su declaraci\u00f3n jurada completa esta semana, seg\u00fan public\u00f3 la agencia&nbsp;<em>Noticias Argentinas<\/em>. Mientras tanto, pondr\u00e1n el foco en recopilar toda la informaci\u00f3n patrimonial, bancaria y de criptoactivos, antes de definir si llaman al jefe de Gabinete a declarar, formalmente, bajo la figura de indagatoria o informativa.<\/p>\n\n\n\n<p class=\"wp-block-paragraph\">Lijo y&nbsp;<a target=\"_blank\" href=\"https:\/\/www.perfil.com\/noticias\/judiciales\/por-pedido-de-la-justicia-un-organismo-especializado-revisara-los-numeros-de-manuel-adorni.phtml\" rel=\"noreferrer noopener\">Pollicita<\/a>&nbsp;se encuentran recopilando informaci\u00f3n sobre el patrimonio y otras cuestiones del jefe de Gabinete antes de definir si llaman al funcionario a declarar, formalmente, bajo la figura de&nbsp;<strong>indagatoria<\/strong>&nbsp;o&nbsp;<strong>informativa&nbsp;<\/strong>en el marco de la causa por&nbsp;<strong>presunto enriquecimiento il\u00edcito<\/strong>.<\/p>\n\n\n\n<p class=\"wp-block-paragraph\"><a target=\"_blank\" href=\"https:\/\/www.perfil.com\/noticias\/judiciales\/por-pedido-de-la-justicia-un-organismo-especializado-revisara-los-numeros-de-manuel-adorni.phtml\" rel=\"noreferrer noopener\">Por pedido de la Justicia, un organismo especializado revisar\u00e1 los n\u00fameros de Manuel Adorni<\/a>Esto no les gusta a los autoritariosEl ejercicio del periodismo profesional y cr\u00edtico es un pilar fundamental de la democracia. Por eso molesta a quienes creen ser los due\u00f1os de la verdad.Hoy m\u00e1s que nunca<a href=\"https:\/\/mi.perfil.com\/\">Suscribite<\/a><\/p>\n\n\n\n<p class=\"wp-block-paragraph\">En el contexto de la investigaci\u00f3n que envuelve al jefe de Gabinete, la Justicia tambi\u00e9n se encuentra analizando los testimonios del&nbsp;<strong><a target=\"_blank\" href=\"https:\/\/www.perfil.com\/noticias\/politica\/el-contratista-de-adorni-presento-nuevas-pruebas-ante-la-justicia-en-la-causa-por-enriquecimiento-ilicito.phtml\" rel=\"noreferrer noopener\">contratista Mat\u00edas Tabar<\/a>&nbsp;<\/strong>y&nbsp;<strong>Jos\u00e9 Rodr\u00edguez<\/strong>, ambos involucrados en las refacciones y en contratos de alquiler que Adorni pag\u00f3 desde octubre de 2023.<\/p>\n\n\n\n<p class=\"wp-block-paragraph\">Tanto Tabar como Rodr\u00edguez, propietario de una casa en el&nbsp;<strong>country Indio Cua<\/strong>&nbsp;de Exaltaci\u00f3n de la Cruz donde est\u00e1 la propiedad del funcionario, indicaron que recibieron&nbsp;<strong>cifras<\/strong>&nbsp;<strong>significativas<\/strong>&nbsp;<strong>en<\/strong>&nbsp;<strong>d\u00f3lares<\/strong>&nbsp;<strong>y<\/strong>&nbsp;<strong>efectivo<\/strong>&nbsp;y all\u00ed comenzaron las sospechas de posibles irregularidades.<\/p>\n\n\n\n<p class=\"wp-block-paragraph\">Seg\u00fan se indic\u00f3, el ingreso declarado por&nbsp;<a target=\"_blank\" href=\"https:\/\/www.perfil.com\/noticias\/politica\/matias-tabar-el-contratista-de-adorni-parece-que-los-unicos-dos-que-hemos-evadido-serian-manuel-y-yo.phtml\" rel=\"noreferrer noopener\">Adorni<\/a>, desde el inicio de la gesti\u00f3n del presidente&nbsp;<strong>Javier<\/strong>&nbsp;<strong>Milei<\/strong>, no coincidir\u00eda con el dinero invertido no solo en la propiedad y refacciones de la casa del country Indio Cua sino tambi\u00e9n en otras como el departamento de Caballito.<\/p>\n\n\n\n<figure data-spectra-id=\"spectra-652aa728-aa40-477d-96f5-df80249a1982\" class=\"wp-block-image\"><img decoding=\"async\" src=\"https:\/\/fotos.perfil.com\/\/2026\/03\/19\/900\/0\/la-casa-que-le-atribuyen-a-manuel-adorni-en-el-country-indio-cua-golf-club-ubicado-en-exaltacion-de-la-cruz-2206039.jpg?webp\" alt=\"La casa que le atribuyen a Manuel Adorni en el Country Indio Cu\u00e1 Golf Club ubicado en Exaltaci\u00f3n de la Cruz\" title=\"En Comodoro Py esperan que Manuel Adorni entregue su declaraci\u00f3n jurada esta semana\" \/><figcaption>La casa que se le atribuye a Manuel Adorni en el country Indio Cua.<\/figcaption><\/figure>\n\n\n\n<p class=\"wp-block-paragraph\">Por el momento, el funcionario fue intimado formalmente a entregar&nbsp;<strong>documentos&nbsp;<\/strong>que viene postergando incluso despu\u00e9s de haber sido advertido sobre su compleja&nbsp;<strong>situaci\u00f3n procesal<\/strong>&nbsp;y las posibles complicaciones en caso de no presentar a la brevedad la documentaci\u00f3n necesaria y completa.<\/p>\n\n\n\n<p class=\"wp-block-paragraph\">Actualmente, el avance de la causa gira en torno a las declaraciones de la escribana&nbsp;<strong>Adriana<\/strong>&nbsp;<strong>Nechevenko<\/strong>, quien firm\u00f3 la compra del departamento de Caballito; del contratista&nbsp;<strong>Tabar<\/strong>, quien confes\u00f3 el cobro de 245.000 d\u00f3lares sin factura; y de&nbsp;<strong>Jos\u00e9<\/strong>&nbsp;<strong>Rodr\u00edguez<\/strong>, el propietario que confirm\u00f3 que recibi\u00f3 el pago en efectivo de otros 21.000 d\u00f3lares por alquileres temporales en Exaltaci\u00f3n de la Cruz.<\/p>\n\n\n\n<h2 class=\"wp-block-heading\"><strong>Pol\u00e9mica por la declaraci\u00f3n jurada de Manuel Adorni<\/strong><\/h2>\n\n\n\n<p class=\"wp-block-paragraph\">La a\u00fan no presentada declaraci\u00f3n jurada del jefe de Gabinete se ha vuelto un tema de discusi\u00f3n en la interna libertaria, puntualmente luego de que la legisladora&nbsp;<strong>Patricia Bullrich<\/strong>&nbsp;pidiera que la presente cuanto antes y el presidente&nbsp;<strong>Javier Milei<\/strong>&nbsp;saliera a defender al funcionario asegurando que &#8220;los n\u00fameros est\u00e1n en orden&#8221;.<\/p>\n\n\n\n<p class=\"wp-block-paragraph\">A principios de mayo,&nbsp;<a target=\"_blank\" href=\"https:\/\/www.perfil.com\/noticias\/politica\/patricia-bullrich-en-modo-campana-portena.phtml\" rel=\"noreferrer noopener\">Bullrich<\/a>, a trav\u00e9s de una entrevista televisiva, pidi\u00f3 que Adorni presente su declaraci\u00f3n jurada&nbsp;<strong>&#8220;de inmediato&#8221;<\/strong>&nbsp;y ampli\u00f3: &#8220;<strong>Si ya tiene toda la informaci\u00f3n, no hay motivos para demorarlo.&nbsp;<\/strong>Ahora tiene que demostrarlo y cuanto antes lo haga, mejor para todos&#8221;.<\/p>\n\n\n\n<p class=\"wp-block-paragraph\">&#8220;<strong>Los n\u00fameros est\u00e1n en orden y van a ser presentados,<\/strong>&nbsp;as\u00ed que, digamos, ni siquiera a nosotros nos genera alguna preocupaci\u00f3n al respecto porque tiene todos los n\u00fameros en orden. As\u00ed que, digamos,&nbsp;<strong>es cuesti\u00f3n de d\u00edas<\/strong>&nbsp;que tengan los papeles&#8221;, lanz\u00f3 luego el presidente Milei al respecto del comentario de la legisladora.<\/p>\n\n\n\n<p class=\"wp-block-paragraph\"><a target=\"_blank\" href=\"https:\/\/www.perfil.com\/noticias\/politica\/manuel-adorni-la-justicia-investiga-movimientos-del-funcionario-en-criptomonedas.phtml\" rel=\"noreferrer noopener\">Manuel Adorni cercado: la Justicia investiga movimientos del funcionario en Criptomonedas<\/a><\/p>\n\n\n\n<p class=\"wp-block-paragraph\">El mandatario tambi\u00e9n deslegitim\u00f3 el reclamo de Bullrich, sosteniendo en aquel momento que &#8220;lo que hizo fue spoilear lo que efectivamente va a suceder&#8221;, en referencia a una presentaci\u00f3n anticipada de la declaraci\u00f3n jurada de&nbsp;<a target=\"_blank\" href=\"https:\/\/www.perfil.com\/noticias\/politica\/adorni-casi-no-comunica-de-una-conferencia-cada-tres-dias-en-2024-a-una-por-mes-en-2026.phtml\" rel=\"noreferrer noopener\">Adorni<\/a>&nbsp;<strong>antes del 31 de julio<\/strong>, lo que todav\u00eda no ocurri\u00f3 aunque todav\u00eda falte para la fecha l\u00edmite.<\/p>\n\n\n\n<p class=\"wp-block-paragraph\">En medio de la pol\u00e9mica, el jefe de Gabinete mantuvo una entrevista con Alejandro Fantino en la que advirti\u00f3 que no puede hablar de la causa ni dar explicaciones para no obstruir la investigaci\u00f3n, pero se refiri\u00f3 a los comentarios de Bullrich y se\u00f1al\u00f3: &#8220;Pato es una fen\u00f3mena.<strong>&nbsp;Spoile\u00f3 lo de la declaraci\u00f3n jurada porque todo el mundo sab\u00eda que la iba a presentar antes<\/strong><\/p>\n\n\n\n<p class=\"wp-block-paragraph\">&#8220;<strong>Si lo tendr\u00eda que haber dicho o no, es un tema que se puede charlar, pero, \u00bfc\u00f3mo lo voy a tomar mal?\u00a0<\/strong>Era algo que internamente sab\u00edamos todos&#8221;, insisti\u00f3 y, ante la pregunta sobre si efectivamente iba a presentar la declaraci\u00f3n jurada antes de tiempo, asegur\u00f3:\u00a0<strong>&#8220;S\u00ed, obvio&#8221;<\/strong>.<\/p>\n\n\n\n<p class=\"wp-block-paragraph\">Fuente:<a href=\"https:\/\/www.perfil.com\/\"> Perfil.com<\/a><\/p>","protected":false},"excerpt":{"rendered":"<p>El juez&nbsp;Ariel Lijo&nbsp;y el fiscal federal&nbsp;Gerardo Pollicita&nbsp;esperan que&nbsp;Manuel Adorni&nbsp;presente su declaraci\u00f3n jurada completa esta semana, seg\u00fan public\u00f3 la agencia&nbsp;Noticias Argentinas. Mientras tanto, pondr\u00e1n el foco en recopilar toda la informaci\u00f3n patrimonial, bancaria y de criptoactivos, antes de definir si llaman al jefe de Gabinete a declarar, formalmente, bajo la figura de indagatoria o informativa. Lijo [&hellip;]<\/p>\n","protected":false},"author":9,"featured_media":135975,"comment_status":"open","ping_status":"open","sticky":false,"template":"","format":"standard","meta":{"site-sidebar-layout":"default","site-content-layout":"","ast-site-content-layout":"default","site-content-style":"default","site-sidebar-style":"default","ast-global-header-display":"","ast-banner-title-visibility":"","ast-main-header-display":"","ast-hfb-above-header-display":"","ast-hfb-below-header-display":"","ast-hfb-mobile-header-display":"","site-post-title":"","ast-breadcrumbs-content":"","ast-featured-img":"","footer-sml-layout":"","ast-disable-related-posts":"","theme-transparent-header-meta":"","adv-header-id-meta":"","stick-header-meta":"","header-above-stick-meta":"","header-main-stick-meta":"","header-below-stick-meta":"","astra-migrate-meta-layouts":"default","ast-page-background-enabled":"default","ast-page-background-meta":{"desktop":{"background-color":"","background-image":"","background-repeat":"repeat","background-position":"center center","background-size":"auto","background-attachment":"scroll","background-type":"","background-media":"","overlay-type":"","overlay-color":"","overlay-opacity":"","overlay-gradient":""},"tablet":{"background-color":"","background-image":"","background-repeat":"repeat","background-position":"center center","background-size":"auto","background-attachment":"scroll","background-type":"","background-media":"","overlay-type":"","overlay-color":"","overlay-opacity":"","overlay-gradient":""},"mobile":{"background-color":"","background-image":"","background-repeat":"repeat","background-position":"center center","background-size":"auto","background-attachment":"scroll","background-type":"","background-media":"","overlay-type":"","overlay-color":"","overlay-opacity":"","overlay-gradient":""}},"ast-content-background-meta":{"desktop":{"background-color":"var(--ast-global-color-5)","background-image":"","background-repeat":"repeat","background-position":"center center","background-size":"auto","background-attachment":"scroll","background-type":"","background-media":"","overlay-type":"","overlay-color":"","overlay-opacity":"","overlay-gradient":""},"tablet":{"background-color":"var(--ast-global-color-5)","background-image":"","background-repeat":"repeat","background-position":"center center","background-size":"auto","background-attachment":"scroll","background-type":"","background-media":"","overlay-type":"","overlay-color":"","overlay-opacity":"","overlay-gradient":""},"mobile":{"background-color":"var(--ast-global-color-5)","background-image":"","background-repeat":"repeat","background-position":"center center","background-size":"auto","background-attachment":"scroll","background-type":"","background-media":"","overlay-type":"","overlay-color":"","overlay-opacity":"","overlay-gradient":""}},"footnotes":""},"categories":[25],"tags":[],"class_list":["post-135974","post","type-post","status-publish","format-standard","has-post-thumbnail","hentry","category-destacado"],"spectra_blocks_featured_image_url":{"thumbnail":{"url":"https:\/\/100xd.com.ar\/wp-content\/uploads\/2026\/05\/forro-1-150x150.webp","width":150,"height":150},"medium":{"url":"https:\/\/100xd.com.ar\/wp-content\/uploads\/2026\/05\/forro-1-300x169.webp","width":300,"height":169},"medium_large":{"url":"https:\/\/100xd.com.ar\/wp-content\/uploads\/2026\/05\/forro-1-768x432.webp","width":768,"height":432},"large":{"url":"https:\/\/100xd.com.ar\/wp-content\/uploads\/2026\/05\/forro-1.webp","width":987,"height":555},"full":{"url":"https:\/\/100xd.com.ar\/wp-content\/uploads\/2026\/05\/forro-1.webp","width":987,"height":555}},"spectra_blocks_author_info":{"display_name":"Jorge Alfredo Baret","avatar_url":"https:\/\/secure.gravatar.com\/avatar\/31696f5ca83439b642450ec7d3f82f98451a5efacb414343d5478c982b337f26?s=96&d=mm&r=g","author_link":"https:\/\/100xd.com.ar\/en\/author\/jorge\/","description":"Ingeniero Qu\u00edmico UTN - Director Apoderado de Comunicaciones Auditadas SA. Editor Responsable 100xd.com.ar."},"_links":{"self":[{"href":"https:\/\/100xd.com.ar\/en\/wp-json\/wp\/v2\/posts\/135974","targetHints":{"allow":["GET"]}}],"collection":[{"href":"https:\/\/100xd.com.ar\/en\/wp-json\/wp\/v2\/posts"}],"about":[{"href":"https:\/\/100xd.com.ar\/en\/wp-json\/wp\/v2\/types\/post"}],"author":[{"embeddable":true,"href":"https:\/\/100xd.com.ar\/en\/wp-json\/wp\/v2\/users\/9"}],"replies":[{"embeddable":true,"href":"https:\/\/100xd.com.ar\/en\/wp-json\/wp\/v2\/comments?post=135974"}],"version-history":[{"count":1,"href":"https:\/\/100xd.com.ar\/en\/wp-json\/wp\/v2\/posts\/135974\/revisions"}],"predecessor-version":[{"id":135976,"href":"https:\/\/100xd.com.ar\/en\/wp-json\/wp\/v2\/posts\/135974\/revisions\/135976"}],"wp:featuredmedia":[{"embeddable":true,"href":"https:\/\/100xd.com.ar\/en\/wp-json\/wp\/v2\/media\/135975"}],"wp:attachment":[{"href":"https:\/\/100xd.com.ar\/en\/wp-json\/wp\/v2\/media?parent=135974"}],"wp:term":[{"taxonomy":"category","embeddable":true,"href":"https:\/\/100xd.com.ar\/en\/wp-json\/wp\/v2\/categories?post=135974"},{"taxonomy":"post_tag","embeddable":true,"href":"https:\/\/100xd.com.ar\/en\/wp-json\/wp\/v2\/tags?post=135974"}],"curies":[{"name":"wp","href":"https:\/\/api.w.org\/{rel}","templated":true}]}}