{"id":134247,"date":"2026-04-03T14:41:21","date_gmt":"2026-04-03T17:41:21","guid":{"rendered":"https:\/\/100xd.com.ar\/?p=134247"},"modified":"2026-04-03T14:41:21","modified_gmt":"2026-04-03T17:41:21","slug":"quien-fue-el-jugador-mas-joven-en-haber-debutado-en-la-historia-de-los-mundiales","status":"publish","type":"post","link":"https:\/\/100xd.com.ar\/en\/quien-fue-el-jugador-mas-joven-en-haber-debutado-en-la-historia-de-los-mundiales\/","title":{"rendered":"Qui\u00e9n fue el jugador m\u00e1s joven en haber debutado en la historia de los Mundiales"},"content":{"rendered":"<p class=\"wp-block-paragraph\">Durante d\u00e9cadas,&nbsp;<strong>Pel\u00e9&nbsp;<\/strong>ostent\u00f3 la marca de ser el futbolista m\u00e1s joven en debutar en una&nbsp;<strong><a href=\"https:\/\/www.clarin.com\/deportes\/empieza-mundial-2026_0_aawg4s3IEQ.html\" target=\"_blank\" rel=\"noreferrer noopener\">Copa del Mundo<\/a><\/strong>, un registro que hab\u00eda establecido en&nbsp;<strong>Suecia 1958<\/strong>.<\/p>\n\n\n\n<p class=\"wp-block-paragraph\">Pero esa hist\u00f3rica referencia se modific\u00f3 en&nbsp;<strong>Espa\u00f1a 1982<\/strong>, cuando un juvenil de&nbsp;<strong>Irlanda del Norte<\/strong>&nbsp;irrumpi\u00f3 inesperadamente para desbancar a O Rei. Desde entonces, y pese al paso del tiempo y al incesante recambio generacional en el f\u00fatbol global, aquel r\u00e9cord permanece intacto en los archivos oficiales de la&nbsp;<strong>FIFA<\/strong>.<\/p>\n\n\n\n<p class=\"wp-block-paragraph\">Se trata de&nbsp;<strong>Norman Whiteside<\/strong>, quien alcanz\u00f3 el r\u00e9cord tras debutar con la selecci\u00f3n de su pa\u00eds frente a&nbsp;<strong>Yugoslavia<\/strong>, en el estadio La Romareda, en Zaragoza, en un partido por la fase grupos de aquel&nbsp;<strong>Mundial<\/strong>.<\/p>\n\n\n\n<p class=\"wp-block-paragraph\">La irrupci\u00f3n del delantero en el plano internacional ocurri\u00f3 en un contexto de renovaci\u00f3n para el conjunto brit\u00e1nico.&nbsp;<strong>Whiteside&nbsp;<\/strong>pertenec\u00eda a las filas del Manchester United y su convocatoria gener\u00f3&nbsp;<strong>una gran expectativa en la prensa especializada de la \u00e9poca.<\/strong><img loading=\"lazy\" decoding=\"async\" alt=\"Irlanda del Norte hizo un buen Mundial en 1982 llegando a vencer a Espa\u00f1a, la selecci\u00f3n anfitriona. (Foto: FIFA).\" width=\"720\" height=\"480\" src=\"https:\/\/www.clarin.com\/img\/2026\/03\/13\/lpvEXTCP4_720x0__1.jpg\" title=\"Qui\u00e9n fue el jugador m\u00e1s joven en haber debutado en la historia de los Mundiales\">Irlanda del Norte hizo un buen Mundial en 1982 llegando a vencer a Espa\u00f1a, la selecci\u00f3n anfitriona. (Foto: FIFA).<\/p>\n\n\n\n<p class=\"wp-block-paragraph\">El impacto de este r\u00e9cord trasciende el dato num\u00e9rico, ya que&nbsp;<strong>Whiteside&nbsp;<\/strong>no solo particip\u00f3 en el debut, sino que&nbsp;<strong>jug\u00f3 los cinco partidos que su selecci\u00f3n afront\u00f3 en esa cita mundialista.<\/strong>&nbsp;El equipo norirland\u00e9s logr\u00f3 una hist\u00f3rica clasificaci\u00f3n a la segunda fase tras vencer a la selecci\u00f3n anfitriona,&nbsp;<strong>Espa\u00f1a<\/strong>, en Valencia.<\/p>\n\n\n\n<h2 class=\"wp-block-heading\">La vigencia del r\u00e9cord de Whiteside<\/h2>\n\n\n\n<p class=\"wp-block-paragraph\">A lo largo de las d\u00e9cadas posteriores, diversas promesas del f\u00fatbol internacional intentaron quebrar la marca establecida en 1982 sin \u00e9xito rotundo. Jugadores de renombre como el camerun\u00e9s&nbsp;<strong>Samuel Eto&#8217;o&nbsp;<\/strong>o el nigeriano<strong>&nbsp;Femi Opabunmi&nbsp;<\/strong>debutaron en edades muy tempranas, pero ninguno logr\u00f3 bajar la barrera de los 17 a\u00f1os y 41 d\u00edas.<\/p>\n\n\n\n<p class=\"wp-block-paragraph\">Esta persistencia en el tiempo convierte al registro de&nbsp;<strong>Whiteside&nbsp;<\/strong>en&nbsp;<strong>uno de los logros estad\u00edsticos m\u00e1s dif\u00edciles de superar<\/strong>&nbsp;en la historia del deporte.<img loading=\"lazy\" decoding=\"async\" alt=\"Whiteside jug\u00f3 los cinco partidos que su selecci\u00f3n afront\u00f3 en el Mundial de Espa\u00f1a 1982. (Foto: FIFA).\" width=\"720\" height=\"480\" src=\"https:\/\/www.clarin.com\/img\/2026\/03\/13\/G5N0XI-4d_720x0__1.jpg\" title=\"Qui\u00e9n fue el jugador m\u00e1s joven en haber debutado en la historia de los Mundiales\">Whiteside jug\u00f3 los cinco partidos que su selecci\u00f3n afront\u00f3 en el Mundial de Espa\u00f1a 1982. (Foto: FIFA).<\/p>\n\n\n\n<h2 class=\"wp-block-heading\">C\u00f3mo fue el desempe\u00f1o de Whiteside en el Mundial 1982<\/h2>\n\n\n\n<p class=\"wp-block-paragraph\">Su desempe\u00f1o en&nbsp;<strong>Espa\u00f1a 1982<\/strong>&nbsp;le vali\u00f3 el reconocimiento global, permiti\u00e9ndole continuar una carrera destacada en la liga inglesa durante los a\u00f1os siguientes. Es importante se\u00f1alar que, al momento de su debut,&nbsp;<strong>Whiteside solo hab\u00eda disputado dos partidos oficiales&nbsp;<\/strong>con el primer equipo del Manchester United.<\/p>\n\n\n\n<p class=\"wp-block-paragraph\">La confianza del cuerpo t\u00e9cnico de Irlanda del Norte fue total, apostando por un talento emergente en lugar de optar por jugadores con mayor experiencia en competiciones continentales o ligas europeas.<\/p>\n\n\n\n<h3 class=\"wp-block-heading\">Otros debuts de figuras j\u00f3venes en Mundiales<\/h3>\n\n\n\n<ul class=\"wp-block-list\"><li><strong>Pel\u00e9 en Suecia 1958:<\/strong>\u00a0el brasile\u00f1o debut\u00f3 con 17 a\u00f1os y 234 d\u00edas ante la Uni\u00f3n Sovi\u00e9tica.<\/li><li><strong>Samuel Eto&#8217;o en Francia 1998:<\/strong>\u00a0particip\u00f3 con 17 a\u00f1os y 93 d\u00edas frente a la selecci\u00f3n de Italia.<\/li><li><strong>Femi Opabunmi en Corea-Jap\u00f3n 2002:<\/strong>\u00a0jug\u00f3 con 17 a\u00f1os y 101 d\u00edas contra el conjunto de Inglaterra.<\/li><li><strong>Gavi en Qatar 2022:<\/strong>\u00a0se convirti\u00f3 en el espa\u00f1ol m\u00e1s joven al debutar con 18 a\u00f1os y 110 d\u00edas.<\/li><li>Fuente:<a href=\"https:\/\/www.clarin.com\/\"> Clar\u00edn.com<\/a><\/li><\/ul>","protected":false},"excerpt":{"rendered":"<p>Durante d\u00e9cadas,&nbsp;Pel\u00e9&nbsp;ostent\u00f3 la marca de ser el futbolista m\u00e1s joven en debutar en una&nbsp;Copa del Mundo, un registro que hab\u00eda establecido en&nbsp;Suecia 1958. Pero esa hist\u00f3rica referencia se modific\u00f3 en&nbsp;Espa\u00f1a 1982, cuando un juvenil de&nbsp;Irlanda del Norte&nbsp;irrumpi\u00f3 inesperadamente para desbancar a O Rei. Desde entonces, y pese al paso del tiempo y al incesante recambio [&hellip;]<\/p>\n","protected":false},"author":9,"featured_media":134248,"comment_status":"open","ping_status":"open","sticky":false,"template":"","format":"standard","meta":{"site-sidebar-layout":"default","site-content-layout":"","ast-site-content-layout":"default","site-content-style":"default","site-sidebar-style":"default","ast-global-header-display":"","ast-banner-title-visibility":"","ast-main-header-display":"","ast-hfb-above-header-display":"","ast-hfb-below-header-display":"","ast-hfb-mobile-header-display":"","site-post-title":"","ast-breadcrumbs-content":"","ast-featured-img":"","footer-sml-layout":"","ast-disable-related-posts":"","theme-transparent-header-meta":"","adv-header-id-meta":"","stick-header-meta":"","header-above-stick-meta":"","header-main-stick-meta":"","header-below-stick-meta":"","astra-migrate-meta-layouts":"default","ast-page-background-enabled":"default","ast-page-background-meta":{"desktop":{"background-color":"","background-image":"","background-repeat":"repeat","background-position":"center center","background-size":"auto","background-attachment":"scroll","background-type":"","background-media":"","overlay-type":"","overlay-color":"","overlay-opacity":"","overlay-gradient":""},"tablet":{"background-color":"","background-image":"","background-repeat":"repeat","background-position":"center center","background-size":"auto","background-attachment":"scroll","background-type":"","background-media":"","overlay-type":"","overlay-color":"","overlay-opacity":"","overlay-gradient":""},"mobile":{"background-color":"","background-image":"","background-repeat":"repeat","background-position":"center center","background-size":"auto","background-attachment":"scroll","background-type":"","background-media":"","overlay-type":"","overlay-color":"","overlay-opacity":"","overlay-gradient":""}},"ast-content-background-meta":{"desktop":{"background-color":"var(--ast-global-color-5)","background-image":"","background-repeat":"repeat","background-position":"center center","background-size":"auto","background-attachment":"scroll","background-type":"","background-media":"","overlay-type":"","overlay-color":"","overlay-opacity":"","overlay-gradient":""},"tablet":{"background-color":"var(--ast-global-color-5)","background-image":"","background-repeat":"repeat","background-position":"center center","background-size":"auto","background-attachment":"scroll","background-type":"","background-media":"","overlay-type":"","overlay-color":"","overlay-opacity":"","overlay-gradient":""},"mobile":{"background-color":"var(--ast-global-color-5)","background-image":"","background-repeat":"repeat","background-position":"center center","background-size":"auto","background-attachment":"scroll","background-type":"","background-media":"","overlay-type":"","overlay-color":"","overlay-opacity":"","overlay-gradient":""}},"footnotes":""},"categories":[11],"tags":[],"class_list":["post-134247","post","type-post","status-publish","format-standard","has-post-thumbnail","hentry","category-deportes"],"spectra_blocks_featured_image_url":{"thumbnail":{"url":"https:\/\/100xd.com.ar\/wp-content\/uploads\/2026\/04\/trofeo-150x150.jpg","width":150,"height":150},"medium":{"url":"https:\/\/100xd.com.ar\/wp-content\/uploads\/2026\/04\/trofeo-300x148.jpg","width":300,"height":148},"medium_large":{"url":"https:\/\/100xd.com.ar\/wp-content\/uploads\/2026\/04\/trofeo-768x379.jpg","width":768,"height":379},"large":{"url":"https:\/\/100xd.com.ar\/wp-content\/uploads\/2026\/04\/trofeo-1024x505.jpg","width":1024,"height":505},"full":{"url":"https:\/\/100xd.com.ar\/wp-content\/uploads\/2026\/04\/trofeo.jpg","width":1256,"height":620}},"spectra_blocks_author_info":{"display_name":"Jorge Alfredo Baret","avatar_url":"https:\/\/secure.gravatar.com\/avatar\/31696f5ca83439b642450ec7d3f82f98451a5efacb414343d5478c982b337f26?s=96&d=mm&r=g","author_link":"https:\/\/100xd.com.ar\/en\/author\/jorge\/","description":"Ingeniero Qu\u00edmico UTN - Director Apoderado de Comunicaciones Auditadas SA. Editor Responsable 100xd.com.ar."},"_links":{"self":[{"href":"https:\/\/100xd.com.ar\/en\/wp-json\/wp\/v2\/posts\/134247","targetHints":{"allow":["GET"]}}],"collection":[{"href":"https:\/\/100xd.com.ar\/en\/wp-json\/wp\/v2\/posts"}],"about":[{"href":"https:\/\/100xd.com.ar\/en\/wp-json\/wp\/v2\/types\/post"}],"author":[{"embeddable":true,"href":"https:\/\/100xd.com.ar\/en\/wp-json\/wp\/v2\/users\/9"}],"replies":[{"embeddable":true,"href":"https:\/\/100xd.com.ar\/en\/wp-json\/wp\/v2\/comments?post=134247"}],"version-history":[{"count":1,"href":"https:\/\/100xd.com.ar\/en\/wp-json\/wp\/v2\/posts\/134247\/revisions"}],"predecessor-version":[{"id":134249,"href":"https:\/\/100xd.com.ar\/en\/wp-json\/wp\/v2\/posts\/134247\/revisions\/134249"}],"wp:featuredmedia":[{"embeddable":true,"href":"https:\/\/100xd.com.ar\/en\/wp-json\/wp\/v2\/media\/134248"}],"wp:attachment":[{"href":"https:\/\/100xd.com.ar\/en\/wp-json\/wp\/v2\/media?parent=134247"}],"wp:term":[{"taxonomy":"category","embeddable":true,"href":"https:\/\/100xd.com.ar\/en\/wp-json\/wp\/v2\/categories?post=134247"},{"taxonomy":"post_tag","embeddable":true,"href":"https:\/\/100xd.com.ar\/en\/wp-json\/wp\/v2\/tags?post=134247"}],"curies":[{"name":"wp","href":"https:\/\/api.w.org\/{rel}","templated":true}]}}