{"id":1342,"date":"2015-06-06T10:50:12","date_gmt":"2015-06-06T13:50:12","guid":{"rendered":"http:\/\/www.100xd.com.ar\/?p=1342"},"modified":"2015-06-08T15:22:53","modified_gmt":"2015-06-08T18:22:53","slug":"la-posible-alianza-entre-pro-y-el-frente-renovador-al-borde-del-fracaso","status":"publish","type":"post","link":"https:\/\/100xd.com.ar\/en\/la-posible-alianza-entre-pro-y-el-frente-renovador-al-borde-del-fracaso\/","title":{"rendered":"La posible alianza entre Pro y el Frente Renovador, al borde del fracaso"},"content":{"rendered":"<p>Mauricio Macri neg\u00f3 ayer la posibilidad de un acuerdo con Sergio Massa en dos oportunidades, lo que aparentar\u00eda un cierre definitivo al di\u00e1logo que ven\u00edan teniendo Pro y el Frente Renovador (FR) durante las \u00faltimas semanas. &#8220;Si me llama [Massa], le digo que no, porque yo tengo una candidata y es Mar\u00eda Eugenia Vidal&#8221;, dijo el jefe de Gobierno porte\u00f1o en entrevista con Radio Mitre. M\u00e1s tarde, luego de que Francisco De Narv\u00e1ez declinara su precandidatura a la gobernaci\u00f3n de la provincia de Buenos Aires en pos de un alianza, Macri volvi\u00f3 a ratificar a Vidal como su \u00fanica candidata.<\/p>\n<p>Macri aclar\u00f3 que el acuerdo entre Pro y el FR durante las elecciones legislativas de 2013 hab\u00eda sido &#8220;circunstancial&#8221;, con el objeto de detener al kirchnerismo y que &#8220;esa alianza se termin\u00f3 al d\u00eda siguiente&#8221; de las elecciones debido a que el massismo no es &#8220;el cambio de verdad&#8221;.<\/p>\n<p>Adem\u00e1s, durante el plenario nacional de Pro llevado a cabo en Mar del Plata ayer, Macri volvi\u00f3 a confirmar a Vidal como \u00fanica candidata y anunci\u00f3 que el frente con el que se ir\u00e1 a las PASO en conjunci\u00f3n con la UCR y la Coalici\u00f3n C\u00edvica se llamar\u00e1 Cambiemos.\u00a0&#8220;Lo que (la gente) quiere es que les aseguremos que sabemos acompa\u00f1arlos en la transici\u00f3n y que nos vamos a ocupar de los m\u00e1s d\u00e9biles, como lo hicimos gobernando la ciudad de Buenos Aires&#8221;, dijo el precandidato presidencial.<\/p>\n<p>Elisa Carri\u00f3, l\u00edder de la Coalici\u00f3n C\u00edvica, rechaz\u00f3 un acuerdo entre su socio y el diputado tigrense en un acto en el que adem\u00e1s ratific\u00f3 su precandidatura presidencial.\u00a0&#8220;Nunca se convers\u00f3 ni con Macri ni con los radicales. Es m\u00e1s la presi\u00f3n de determinados empresarios que otra cosa&#8221;, dijo en referencia a la posibilidad de que el FR se uniera al frente.<\/p>\n<p>Hoy a la ma\u00f1ana, De Narv\u00e1ez volvi\u00f3 a pedir por una nueva alianza entre las fuerzas como ocurriera en 2013 para derrotar al oficialismo. &#8220;Eso fren\u00f3 la re-reelecci\u00f3n&#8221;, sentenci\u00f3 el diputado y dijo que ahora, despu\u00e9s de su paso al costado, &#8220;depende de Mauricio y Sergio&#8221;.<\/p>\n","protected":false},"excerpt":{"rendered":"<p>Mauricio Macri neg\u00f3 ayer la posibilidad de un acuerdo con Sergio Massa en dos oportunidades, lo que aparentar\u00eda un cierre definitivo al di\u00e1logo que ven\u00edan teniendo Pro y el Frente Renovador (FR) durante las \u00faltimas semanas. &#8220;Si me llama [Massa], le digo que no, porque yo tengo una candidata y es Mar\u00eda Eugenia Vidal&#8221;, dijo [&hellip;]<\/p>\n","protected":false},"author":4,"featured_media":0,"comment_status":"open","ping_status":"open","sticky":false,"template":"","format":"standard","meta":{"site-sidebar-layout":"default","site-content-layout":"","ast-site-content-layout":"default","site-content-style":"default","site-sidebar-style":"default","ast-global-header-display":"","ast-banner-title-visibility":"","ast-main-header-display":"","ast-hfb-above-header-display":"","ast-hfb-below-header-display":"","ast-hfb-mobile-header-display":"","site-post-title":"","ast-breadcrumbs-content":"","ast-featured-img":"","footer-sml-layout":"","ast-disable-related-posts":"","theme-transparent-header-meta":"","adv-header-id-meta":"","stick-header-meta":"","header-above-stick-meta":"","header-main-stick-meta":"","header-below-stick-meta":"","astra-migrate-meta-layouts":"default","ast-page-background-enabled":"default","ast-page-background-meta":{"desktop":{"background-color":"","background-image":"","background-repeat":"repeat","background-position":"center center","background-size":"auto","background-attachment":"scroll","background-type":"","background-media":"","overlay-type":"","overlay-color":"","overlay-opacity":"","overlay-gradient":""},"tablet":{"background-color":"","background-image":"","background-repeat":"repeat","background-position":"center center","background-size":"auto","background-attachment":"scroll","background-type":"","background-media":"","overlay-type":"","overlay-color":"","overlay-opacity":"","overlay-gradient":""},"mobile":{"background-color":"","background-image":"","background-repeat":"repeat","background-position":"center center","background-size":"auto","background-attachment":"scroll","background-type":"","background-media":"","overlay-type":"","overlay-color":"","overlay-opacity":"","overlay-gradient":""}},"ast-content-background-meta":{"desktop":{"background-color":"var(--ast-global-color-5)","background-image":"","background-repeat":"repeat","background-position":"center center","background-size":"auto","background-attachment":"scroll","background-type":"","background-media":"","overlay-type":"","overlay-color":"","overlay-opacity":"","overlay-gradient":""},"tablet":{"background-color":"var(--ast-global-color-5)","background-image":"","background-repeat":"repeat","background-position":"center center","background-size":"auto","background-attachment":"scroll","background-type":"","background-media":"","overlay-type":"","overlay-color":"","overlay-opacity":"","overlay-gradient":""},"mobile":{"background-color":"var(--ast-global-color-5)","background-image":"","background-repeat":"repeat","background-position":"center center","background-size":"auto","background-attachment":"scroll","background-type":"","background-media":"","overlay-type":"","overlay-color":"","overlay-opacity":"","overlay-gradient":""}},"footnotes":""},"categories":[1],"tags":[362,169,555,55,56],"class_list":["post-1342","post","type-post","status-publish","format-standard","hentry","category-sin-categoria","tag-elisa-carrio","tag-francisco-de-narvaez","tag-maria-eugenia","tag-mauricio-macri","tag-sergio-massa"],"spectra_blocks_featured_image_url":null,"spectra_blocks_author_info":{"display_name":"Facundo Novillo","avatar_url":"https:\/\/secure.gravatar.com\/avatar\/09745bc65ce6bf84291d6515d5f759c04b4fce4f329b8a975a8ac2982b552d3e?s=96&d=mm&r=g","author_link":"https:\/\/100xd.com.ar\/en\/author\/facundo\/","description":""},"_links":{"self":[{"href":"https:\/\/100xd.com.ar\/en\/wp-json\/wp\/v2\/posts\/1342","targetHints":{"allow":["GET"]}}],"collection":[{"href":"https:\/\/100xd.com.ar\/en\/wp-json\/wp\/v2\/posts"}],"about":[{"href":"https:\/\/100xd.com.ar\/en\/wp-json\/wp\/v2\/types\/post"}],"author":[{"embeddable":true,"href":"https:\/\/100xd.com.ar\/en\/wp-json\/wp\/v2\/users\/4"}],"replies":[{"embeddable":true,"href":"https:\/\/100xd.com.ar\/en\/wp-json\/wp\/v2\/comments?post=1342"}],"version-history":[{"count":2,"href":"https:\/\/100xd.com.ar\/en\/wp-json\/wp\/v2\/posts\/1342\/revisions"}],"predecessor-version":[{"id":1345,"href":"https:\/\/100xd.com.ar\/en\/wp-json\/wp\/v2\/posts\/1342\/revisions\/1345"}],"wp:attachment":[{"href":"https:\/\/100xd.com.ar\/en\/wp-json\/wp\/v2\/media?parent=1342"}],"wp:term":[{"taxonomy":"category","embeddable":true,"href":"https:\/\/100xd.com.ar\/en\/wp-json\/wp\/v2\/categories?post=1342"},{"taxonomy":"post_tag","embeddable":true,"href":"https:\/\/100xd.com.ar\/en\/wp-json\/wp\/v2\/tags?post=1342"}],"curies":[{"name":"wp","href":"https:\/\/api.w.org\/{rel}","templated":true}]}}