{"id":132905,"date":"2026-03-01T12:21:29","date_gmt":"2026-03-01T15:21:29","guid":{"rendered":"https:\/\/100xd.com.ar\/?p=132905"},"modified":"2026-03-01T12:21:29","modified_gmt":"2026-03-01T15:21:29","slug":"el-gobierno-celebro-la-muerte-de-jamenei-y-quirno-recordo-a-las-victimas-de-la-amia","status":"publish","type":"post","link":"https:\/\/100xd.com.ar\/en\/el-gobierno-celebro-la-muerte-de-jamenei-y-quirno-recordo-a-las-victimas-de-la-amia\/","title":{"rendered":"El Gobierno &#8220;celebr\u00f3&#8221; la muerte de Jamenei y Quirno record\u00f3 a las v\u00edctimas de la AMIA"},"content":{"rendered":"<p class=\"wp-block-paragraph\">Aliado incondicional de Donald Trump,&nbsp;<strong>el Gobierno argentino &#8220;celebr\u00f3&#8221; el ataque norteamericano al pa\u00eds isl\u00e1mico<\/strong>, y desde la cuenta oficial de&nbsp;<strong>Oficina del Presidente<\/strong>&nbsp;se consider\u00f3 que con la&nbsp;<a target=\"_blank\" href=\"https:\/\/www.perfil.com\/noticias\/internacional\/iran-confirmo-la-muerte-del-ayatola-ali-khamenei-tras-los-ataques-de-israel-y-estados-unidos.phtml\" rel=\"noreferrer noopener\">&#8220;eliminaci\u00f3n\u201d de Ali Jamenei<\/a>&nbsp;se ha terminado<strong>&nbsp;&#8220;con una de las personas m\u00e1s malvadas, violentas y crueles que ha visto la historia de la humanidad\u201d.&nbsp;<\/strong>En la nota se felicit\u00f3 a los gobiernos de&nbsp;<strong>Estados Unidos e Israel<\/strong>&nbsp;por &#8220;la&nbsp;<strong>operaci\u00f3n conjunta<\/strong>&#8220;, en tanto que el canciller&nbsp;<strong>Pablo Quirno&nbsp;<\/strong>se refiri\u00f3 al tema mencionando la relaci\u00f3n de Ir\u00e1n con el atentado a la AMIA, se\u00f1alando que la noticia de la muerte de Jamenei &#8220;ojal\u00e1 aporte alg\u00fan alivio a las familias&#8221; de las v\u00edctimas.<\/p>\n\n\n\n<p class=\"wp-block-paragraph\">&#8220;Sus atrocidades no solo han sido sufridas por el&nbsp;<strong>pueblo iran\u00ed<\/strong>, sino que han impactado a lo largo de todo el globo&#8221;, se\u00f1alaron en referencia al&nbsp;<strong>atentado a la AMIA<\/strong>&nbsp;que sufri\u00f3 la&nbsp;<strong>Argentina<\/strong>.<\/p>\n\n\n\n<figure data-spectra-id=\"spectra-7a1c2733-7a3d-4ecf-9843-a7890c5b2e0b\" class=\"wp-block-image\"><img decoding=\"async\" src=\"https:\/\/fotos.perfil.com\/\/2026\/02\/28\/900\/0\/comunicado-oficina-del-presidente-2194363.jpg?webp\" alt=\"Comunicado Oficina del Presidente\" title=\"El Gobierno &quot;celebr\u00f3&quot; la muerte de Jamenei y Quirno record\u00f3 a las v\u00edctimas de la AMIA\" \/><\/figure>\n\n\n\n<p class=\"wp-block-paragraph\">Esto no les gusta a los autoritariosEl ejercicio del periodismo profesional y cr\u00edtico es un pilar fundamental de la democracia. Por eso molesta a quienes creen ser los due\u00f1os de la verdad.Hoy m\u00e1s que nunca<a href=\"https:\/\/mi.perfil.com\/\">Suscribite<\/a><\/p>\n\n\n\n<p class=\"wp-block-paragraph\">Y, en ese punto, remarcaron que &#8220;Argentina ha sido objetivo de tan solo uno de sus&nbsp;<strong>actos terroristas<\/strong>, el&nbsp;<strong>atentado contra la AMIA del 18 de julio de 1994<\/strong>, que result\u00f3 en&nbsp;<strong>85 muertos y centenares de heridos<\/strong>&nbsp;en nuestro suelo&#8221;.<\/p>\n\n\n\n<p class=\"wp-block-paragraph\">Seg\u00fan determin\u00f3 la&nbsp;<strong>Justicia argentina<\/strong>, &#8220;se trat\u00f3 de un acto de&nbsp;<strong>terrorismo internacional<\/strong>&nbsp;planificado desde las m\u00e1s altas esferas del&nbsp;<strong>r\u00e9gimen iran\u00ed<\/strong>&nbsp;de la \u00e9poca y ejecutado por&nbsp;<strong>Hezbol\u00e1<\/strong>, el principal grupo terrorista financiado por&nbsp;<strong>Ir\u00e1n<\/strong>&#8220;, agreg\u00f3 el mensaje.<\/p>\n\n\n\n<p class=\"wp-block-paragraph\"><a target=\"_blank\" href=\"https:\/\/www.perfil.com\/noticias\/internacional\/con-el-ataque-a-iran-trump-busca-cumplir-su-promesa-la-caida-total-del-regimen-del-ayatola-a35.phtml\" rel=\"noreferrer noopener\">Con el ataque a Ir\u00e1n, Trump busca cumplir su promesa: la ca\u00edda total del r\u00e9gimen del ayatol\u00e1<\/a><\/p>\n\n\n\n<p class=\"wp-block-paragraph\">El comunicado ratific\u00f3 que &#8220;la b\u00fasqueda de&nbsp;<strong>Justicia por las 85 v\u00edctimas<\/strong>&nbsp;es una&nbsp;<strong>pol\u00edtica de Estado<\/strong>&nbsp;y continuar\u00e1 hasta que el \u00faltimo responsable pague con su libertad o con su vida por tan horrible crimen&#8221;.<\/p>\n\n\n\n<p class=\"wp-block-paragraph\">Adem\u00e1s, hizo \u00e9nfasis en que &#8220;esta&nbsp;<strong>acci\u00f3n militar conjunta<\/strong>&nbsp;de nuestros&nbsp;<strong>pa\u00edses aliados<\/strong>&nbsp;ponga un fin definitivo a lo que fueron m\u00e1s de 40 a\u00f1os de&nbsp;<strong>opresi\u00f3n y violaciones a los derechos humanos en Ir\u00e1n<\/strong>, y que por fin el pueblo iran\u00ed tenga paz y recupere su democracia&#8221;.<\/p>\n\n\n\n<figure data-spectra-id=\"spectra-70af6515-0675-4aa3-a099-7c3b76cf25c3\" class=\"wp-block-image\"><img decoding=\"async\" src=\"https:\/\/fotos.perfil.com\/\/2026\/02\/28\/900\/0\/ali-jamenei-lider-supremo-de-iran-2194330.jpg?webp\" alt=\"Al\u00ed Jamenei, l\u00edder supremo de Ir\u00e1n\" title=\"El Gobierno &quot;celebr\u00f3&quot; la muerte de Jamenei y Quirno record\u00f3 a las v\u00edctimas de la AMIA\" \/><\/figure>\n\n\n\n<p class=\"wp-block-paragraph\">Asimismo, se inform\u00f3 sobre el&nbsp;<strong>refuerzo de seguridad en fronteras<\/strong>&nbsp;y se emitieron&nbsp;<strong>recomendaciones para ciudadanos argentinos en Medio Oriente<\/strong>, adem\u00e1s de difundirse&nbsp;<strong>tel\u00e9fonos de emergencia consular<\/strong>&nbsp;para que puedan comunicarse ante cualquier eventualidad. En ese marco, el&nbsp;<strong>canciller Pablo Quirno<\/strong>&nbsp;tambi\u00e9n se expres\u00f3 p\u00fablicamente sobre el&nbsp;<strong>ataque<\/strong>.<\/p>\n\n\n\n<h2 class=\"wp-block-heading\">El mensaje de Pablo Quirno<\/h2>\n\n\n\n<p class=\"wp-block-paragraph\">El&nbsp;<strong>canciller Pablo Quirno<\/strong>&nbsp;volvi\u00f3 a instalar en la agenda p\u00fablica argentina el recuerdo del&nbsp;<strong>atentado a la AMIA<\/strong>&nbsp;tras las informaciones que indican&nbsp;<a target=\"_blank\" href=\"https:\/\/www.perfil.com\/noticias\/internacional\/iran-confirmo-la-muerte-del-ayatola-ali-khamenei-tras-los-ataques-de-israel-y-estados-unidos.phtml\" rel=\"noreferrer noopener\">la muerte del l\u00edder supremo de Ir\u00e1n<\/a><strong>, Ali Jamenei<\/strong>, en medio de una&nbsp;<strong>ofensiva militar<\/strong>&nbsp;entre&nbsp;<strong>Estados Unidos e Israel<\/strong>&nbsp;en&nbsp;<strong>Teher\u00e1n<\/strong>.<\/p>\n\n\n\n<p class=\"wp-block-paragraph\">En un mensaje difundido en&nbsp;<strong>redes sociales<\/strong>, el diplom\u00e1tico argentino subray\u00f3 la&nbsp;<strong>responsabilidad pol\u00edtica<\/strong>&nbsp;que la&nbsp;<strong>Justicia argentina<\/strong>&nbsp;atribuy\u00f3 a&nbsp;<strong>altos funcionarios iran\u00edes<\/strong>&nbsp;por el&nbsp;<strong>ataque terrorista<\/strong>&nbsp;que el&nbsp;<strong>18 de julio de 1994<\/strong>&nbsp;dej\u00f3&nbsp;<strong>85 muertos y centenares de heridos<\/strong>&nbsp;en&nbsp;<strong>Buenos Aires<\/strong>.<\/p>\n\n\n\n<figure data-spectra-id=\"spectra-6e23fe64-d424-410b-96eb-ba554d4a644f\" class=\"wp-block-image\"><img decoding=\"async\" src=\"https:\/\/fotos.perfil.com\/\/2026\/02\/28\/900\/0\/declaracion-pablo-quirno-2194352.jpg?webp\" alt=\"Declaraci\u00f3n Pablo Quirno\" title=\"El Gobierno &quot;celebr\u00f3&quot; la muerte de Jamenei y Quirno record\u00f3 a las v\u00edctimas de la AMIA\" \/><\/figure>\n\n\n\n<p class=\"wp-block-paragraph\">\u201cAnte la confirmaci\u00f3n de la muerte de&nbsp;<strong>Ali Jamenei<\/strong>, l\u00edder supremo de la&nbsp;<strong>Rep\u00fablica Isl\u00e1mica de Ir\u00e1n<\/strong>, corresponde recordar que la&nbsp;<strong>Justicia argentina<\/strong>&nbsp;determin\u00f3 que el&nbsp;<strong>atentado contra la AMIA<\/strong>&nbsp;fue un acto de&nbsp;<strong>terrorismo internacional<\/strong>&nbsp;planificado desde las m\u00e1s altas esferas del&nbsp;<strong>r\u00e9gimen iran\u00ed<\/strong>&nbsp;de la \u00e9poca y ejecutado por&nbsp;<strong>Hezbol\u00e1<\/strong>\u201d, sostuvo&nbsp;<strong>Quirno<\/strong>.<\/p>\n\n\n\n<p class=\"wp-block-paragraph\"><a target=\"_blank\" href=\"https:\/\/www.perfil.com\/noticias\/internacional\/la-sucesion-del-ayatola-ali-khamenei-los-clerigos-de-linea-dura-que-aspiran-al-poder-en-iran-a35.phtml\" rel=\"noreferrer noopener\">La sucesi\u00f3n del ayatol\u00e1 Ali Jamenei: los cl\u00e9rigos de l\u00ednea dura que aspiran al poder en Ir\u00e1n<\/a><\/p>\n\n\n\n<p class=\"wp-block-paragraph\">El pronunciamiento se conoci\u00f3 en paralelo a declaraciones de&nbsp;<strong>actores internacionales<\/strong>&nbsp;que dan por muerto al&nbsp;<strong>ayatol\u00e1 Jamenei<\/strong>&nbsp;tras&nbsp;<strong>ataques a\u00e9reos coordinados<\/strong>&nbsp;entre&nbsp;<strong>Israel<\/strong>&nbsp;y&nbsp;<strong>Donald Trump<\/strong>&nbsp;que habr\u00edan alcanzado&nbsp;<a target=\"_blank\" href=\"https:\/\/www.perfil.com\/noticias\/internacional\/el-engano-desde-mar-a-lago-los-detalles-de-la-operacion-furia-epica-contra-iran-a35.phtml\" rel=\"noreferrer noopener\">su residencia en la capital iran\u00ed.&nbsp;<\/a>La propia&nbsp;<strong>Casa Blanca<\/strong>&nbsp;y el&nbsp;<strong>primer ministro israel\u00ed<\/strong>&nbsp;aseguraron que existen&nbsp;<strong>indicios s\u00f3lidos<\/strong>&nbsp;de que el l\u00edder supremo falleci\u00f3 en los&nbsp;<strong>bombardeos<\/strong>, aunque desde&nbsp;<strong>Teher\u00e1n<\/strong>&nbsp;hubo&nbsp;<strong>versiones oficiales<\/strong>&nbsp;que lo desmintieron.<\/p>\n\n\n\n<p class=\"wp-block-paragraph\"><strong>Quirno<\/strong>&nbsp;tambi\u00e9n record\u00f3 que la&nbsp;<strong>investigaci\u00f3n judicial argentina<\/strong>&nbsp;sostiene que la decisi\u00f3n de apoyar y planificar el&nbsp;<strong>ataque contra la AMIA<\/strong>&nbsp;fue adoptada por la&nbsp;<strong>conducci\u00f3n pol\u00edtica iran\u00ed<\/strong>&nbsp;vigente en&nbsp;<strong>1993\u20131994<\/strong>, per\u00edodo en el cual el actual l\u00edder supremo del r\u00e9gimen figura&nbsp;<strong>imputado en la causa judicial<\/strong>.<\/p>\n\n\n\n<p class=\"wp-block-paragraph\">Como cierre de su mensaje, el canciller afirm\u00f3 que \u201cestas noticias aporten alivio a las&nbsp;<strong>familias de las v\u00edctimas<\/strong>&nbsp;y contribuyan al reconocimiento de las&nbsp;<strong>responsabilidades<\/strong>&nbsp;y a la&nbsp;<strong>lucha contra el terrorismo y la impunidad<\/strong>\u201d.<\/p>\n\n\n\n<p class=\"wp-block-paragraph\">La referencia de\u00a0<strong>Argentina<\/strong>\u00a0se suma a una serie de\u00a0<strong>reacciones internacionales<\/strong>\u00a0ante lo que podr\u00eda ser un\u00a0<strong>giro hist\u00f3rico<\/strong>\u00a0dentro de la\u00a0<strong>pol\u00edtica exterior y de seguridad global<\/strong>, dado el peso que la figura de\u00a0<strong>Jamenei<\/strong>\u00a0tuvo durante casi cuatro d\u00e9cadas en la\u00a0<strong>estructura de poder iran\u00ed<\/strong>\u00a0y en las\u00a0<strong>tensiones con Occidente<\/strong>.<\/p>\n\n\n\n<p class=\"wp-block-paragraph\">Fuente:<a href=\"https:\/\/www.perfil.com\/\"> Perfil.com<\/a><\/p>","protected":false},"excerpt":{"rendered":"<p>Aliado incondicional de Donald Trump,&nbsp;el Gobierno argentino &#8220;celebr\u00f3&#8221; el ataque norteamericano al pa\u00eds isl\u00e1mico, y desde la cuenta oficial de&nbsp;Oficina del Presidente&nbsp;se consider\u00f3 que con la&nbsp;&#8220;eliminaci\u00f3n\u201d de Ali Jamenei&nbsp;se ha terminado&nbsp;&#8220;con una de las personas m\u00e1s malvadas, violentas y crueles que ha visto la historia de la humanidad\u201d.&nbsp;En la nota se felicit\u00f3 a los gobiernos [&hellip;]<\/p>\n","protected":false},"author":9,"featured_media":132906,"comment_status":"open","ping_status":"open","sticky":false,"template":"","format":"standard","meta":{"site-sidebar-layout":"default","site-content-layout":"","ast-site-content-layout":"default","site-content-style":"default","site-sidebar-style":"default","ast-global-header-display":"","ast-banner-title-visibility":"","ast-main-header-display":"","ast-hfb-above-header-display":"","ast-hfb-below-header-display":"","ast-hfb-mobile-header-display":"","site-post-title":"","ast-breadcrumbs-content":"","ast-featured-img":"","footer-sml-layout":"","ast-disable-related-posts":"","theme-transparent-header-meta":"","adv-header-id-meta":"","stick-header-meta":"","header-above-stick-meta":"","header-main-stick-meta":"","header-below-stick-meta":"","astra-migrate-meta-layouts":"default","ast-page-background-enabled":"default","ast-page-background-meta":{"desktop":{"background-color":"","background-image":"","background-repeat":"repeat","background-position":"center center","background-size":"auto","background-attachment":"scroll","background-type":"","background-media":"","overlay-type":"","overlay-color":"","overlay-opacity":"","overlay-gradient":""},"tablet":{"background-color":"","background-image":"","background-repeat":"repeat","background-position":"center center","background-size":"auto","background-attachment":"scroll","background-type":"","background-media":"","overlay-type":"","overlay-color":"","overlay-opacity":"","overlay-gradient":""},"mobile":{"background-color":"","background-image":"","background-repeat":"repeat","background-position":"center center","background-size":"auto","background-attachment":"scroll","background-type":"","background-media":"","overlay-type":"","overlay-color":"","overlay-opacity":"","overlay-gradient":""}},"ast-content-background-meta":{"desktop":{"background-color":"var(--ast-global-color-5)","background-image":"","background-repeat":"repeat","background-position":"center center","background-size":"auto","background-attachment":"scroll","background-type":"","background-media":"","overlay-type":"","overlay-color":"","overlay-opacity":"","overlay-gradient":""},"tablet":{"background-color":"var(--ast-global-color-5)","background-image":"","background-repeat":"repeat","background-position":"center center","background-size":"auto","background-attachment":"scroll","background-type":"","background-media":"","overlay-type":"","overlay-color":"","overlay-opacity":"","overlay-gradient":""},"mobile":{"background-color":"var(--ast-global-color-5)","background-image":"","background-repeat":"repeat","background-position":"center center","background-size":"auto","background-attachment":"scroll","background-type":"","background-media":"","overlay-type":"","overlay-color":"","overlay-opacity":"","overlay-gradient":""}},"footnotes":""},"categories":[25],"tags":[],"class_list":["post-132905","post","type-post","status-publish","format-standard","has-post-thumbnail","hentry","category-destacado"],"spectra_blocks_featured_image_url":{"thumbnail":{"url":"https:\/\/100xd.com.ar\/wp-content\/uploads\/2026\/03\/saludo-150x150.webp","width":150,"height":150},"medium":{"url":"https:\/\/100xd.com.ar\/wp-content\/uploads\/2026\/03\/saludo-300x169.webp","width":300,"height":169},"medium_large":{"url":"https:\/\/100xd.com.ar\/wp-content\/uploads\/2026\/03\/saludo-768x432.webp","width":768,"height":432},"large":{"url":"https:\/\/100xd.com.ar\/wp-content\/uploads\/2026\/03\/saludo.webp","width":987,"height":555},"full":{"url":"https:\/\/100xd.com.ar\/wp-content\/uploads\/2026\/03\/saludo.webp","width":987,"height":555}},"spectra_blocks_author_info":{"display_name":"Jorge Alfredo Baret","avatar_url":"https:\/\/secure.gravatar.com\/avatar\/31696f5ca83439b642450ec7d3f82f98451a5efacb414343d5478c982b337f26?s=96&d=mm&r=g","author_link":"https:\/\/100xd.com.ar\/en\/author\/jorge\/","description":"Ingeniero Qu\u00edmico UTN - Director Apoderado de Comunicaciones Auditadas SA. Editor Responsable 100xd.com.ar."},"_links":{"self":[{"href":"https:\/\/100xd.com.ar\/en\/wp-json\/wp\/v2\/posts\/132905","targetHints":{"allow":["GET"]}}],"collection":[{"href":"https:\/\/100xd.com.ar\/en\/wp-json\/wp\/v2\/posts"}],"about":[{"href":"https:\/\/100xd.com.ar\/en\/wp-json\/wp\/v2\/types\/post"}],"author":[{"embeddable":true,"href":"https:\/\/100xd.com.ar\/en\/wp-json\/wp\/v2\/users\/9"}],"replies":[{"embeddable":true,"href":"https:\/\/100xd.com.ar\/en\/wp-json\/wp\/v2\/comments?post=132905"}],"version-history":[{"count":1,"href":"https:\/\/100xd.com.ar\/en\/wp-json\/wp\/v2\/posts\/132905\/revisions"}],"predecessor-version":[{"id":132907,"href":"https:\/\/100xd.com.ar\/en\/wp-json\/wp\/v2\/posts\/132905\/revisions\/132907"}],"wp:featuredmedia":[{"embeddable":true,"href":"https:\/\/100xd.com.ar\/en\/wp-json\/wp\/v2\/media\/132906"}],"wp:attachment":[{"href":"https:\/\/100xd.com.ar\/en\/wp-json\/wp\/v2\/media?parent=132905"}],"wp:term":[{"taxonomy":"category","embeddable":true,"href":"https:\/\/100xd.com.ar\/en\/wp-json\/wp\/v2\/categories?post=132905"},{"taxonomy":"post_tag","embeddable":true,"href":"https:\/\/100xd.com.ar\/en\/wp-json\/wp\/v2\/tags?post=132905"}],"curies":[{"name":"wp","href":"https:\/\/api.w.org\/{rel}","templated":true}]}}