{"id":132134,"date":"2026-02-18T12:22:34","date_gmt":"2026-02-18T15:22:34","guid":{"rendered":"https:\/\/100xd.com.ar\/?p=132134"},"modified":"2026-02-18T12:22:34","modified_gmt":"2026-02-18T15:22:34","slug":"javier-milei-prorrogo-las-sesiones-extraordinarias-y-sumo-la-reforma-universitaria-hasta-cuando-se-extendera","status":"publish","type":"post","link":"https:\/\/100xd.com.ar\/en\/javier-milei-prorrogo-las-sesiones-extraordinarias-y-sumo-la-reforma-universitaria-hasta-cuando-se-extendera\/","title":{"rendered":"Javier Milei prorrog\u00f3 las sesiones extraordinarias y sum\u00f3 la reforma universitaria: \u00bfhasta cu\u00e1ndo se extender\u00e1?"},"content":{"rendered":"<p class=\"wp-block-paragraph\">El&nbsp;<a href=\"https:\/\/www.mdzol.com\/temas\/gobierno-313.html\">Gobierno<\/a>&nbsp;nacional oficializ\u00f3 la pr\u00f3rroga de las sesiones extraordinarias del Congreso mediante el Decreto 103\/2026, firmado por el presidente<strong>&nbsp;<a href=\"https:\/\/www.mdzol.com\/\/temas\/javier-milei-359.html\">Javier Milei<\/a><\/strong>&nbsp;y el vocero&nbsp;<a href=\"https:\/\/www.mdzol.com\/\/temas\/manuel-adorni-26092.html\">Manuel Adorni<\/a>. La medida extiende el per\u00edodo legislativo hasta el 28 de febrero.<\/p>\n\n\n\n<p class=\"wp-block-paragraph\">La decisi\u00f3n se basa en las facultades otorgadas por los art\u00edculos 63 y 99 inciso 9 de la Constituci\u00f3n Nacional, que habilitan al Poder Ejecutivo a convocar y ampliar sesiones fuera del calendario ordinario.<\/p>\n\n\n\n<p class=\"wp-block-paragraph\"><\/p>\n\n\n\n<h2 class=\"wp-block-heading\">Pr\u00f3rroga y marco legal<\/h2>\n\n\n\n<p class=\"wp-block-paragraph\">El decreto establece que se prorrogan las sesiones extraordinarias previamente convocadas por el Decreto 24 del 18 de enero de 2026. De esta manera, el Congreso contar\u00e1 con m\u00e1s tiempo para tratar proyectos clave impulsados por el Ejecutivo.<\/p>\n\n\n\n<p class=\"wp-block-paragraph\">La normativa fue publicada en la Ciudad de Buenos Aires el 13 de febrero y ordena su comunicaci\u00f3n al Registro Oficial, siguiendo los pasos administrativos habituales para su vigencia.<\/p>\n\n\n\n<h2 class=\"wp-block-heading\">Nuevo proyecto en el temario<\/h2>\n\n\n\n<p class=\"wp-block-paragraph\">Adem\u00e1s de extender el per\u00edodo, el decreto suma un punto central a la agenda parlamentaria: la consideraci\u00f3n del proyecto de&nbsp;<a href=\"https:\/\/www.mdzol.com\/temas\/reforma-13396.html\">reforma<\/a>&nbsp;de la Ley 27.795, vinculada al financiamiento de la educaci\u00f3n universitaria y la recomposici\u00f3n del salario docente.<\/p>\n\n\n\n<p class=\"wp-block-paragraph\">El texto indica que la iniciativa ser\u00e1 enviada por el Poder Ejecutivo y deber\u00e1 ser tratada dentro del esquema de sesiones extraordinarias iniciadas el 2 de febrero, ampliando as\u00ed el temario legislativo en un \u00e1rea sensible para el sistema educativo.<\/p>\n\n\n\n<p class=\"wp-block-paragraph\">Fuente:<a href=\"https:\/\/www.mdzol.com\/\"> Mendoza online<\/a><\/p>","protected":false},"excerpt":{"rendered":"<p>El&nbsp;Gobierno&nbsp;nacional oficializ\u00f3 la pr\u00f3rroga de las sesiones extraordinarias del Congreso mediante el Decreto 103\/2026, firmado por el presidente&nbsp;Javier Milei&nbsp;y el vocero&nbsp;Manuel Adorni. La medida extiende el per\u00edodo legislativo hasta el 28 de febrero. La decisi\u00f3n se basa en las facultades otorgadas por los art\u00edculos 63 y 99 inciso 9 de la Constituci\u00f3n Nacional, que habilitan [&hellip;]<\/p>\n","protected":false},"author":9,"featured_media":132135,"comment_status":"open","ping_status":"open","sticky":false,"template":"","format":"standard","meta":{"site-sidebar-layout":"default","site-content-layout":"","ast-site-content-layout":"default","site-content-style":"default","site-sidebar-style":"default","ast-global-header-display":"","ast-banner-title-visibility":"","ast-main-header-display":"","ast-hfb-above-header-display":"","ast-hfb-below-header-display":"","ast-hfb-mobile-header-display":"","site-post-title":"","ast-breadcrumbs-content":"","ast-featured-img":"","footer-sml-layout":"","ast-disable-related-posts":"","theme-transparent-header-meta":"","adv-header-id-meta":"","stick-header-meta":"","header-above-stick-meta":"","header-main-stick-meta":"","header-below-stick-meta":"","astra-migrate-meta-layouts":"default","ast-page-background-enabled":"default","ast-page-background-meta":{"desktop":{"background-color":"","background-image":"","background-repeat":"repeat","background-position":"center center","background-size":"auto","background-attachment":"scroll","background-type":"","background-media":"","overlay-type":"","overlay-color":"","overlay-opacity":"","overlay-gradient":""},"tablet":{"background-color":"","background-image":"","background-repeat":"repeat","background-position":"center center","background-size":"auto","background-attachment":"scroll","background-type":"","background-media":"","overlay-type":"","overlay-color":"","overlay-opacity":"","overlay-gradient":""},"mobile":{"background-color":"","background-image":"","background-repeat":"repeat","background-position":"center center","background-size":"auto","background-attachment":"scroll","background-type":"","background-media":"","overlay-type":"","overlay-color":"","overlay-opacity":"","overlay-gradient":""}},"ast-content-background-meta":{"desktop":{"background-color":"var(--ast-global-color-5)","background-image":"","background-repeat":"repeat","background-position":"center center","background-size":"auto","background-attachment":"scroll","background-type":"","background-media":"","overlay-type":"","overlay-color":"","overlay-opacity":"","overlay-gradient":""},"tablet":{"background-color":"var(--ast-global-color-5)","background-image":"","background-repeat":"repeat","background-position":"center center","background-size":"auto","background-attachment":"scroll","background-type":"","background-media":"","overlay-type":"","overlay-color":"","overlay-opacity":"","overlay-gradient":""},"mobile":{"background-color":"var(--ast-global-color-5)","background-image":"","background-repeat":"repeat","background-position":"center center","background-size":"auto","background-attachment":"scroll","background-type":"","background-media":"","overlay-type":"","overlay-color":"","overlay-opacity":"","overlay-gradient":""}},"footnotes":""},"categories":[2],"tags":[],"class_list":["post-132134","post","type-post","status-publish","format-standard","has-post-thumbnail","hentry","category-politica"],"spectra_blocks_featured_image_url":{"thumbnail":{"url":"https:\/\/100xd.com.ar\/wp-content\/uploads\/2026\/02\/palco-150x150.webp","width":150,"height":150},"medium":{"url":"https:\/\/100xd.com.ar\/wp-content\/uploads\/2026\/02\/palco-300x199.webp","width":300,"height":199},"medium_large":{"url":"https:\/\/100xd.com.ar\/wp-content\/uploads\/2026\/02\/palco.webp","width":760,"height":503},"large":{"url":"https:\/\/100xd.com.ar\/wp-content\/uploads\/2026\/02\/palco.webp","width":760,"height":503},"full":{"url":"https:\/\/100xd.com.ar\/wp-content\/uploads\/2026\/02\/palco.webp","width":760,"height":503}},"spectra_blocks_author_info":{"display_name":"Jorge Alfredo Baret","avatar_url":"https:\/\/secure.gravatar.com\/avatar\/31696f5ca83439b642450ec7d3f82f98451a5efacb414343d5478c982b337f26?s=96&d=mm&r=g","author_link":"https:\/\/100xd.com.ar\/en\/author\/jorge\/","description":"Ingeniero Qu\u00edmico UTN - Director Apoderado de Comunicaciones Auditadas SA. Editor Responsable 100xd.com.ar."},"_links":{"self":[{"href":"https:\/\/100xd.com.ar\/en\/wp-json\/wp\/v2\/posts\/132134","targetHints":{"allow":["GET"]}}],"collection":[{"href":"https:\/\/100xd.com.ar\/en\/wp-json\/wp\/v2\/posts"}],"about":[{"href":"https:\/\/100xd.com.ar\/en\/wp-json\/wp\/v2\/types\/post"}],"author":[{"embeddable":true,"href":"https:\/\/100xd.com.ar\/en\/wp-json\/wp\/v2\/users\/9"}],"replies":[{"embeddable":true,"href":"https:\/\/100xd.com.ar\/en\/wp-json\/wp\/v2\/comments?post=132134"}],"version-history":[{"count":1,"href":"https:\/\/100xd.com.ar\/en\/wp-json\/wp\/v2\/posts\/132134\/revisions"}],"predecessor-version":[{"id":132136,"href":"https:\/\/100xd.com.ar\/en\/wp-json\/wp\/v2\/posts\/132134\/revisions\/132136"}],"wp:featuredmedia":[{"embeddable":true,"href":"https:\/\/100xd.com.ar\/en\/wp-json\/wp\/v2\/media\/132135"}],"wp:attachment":[{"href":"https:\/\/100xd.com.ar\/en\/wp-json\/wp\/v2\/media?parent=132134"}],"wp:term":[{"taxonomy":"category","embeddable":true,"href":"https:\/\/100xd.com.ar\/en\/wp-json\/wp\/v2\/categories?post=132134"},{"taxonomy":"post_tag","embeddable":true,"href":"https:\/\/100xd.com.ar\/en\/wp-json\/wp\/v2\/tags?post=132134"}],"curies":[{"name":"wp","href":"https:\/\/api.w.org\/{rel}","templated":true}]}}