{"id":130293,"date":"2026-01-04T12:14:33","date_gmt":"2026-01-04T15:14:33","guid":{"rendered":"https:\/\/100xd.com.ar\/?p=130293"},"modified":"2026-01-04T12:14:33","modified_gmt":"2026-01-04T15:14:33","slug":"la-situacion-de-venezuela-obligo-a-kicillof-a-pronunciarse-mostrar-un-perfil-mas-nacional-y-diferenciarse-de-milei","status":"publish","type":"post","link":"https:\/\/100xd.com.ar\/en\/la-situacion-de-venezuela-obligo-a-kicillof-a-pronunciarse-mostrar-un-perfil-mas-nacional-y-diferenciarse-de-milei\/","title":{"rendered":"La situaci\u00f3n de Venezuela oblig\u00f3 a Kicillof a pronunciarse, mostrar un perfil m\u00e1s nacional y diferenciarse de Milei"},"content":{"rendered":"<p class=\"wp-block-paragraph\">La ca\u00edda de&nbsp;<a rel=\"noreferrer noopener\" href=\"https:\/\/www.infobae.com\/tag\/nicolas-maduro\/\" target=\"_blank\"><strong>Nicol\u00e1s Maduro<\/strong><\/a>&nbsp;al frente del gobierno de Venezuela, tras el operativo desplegado por las fuerzas estadounidenses y ordenado por el presidente<strong>&nbsp;Donald Trump<\/strong>, tuvo su correlato discursivo en la<a rel=\"noreferrer noopener\" href=\"https:\/\/www.infobae.com\/politica\/2026\/01\/03\/del-pro-al-peronismo-las-reacciones-de-los-politicos-argentinos-tras-la-detencion-de-nicolas-maduro\/\" target=\"_blank\">&nbsp;dirigencia pol\u00edtica argentina<\/a>, donde&nbsp;<strong>el peronismo opt\u00f3 por condenar la acci\u00f3n estadounidense<\/strong>&nbsp;en el pa\u00eds sudamericano, omitiendo referirse a la figura de Maduro. En este marco, el gobernador bonaerense,&nbsp;<strong>Axel Kicillof<\/strong>, se vio obligado a pronunciarse al respecto. Un pronunciamiento en el que&nbsp;<strong>volvi\u00f3 a diferenciarse de la posici\u00f3n del presidente Javier Milei&nbsp;<\/strong>y en el que tambi\u00e9n mostr\u00f3 un discurso de car\u00e1cter m\u00e1s nacional y de pol\u00edtica regional.<a href=\"https:\/\/www.infobae.com\/economia\/2026\/01\/04\/la-caida-de-maduro-tendra-un-impacto-directo-para-la-economia-argentina-vaca-muerta-inflacion-y-bonos\/\" target=\"_blank\" rel=\"noreferrer noopener\">Te puede interesar:<strong>La ca\u00edda de Maduro tendr\u00e1 un impacto directo para la econom\u00eda argentina: Vaca Muerta, inflaci\u00f3n y bonos<\/strong><\/a><\/p>\n\n\n\n<p class=\"wp-block-paragraph\">En los \u00faltimos a\u00f1os,&nbsp;<strong>Venezuela fue un tema complejo para el peronismo y m\u00e1s a\u00fan para el kirchnerismo<\/strong>. Sin embargo, la posici\u00f3n en la que coincidieron las distintas vertientes del partido opositor al gobierno de<strong>&nbsp;Javier Milei&nbsp;<\/strong>es que&nbsp;<strong>deb\u00eda primar la no intervenci\u00f3n de Estados Unidos&nbsp;<\/strong>o de cualquier pa\u00eds en conflictos de otras naciones y la resoluci\u00f3n de conflictos internacionales mediante el di\u00e1logo internacional. Eso ratific\u00f3 Kicillof este s\u00e1bado ya en horas del mediod\u00eda, cuando distintas terminales pol\u00edticas empezaban a marcar su posicionamiento.<a href=\"http:\/\/bajalibros.com\/?externalId=9789584254047\" rel=\"noreferrer noopener\" target=\"_blank\">La trivialidad del mal$5.899,99&nbsp;ARSComprar<\/a><a href=\"http:\/\/bajalibros.com\/?externalId=9788410671737\" rel=\"noreferrer noopener\" target=\"_blank\">Venezuela: memorias de un futuro perdido.$15.750,33&nbsp;ARSComprar<\/a><a href=\"http:\/\/bajalibros.com\/?externalId=9788412077377\" rel=\"noreferrer noopener\" target=\"_blank\">D\u00edas salvajes$4.999&nbsp;ARSComprar<\/a><a href=\"http:\/\/bajalibros.com\/?externalId=9788417014575\" rel=\"noreferrer noopener\" target=\"_blank\">SOS Venezuela$5.999&nbsp;ARSComprar<\/a><a href=\"http:\/\/bajalibros.com\/?externalId=9781644734155\" rel=\"noreferrer noopener\" target=\"_blank\">17 minutos$18.107,7&nbsp;ARSComprar<\/a><a href=\"http:\/\/bajalibros.com\/?externalId=9788498971620\" rel=\"noreferrer noopener\" target=\"_blank\">Constituci\u00f3n de Venezuela de 1961$999&nbsp;ARSComprar<\/a><a href=\"http:\/\/bajalibros.com\/?externalId=9788490661970\" rel=\"noreferrer noopener\" target=\"_blank\">Patria o muerte$5.899,99&nbsp;ARSComprar<\/a><a href=\"http:\/\/bajalibros.com\/?externalId=9788417014254\" rel=\"noreferrer noopener\" target=\"_blank\">El ocaso del chavismo$9.499&nbsp;ARSComprar<\/a><a href=\"http:\/\/bajalibros.com\/?externalId=9786280208473\" rel=\"noreferrer noopener\" target=\"_blank\">El enga\u00f1o del &#8220;Progresismo&#8221;$21.499&nbsp;ARSComprar<\/a><a href=\"http:\/\/bajalibros.com\/?externalId=9781094422664\" rel=\"noreferrer noopener\" target=\"_blank\">Caracas$8.499&nbsp;ARSComprar<\/a><a href=\"http:\/\/bajalibros.com\/?externalId=9788416687008\" rel=\"noreferrer noopener\" target=\"_blank\">La econom\u00eda del caos$3.999&nbsp;ARSComprar<\/a><a href=\"http:\/\/bajalibros.com\/?externalId=9788466671125\" rel=\"noreferrer noopener\" target=\"_blank\">Conexi\u00f3n Caracas-Moncloa$11.499&nbsp;ARSComprar<\/a><\/p>\n\n\n\n<p class=\"wp-block-paragraph\"><strong>\u201cArgentina tiene una larga tradici\u00f3n en el di\u00e1logo internacional y la defensa de la soberan\u00eda y la integridad territorial, en la prohibici\u00f3n del uso de la fuerza y en la soluci\u00f3n pac\u00edfica de las controversias internacionales<\/strong>\u201d, esboz\u00f3 el mandatario bonaerense. Lo hizo luego de que otros del peronismo se expresaran en la misma sinton\u00eda. Incluso algunos de sus ministros bonaerenses, como&nbsp;<strong>Andr\u00e9s Larroque<\/strong>&nbsp;(Desarrollo de la Comunidad), quien plante\u00f3: \u201cRepudiamos la intervenci\u00f3n militar de Estados Unidos en Venezuela. Estas acciones violentan el derecho internacional, atentan contra la soberan\u00eda del pueblo venezolano y sientan un peligroso precedente para la regi\u00f3n y el mundo\u201d.<a href=\"https:\/\/www.infobae.com\/economia\/2026\/01\/04\/ley-de-inocencia-fiscal-por-que-los-bancos-no-esperan-que-los-dolares-del-colchon-vuelvan-a-la-economia-formal\/\" target=\"_blank\" rel=\"noreferrer noopener\">Te puede interesar:<strong>Ley de Inocencia Fiscal: por qu\u00e9 los bancos no esperan que los \u201cd\u00f3lares del colch\u00f3n\u201d vuelvan a la econom\u00eda formal<\/strong><\/a><\/p>\n\n\n\n<p class=\"wp-block-paragraph\">La posici\u00f3n del gobernador bonaerense dist\u00f3 de la que hizo uno de sus colegas del&nbsp;<em>panperonismo<\/em>, pero que mantiene una buena relaci\u00f3n con la Casa Rosada, como el tucumano&nbsp;<strong>Osvaldo Jaldo<\/strong>, quien asever\u00f3 que \u2014con su accionar\u2014 Donald Trump \u201csac\u00f3 un dictador de Venezuela\u201d. Jaldo fue por m\u00e1s y agreg\u00f3 que \u201c<strong>ojal\u00e1 Estados Unidos pueda seguir avanzando con esta decisi\u00f3n<\/strong>, que significa limpiar al mundo de dictadores, limpiar el mundo de terroristas y limpiar el mundo de narcotraficantes, que tanto da\u00f1o hacen a la Argentina, a nuestros hijos y a nuestros nietos. Si alguien no toma la decisi\u00f3n de limpiar el mundo de drogas, como lo est\u00e1 haciendo el presidente de los Estados Unidos, la vamos a pasar mal\u201d.<img loading=\"lazy\" decoding=\"async\" alt=\"Jaldo, uno de los peronistas\" height=\"1084\" src=\"https:\/\/www.infobae.com\/resizer\/v2\/FP3DKVYCGFH67BYTCAHDRD7L3A.jpeg?auth=2248eafc92ef1e0d73f2f7350d8107b1158b4e914d14d790510688d9fdac442d&amp;smart=true&amp;width=350&amp;height=237&amp;quality=85\" width=\"1600\" title=\"La situaci\u00f3n de Venezuela oblig\u00f3 a Kicillof a pronunciarse, mostrar un perfil m\u00e1s nacional y diferenciarse de Milei\">Jaldo, uno de los peronistas de buen di\u00e1logo con el gobierno nacional. En la imagen, sentado junto al ministro del Interior, Diego Santilli<\/p>\n\n\n\n<p class=\"wp-block-paragraph\">Tambi\u00e9n, y previsiblemente, Kicillof volvi\u00f3 a diferenciarse del presidente Javier Milei. Mientras que el mandatario argentino remarcaba que&nbsp;<strong>la detenci\u00f3n de Maduro signific\u00f3 \u201cla ca\u00edda de un r\u00e9gimen de un dictador\u201d<\/strong>, el gobernador bonaerense esgrimi\u00f3 que \u201ceste hecho&nbsp;<strong>constituye una grave violaci\u00f3n de los principios elementales del Derecho Internacional<\/strong>, altera la estabilidad regional y sienta un peligroso precedente\u201d.<a href=\"https:\/\/www.infobae.com\/politica\/2026\/01\/04\/casi-120000-extranjeros-tramitaron-su-dni-argentino-en-los-ultimos-12-anos-en-que-ano-fue-el-pico-y-cual-es-el-principal-pais-de-origen\/\" target=\"_blank\" rel=\"noreferrer noopener\">Te puede interesar:<strong>Casi 120.000 extranjeros tramitaron su DNI argentino en los \u00faltimos 12 a\u00f1os: en qu\u00e9 a\u00f1o fue el pico y cu\u00e1l es el principal pa\u00eds de origen<\/strong><\/a><\/p>\n\n\n\n<p class=\"wp-block-paragraph\">Kicillof se mostr\u00f3 en sinton\u00eda con&nbsp;<a rel=\"noreferrer noopener\" href=\"https:\/\/www.infobae.com\/venezuela\/2026\/01\/03\/los-paises-de-la-region-que-apoyan-la-libertad-de-venezuela-y-los-que-respaldan-al-dictador-maduro\/\" target=\"_blank\">los presidentes de la regi\u00f3n que optaron por condenar el accionar de Estados Unidos&nbsp;<\/a>como<strong>&nbsp;Luiz In\u00e1cio Lula Da Silva&nbsp;<\/strong>(Brasil),&nbsp;<strong>Claudia Sheinbaum&nbsp;<\/strong>(M\u00e9xico),&nbsp;<strong>Gustavo Petro<\/strong>&nbsp;(Colombia) y&nbsp;<strong>Yamand\u00fa Orsi<\/strong>&nbsp;(Uruguay). Con ellos, el gobernador bonaerense mantiene di\u00e1logo en mayor o menor grado de fluidez.<img loading=\"lazy\" decoding=\"async\" alt=\"Axel Kicillof y el presidente\" height=\"1080\" src=\"https:\/\/www.infobae.com\/resizer\/v2\/SQROKDWUXRGQZCZ7Q6BQ722AME.jpg?auth=d74231982b43b7b54c801f0cd790e47a78ad15d4ac9984fcfa912f791754ea58&amp;smart=true&amp;width=350&amp;height=197&amp;quality=85\" width=\"1920\" title=\"La situaci\u00f3n de Venezuela oblig\u00f3 a Kicillof a pronunciarse, mostrar un perfil m\u00e1s nacional y diferenciarse de Milei\">Axel Kicillof y el presidente de Brasil, Lula Da Silva<\/p>\n\n\n\n<p class=\"wp-block-paragraph\">En las aspiraciones y construcci\u00f3n nacional que planea empezar tejer Kicillof en este 2026, con el objetivo de llegar fortalecido internamente al 2027,&nbsp;<strong>la situaci\u00f3n de Venezuela y qu\u00e9 posici\u00f3n tomar al respecto es ineludible<\/strong>.<\/p>\n\n\n\n<p class=\"wp-block-paragraph\">El caso de Venezuela le adelant\u00f3 los tiempos. Por estos d\u00edas el mandatario mantiene una agenda de baja exposici\u00f3n por ser los primeros d\u00edas del a\u00f1o; pero a partir de mediados de enero acelerar\u00e1 las recorridas de gesti\u00f3n con especial \u00e9nfasis en puntos tur\u00edsticos de la provincia de Buenos Aires.<\/p>\n\n\n\n<p class=\"wp-block-paragraph\">Bajo ese contexto es que planeaba y planea confrontar con las pol\u00edticas econ\u00f3micas de Javier Milei y darle un cariz m\u00e1s federal a su discurso. En la Provincia de Buenos Aires proyectan una temporada de bajo consumo y signada por el ajuste obligado por la falta de recursos propios. Por ejemplo, en 2023 \u2014\u00faltimo verano de gobierno peronista a nivel nacional y provincial\u2014 los paradores ReCreo se instalaron en Chascom\u00fas, Mar de Aj\u00f3, Mar del Plata, Villa Gesell y Monte Hermoso. Este a\u00f1o solo habr\u00e1 en Villa Gesell y General Alvarado (Miramar).<\/p>\n\n\n\n<p class=\"wp-block-paragraph\">El 14 de enero inaugura las llamadas Conferencias de Verano, en las que mantiene una reuni\u00f3n ampliada con distintos sectores productivos de los puntos tur\u00edsticos bonaerenses y luego hace una especie de balance y alg\u00fan anuncio si est\u00e1n dadas las condiciones. La primera de esta jornada est\u00e1 pautada que sea en el municipio del Partido de la Costa, donde gobierna el peronista&nbsp;<strong>Juan De Jes\u00fas<\/strong>&nbsp;y luego lleve adelante la conferencia en Villa Gesell; municipio a cargo del kicillofista&nbsp;<strong>Gustavo Barrera<\/strong>.<\/p>\n\n\n\n<p class=\"wp-block-paragraph\">Una semana despu\u00e9s, el encuentro con empresarios y productores tendr\u00e1 lugar en Chascom\u00fas, bajo la gesti\u00f3n de Javier Gast\u00f3n. El mi\u00e9rcoles 28, el gabinete provincial se reunir\u00e1 en San Pedro, encabezado por<strong>\u00a0Cecilio Salazar<\/strong>, para destacar la oferta tur\u00edstica de la regi\u00f3n. En febrero, la agenda continuar\u00e1 en Carmen de Patagones, con<strong>\u00a0Ricardo Marino<\/strong>\u00a0como anfitri\u00f3n, y la siguiente conferencia ser\u00e1 en Quequ\u00e9n el mi\u00e9rcoles 11. Luego, el encuentro productivo pasar\u00e1 a Lobos, \u00fanico municipio de la Tercera secci\u00f3n gobernado por el PRO. Toda una novedad, la locaci\u00f3n elegida. El ciclo cerrar\u00e1 el 25 de febrero en Mar Chiquita, distrito a cargo de<strong>\u00a0Walter Wischnivetzky<\/strong>, tradicional sede de actividades provinciales.<\/p>\n\n\n\n<p class=\"wp-block-paragraph\">Fuente: <a href=\"https:\/\/www.infobae.com\/\">Infobae.com<\/a><\/p>","protected":false},"excerpt":{"rendered":"<p>La ca\u00edda de&nbsp;Nicol\u00e1s Maduro&nbsp;al frente del gobierno de Venezuela, tras el operativo desplegado por las fuerzas estadounidenses y ordenado por el presidente&nbsp;Donald Trump, tuvo su correlato discursivo en la&nbsp;dirigencia pol\u00edtica argentina, donde&nbsp;el peronismo opt\u00f3 por condenar la acci\u00f3n estadounidense&nbsp;en el pa\u00eds sudamericano, omitiendo referirse a la figura de Maduro. En este marco, el gobernador bonaerense,&nbsp;Axel [&hellip;]<\/p>\n","protected":false},"author":9,"featured_media":130294,"comment_status":"open","ping_status":"open","sticky":false,"template":"","format":"standard","meta":{"site-sidebar-layout":"default","site-content-layout":"","ast-site-content-layout":"default","site-content-style":"default","site-sidebar-style":"default","ast-global-header-display":"","ast-banner-title-visibility":"","ast-main-header-display":"","ast-hfb-above-header-display":"","ast-hfb-below-header-display":"","ast-hfb-mobile-header-display":"","site-post-title":"","ast-breadcrumbs-content":"","ast-featured-img":"","footer-sml-layout":"","ast-disable-related-posts":"","theme-transparent-header-meta":"","adv-header-id-meta":"","stick-header-meta":"","header-above-stick-meta":"","header-main-stick-meta":"","header-below-stick-meta":"","astra-migrate-meta-layouts":"default","ast-page-background-enabled":"default","ast-page-background-meta":{"desktop":{"background-color":"","background-image":"","background-repeat":"repeat","background-position":"center center","background-size":"auto","background-attachment":"scroll","background-type":"","background-media":"","overlay-type":"","overlay-color":"","overlay-opacity":"","overlay-gradient":""},"tablet":{"background-color":"","background-image":"","background-repeat":"repeat","background-position":"center center","background-size":"auto","background-attachment":"scroll","background-type":"","background-media":"","overlay-type":"","overlay-color":"","overlay-opacity":"","overlay-gradient":""},"mobile":{"background-color":"","background-image":"","background-repeat":"repeat","background-position":"center center","background-size":"auto","background-attachment":"scroll","background-type":"","background-media":"","overlay-type":"","overlay-color":"","overlay-opacity":"","overlay-gradient":""}},"ast-content-background-meta":{"desktop":{"background-color":"var(--ast-global-color-5)","background-image":"","background-repeat":"repeat","background-position":"center center","background-size":"auto","background-attachment":"scroll","background-type":"","background-media":"","overlay-type":"","overlay-color":"","overlay-opacity":"","overlay-gradient":""},"tablet":{"background-color":"var(--ast-global-color-5)","background-image":"","background-repeat":"repeat","background-position":"center center","background-size":"auto","background-attachment":"scroll","background-type":"","background-media":"","overlay-type":"","overlay-color":"","overlay-opacity":"","overlay-gradient":""},"mobile":{"background-color":"var(--ast-global-color-5)","background-image":"","background-repeat":"repeat","background-position":"center center","background-size":"auto","background-attachment":"scroll","background-type":"","background-media":"","overlay-type":"","overlay-color":"","overlay-opacity":"","overlay-gradient":""}},"footnotes":""},"categories":[25],"tags":[],"class_list":["post-130293","post","type-post","status-publish","format-standard","has-post-thumbnail","hentry","category-destacado"],"spectra_blocks_featured_image_url":{"thumbnail":{"url":"https:\/\/100xd.com.ar\/wp-content\/uploads\/2026\/01\/enano-150x150.jpg","width":150,"height":150},"medium":{"url":"https:\/\/100xd.com.ar\/wp-content\/uploads\/2026\/01\/enano-300x200.jpg","width":300,"height":200},"medium_large":{"url":"https:\/\/100xd.com.ar\/wp-content\/uploads\/2026\/01\/enano-768x512.jpg","width":768,"height":512},"large":{"url":"https:\/\/100xd.com.ar\/wp-content\/uploads\/2026\/01\/enano.jpg","width":992,"height":661},"full":{"url":"https:\/\/100xd.com.ar\/wp-content\/uploads\/2026\/01\/enano.jpg","width":992,"height":661}},"spectra_blocks_author_info":{"display_name":"Jorge Alfredo Baret","avatar_url":"https:\/\/secure.gravatar.com\/avatar\/31696f5ca83439b642450ec7d3f82f98451a5efacb414343d5478c982b337f26?s=96&d=mm&r=g","author_link":"https:\/\/100xd.com.ar\/en\/author\/jorge\/","description":"Ingeniero Qu\u00edmico UTN - Director Apoderado de Comunicaciones Auditadas SA. Editor Responsable 100xd.com.ar."},"_links":{"self":[{"href":"https:\/\/100xd.com.ar\/en\/wp-json\/wp\/v2\/posts\/130293","targetHints":{"allow":["GET"]}}],"collection":[{"href":"https:\/\/100xd.com.ar\/en\/wp-json\/wp\/v2\/posts"}],"about":[{"href":"https:\/\/100xd.com.ar\/en\/wp-json\/wp\/v2\/types\/post"}],"author":[{"embeddable":true,"href":"https:\/\/100xd.com.ar\/en\/wp-json\/wp\/v2\/users\/9"}],"replies":[{"embeddable":true,"href":"https:\/\/100xd.com.ar\/en\/wp-json\/wp\/v2\/comments?post=130293"}],"version-history":[{"count":1,"href":"https:\/\/100xd.com.ar\/en\/wp-json\/wp\/v2\/posts\/130293\/revisions"}],"predecessor-version":[{"id":130295,"href":"https:\/\/100xd.com.ar\/en\/wp-json\/wp\/v2\/posts\/130293\/revisions\/130295"}],"wp:featuredmedia":[{"embeddable":true,"href":"https:\/\/100xd.com.ar\/en\/wp-json\/wp\/v2\/media\/130294"}],"wp:attachment":[{"href":"https:\/\/100xd.com.ar\/en\/wp-json\/wp\/v2\/media?parent=130293"}],"wp:term":[{"taxonomy":"category","embeddable":true,"href":"https:\/\/100xd.com.ar\/en\/wp-json\/wp\/v2\/categories?post=130293"},{"taxonomy":"post_tag","embeddable":true,"href":"https:\/\/100xd.com.ar\/en\/wp-json\/wp\/v2\/tags?post=130293"}],"curies":[{"name":"wp","href":"https:\/\/api.w.org\/{rel}","templated":true}]}}