{"id":130138,"date":"2025-12-31T12:22:06","date_gmt":"2025-12-31T15:22:06","guid":{"rendered":"https:\/\/100xd.com.ar\/?p=130138"},"modified":"2025-12-31T12:22:06","modified_gmt":"2025-12-31T15:22:06","slug":"un-tema-tabu-detras-de-la-primera-victoria-por-goleada-del-gobierno","status":"publish","type":"post","link":"https:\/\/100xd.com.ar\/en\/un-tema-tabu-detras-de-la-primera-victoria-por-goleada-del-gobierno\/","title":{"rendered":"Un tema tab\u00fa detr\u00e1s de la primera victoria por goleada del Gobierno"},"content":{"rendered":"<p class=\"wp-block-paragraph\">Ni los m\u00e1s optimistas esperaban que la ley de presupuesto 2026 fuese aprobada con el voto de 46 de los 72 senadores nacionales, cuando el bloque de&nbsp;<strong>La Libertad Avanza<\/strong>&nbsp;solo tiene una veintena de miembros. Fue la&nbsp;<mark>primera goleada parlamentaria a favor del Gobierno<\/mark>. El festejo oficial ante el primer presupuesto sancionado por el Congreso en dos a\u00f1os de gesti\u00f3n de&nbsp;<strong>Javier Milei<\/strong>&nbsp;pareci\u00f3 dejar atr\u00e1s el sabor amargo que hab\u00eda provocado en el partido gobernante la media sanci\u00f3n en la&nbsp;<strong>C\u00e1mara de Diputados<\/strong>, luego de que la oposici\u00f3n impusiera su rechazo al cap\u00edtulo de la iniciativa que propiciaba la derogaci\u00f3n de las leyes de financiamiento universitario y de emergencia en discapacidad, y de que esa situaci\u00f3n haya llevado al propio Presidente a pensar en vetar la norma si se aprobaba como finalmente sali\u00f3.<\/p>\n\n\n\n<p class=\"wp-block-paragraph\">Hasta pocas horas despu\u00e9s de la media sanci\u00f3n en Diputados, en la madrugada del jueves 18, voceros del oficialismo se lamentaban de que se hab\u00eda aprobado un presupuesto \u201cdeficitario\u201d. \u00bfQu\u00e9 ocurri\u00f3 para que, ocho d\u00edas despu\u00e9s, con la convalidaci\u00f3n de la ley por el&nbsp;<strong>Senado<\/strong>, el oficialismo celebrara la sanci\u00f3n de un presupuesto \u201csin d\u00e9ficit\u201d? Sencillamente, el Gobierno reasignar\u00e1 partidas presupuestarias o bien utilizar\u00e1 los recursos excedentes que podr\u00edan quedarle por una inflaci\u00f3n que probablemente termine siendo mayor a la del 10,1% prevista -para muchos alegremente- por el presupuesto. Hay quienes en el Gobierno se ilusionan, adem\u00e1s, con un crecimiento econ\u00f3mico levemente mayor al 5% pautado por la ley para 2026, lo que descomprimir\u00eda las tensiones.<\/p>\n\n\n\n<p class=\"wp-block-paragraph\">No hab\u00eda posibilidad de dar marcha atr\u00e1s aunque la ley distara de ser perfecta.&nbsp;<mark>La sanci\u00f3n del presupuesto por el Congreso era una virtual exigencia del FMI para concederle al Estado argentino un \u201cwaiver\u201d o perd\u00f3n por el incumplimiento de las metas en materia de acumulaci\u00f3n de reservas<\/mark>. Milei acept\u00f3 resignar una parte -las derogaciones de leyes que considera incompatibles con el equilibrio fiscal- en pos de asegurar el todo y brindar una&nbsp;<mark>se\u00f1al de gobernabilidad<\/mark>&nbsp;tras dos a\u00f1os sin la llamada ley de leyes.<\/p>\n\n\n\n<figure data-spectra-id=\"spectra-f1f1c961-bae3-4ed5-84bd-605f1e659175\" class=\"wp-block-image\"><img decoding=\"async\" src=\"https:\/\/resizer.glanacion.com\/resizer\/v2\/martin-menem-patricia-bullrich-y-diego-santilli-OL4MM7AE5NCR7J2LYAKDFPKYXI.JPG?auth=21b27728af825e7b641352bb8afaa314bf2d1bbcbcc9dabd9c1c7a8cde7dd563&amp;width=420&amp;height=280&amp;quality=70&amp;smart=true\" alt=\"Mart\u00edn Menem, Patricia Bullrich y Diego Santilli celebran la sanci\u00f3n de la ley de presupuesto en el Senado\" title=\"Un tema tab\u00fa detr\u00e1s de la primera victoria por goleada del Gobierno\" \/><figcaption>Mart\u00edn Menem, Patricia Bullrich y Diego Santilli celebran la sanci\u00f3n de la ley de presupuesto en el SenadoX @diegosantilli<\/figcaption><\/figure>\n\n\n\n<p class=\"wp-block-paragraph\">Si hay algo que el gobernante desea obtener pero advierte que no puede conseguir, lo peor que har\u00eda es mostrar su desilusi\u00f3n y quejarse de su fracaso. Una t\u00e1ctica mucho m\u00e1s inteligente consiste en simular que, en realidad, nunca lo necesit\u00f3. A veces tal actitud puede ser considerada como una reacci\u00f3n propia de personas d\u00e9biles, pero en rigor es la t\u00e1ctica de los poderosos.<\/p>\n\n\n\n<p class=\"wp-block-paragraph\">Como se\u00f1al\u00f3&nbsp;<strong>Nicol\u00e1s Maquiavelo<\/strong>, no hay nada m\u00e1s dif\u00edcil de llevar a cabo, ni de \u00e9xito m\u00e1s dudoso, ni m\u00e1s peligroso de manejar, que&nbsp;<mark>la implementaci\u00f3n de un nuevo orden de cosas<\/mark>. Aunque todo el mundo comprenda la necesidad del cambio, el ser humano es hijo de la costumbre. Demasiada innovaci\u00f3n puede resultar traum\u00e1tica y llevar a una rebeli\u00f3n.<\/p>\n\n\n\n<p class=\"wp-block-paragraph\">Quiz\u00e1s&nbsp;<mark>la mayor satisfacci\u00f3n que recibi\u00f3 el primer mandatario<\/mark>&nbsp;en la noche del viernes \u00faltimo en el Senado se produjo cuando, durante la votaci\u00f3n en particular, con el apoyo de 42 legisladores -m\u00e1s del doble de los miembros de La Libertad Avanza-, se aprob\u00f3 el cap\u00edtulo II del proyecto presupuestario. Este cap\u00edtulo inclu\u00eda la derogaci\u00f3n de normas que fijan una inversi\u00f3n m\u00ednima obligatoria del 6% del PBI en educaci\u00f3n y una inversi\u00f3n que progresivamente deber\u00eda llegar al 1% del PBI en ciencia y tecnolog\u00eda. Fue una&nbsp;<mark>revancha de los libertarios en t\u00e9rminos de una batalla cultural que el oficialismo ven\u00eda perdiendo inexorablemente<\/mark>&nbsp;desde aquel golpe al h\u00edgado que represent\u00f3 para Milei la multitudinaria marcha en defensa de la universidad p\u00fablica y en contra del veto presidencial a la ley de financiamiento universitario, rechazado por un Congreso en el que, por entonces, el mile\u00edsmo no hac\u00eda pie.<\/p>\n\n\n\n<hr class=\"wp-block-separator\"\/>\n\n\n\n<blockquote class=\"wp-block-quote is-layout-flow wp-block-quote-is-layout-flow\"><p>El 70% de los alumnos que se reciben en la universidad p\u00fablica pertenece al 20% de las familias con mayores ingresos. Apenas se grad\u00faa uno de cada cien estudiantes provenientes del quintil m\u00e1s pobre de la poblaci\u00f3n argentina<\/p><\/blockquote>\n\n\n\n<hr class=\"wp-block-separator\"\/>\n\n\n\n<p class=\"wp-block-paragraph\">Como era de esperar, desde el&nbsp;<strong>kirchnerismo<\/strong>&nbsp;se acus\u00f3 al Gobierno de&nbsp;<mark>pretender \u201creventar el sistema educativo argentino\u201d<\/mark>. Pero lo cierto es que, desde la sanci\u00f3n de la ley de financiamiento educativo, en 2006, aquella meta del 6% solo se cumpli\u00f3 una vez, en 2015. En los restantes a\u00f1os, su aplicaci\u00f3n fue parcial o directamente incumplida. A eso hay que a\u00f1adir que&nbsp;<mark>el aumento del gasto no se tradujo en mejores resultados educativos<\/mark>; as\u00ed lo demuestran evaluaciones nacionales como las pruebas&nbsp;<strong>Aprender<\/strong>&nbsp;o internacionales como las&nbsp;<strong>PISA<\/strong>.&nbsp;<mark>El problema, por lo tanto, no pasa solo por cu\u00e1nto se invierte, sino por c\u00f3mo se asignan esos recursos<\/mark>.<\/p>\n\n\n\n<p class=\"wp-block-paragraph\">La cuesti\u00f3n del financiamiento universitario, si bien hoy puede parecer resuelta en favor de la oposici\u00f3n pol\u00edtica y de los grupos que militan por la universidad p\u00fablica y gratuita, ofrece un largo debate por delante, aunque para muchos sea&nbsp;<mark>un tema tab\u00fa<\/mark>. Se suelen demandar aumentos presupuestarios, como si el dinero cayera del cielo.&nbsp;<mark>Casi nadie se atreve a considerar si no resultar\u00eda m\u00e1s justo que estudiantes de familias de altos ingresos y extranjeros abonen un arancel que permita becar a estudiantes con bajos ingresos<\/mark>.<\/p>\n\n\n\n<p class=\"wp-block-paragraph\">Del mismo modo que ciertas provincias solicitan m\u00e1s aportes del Tesoro Nacional esgrimiendo que no pueden mantener sus caminos destruidos, pero son incapaces de ajustar sus excesos burocr\u00e1ticos en plantas de personal que han crecido desmedidamente, otros sectores demandan mayor presupuesto para las universidades sin decir de d\u00f3nde saldr\u00e1n los fondos.<\/p>\n\n\n\n<figure data-spectra-id=\"spectra-3ee65f3e-31ea-43cc-874f-a3e468d6cea0\" class=\"wp-block-image\"><img decoding=\"async\" src=\"https:\/\/resizer.glanacion.com\/resizer\/v2\/una-de-las-marchas-frente-al-congreso-en-defensa-AOA5JDQB4BCOZNVU5AWKNCVWIU.JPG?auth=4fe56a60a7c12e96a35b91309c2425dc7ee511b2d0eff612d158e31aac299c53&amp;width=420&amp;height=280&amp;quality=70&amp;smart=true\" alt=\"Una de las marchas frente al Congreso en defensa de la universidad p\u00fablica\" title=\"Un tema tab\u00fa detr\u00e1s de la primera victoria por goleada del Gobierno\" \/><figcaption>Una de las marchas frente al Congreso en defensa de la universidad p\u00fablicaNicol\u00e1s Su\u00e1rez<\/figcaption><\/figure>\n\n\n\n<p class=\"wp-block-paragraph\">La demagogia se cuela muchas veces en esta discusi\u00f3n. Aunque la&nbsp;<strong>Argentina<\/strong>&nbsp;tiene m\u00e1s estudiantes universitarios que&nbsp;<strong>Brasil<\/strong>&nbsp;y&nbsp;<strong>Chile<\/strong>, estos dos pa\u00edses la superan en porcentaje de graduados. El n\u00famero de estudiantes cada 10 mil habitantes era en 2021 de 557 en la Argentina, de 408 en Brasil y de 355 en Chile. Sin embargo,&nbsp;<mark>el n\u00famero de graduados cada 10 mil habitantes es de 61 en Brasil, de 55 en Chile y apenas de 31 en la Argentina<\/mark>, seg\u00fan un trabajo del&nbsp;<strong>Centro de Estudios de la Educaci\u00f3n Argentina<\/strong>&nbsp;de la&nbsp;<strong>Universidad de Belgrano<\/strong>.<\/p>\n\n\n\n<p class=\"wp-block-paragraph\">Otro dato relevante es que, a pesar de la gratuidad universitaria,&nbsp;<mark>apenas se grad\u00faa uno de cada cien estudiantes provenientes del quintil m\u00e1s pobre de la poblaci\u00f3n argentina<\/mark>. El 70% de los alumnos que se reciben en la universidad p\u00fablica pertenece al 20% de las familias con mayores ingresos.<\/p>\n\n\n\n<p class=\"wp-block-paragraph\">Se confirma as\u00ed que ni siquiera la gratuidad beneficia a los j\u00f3venes de menores recursos. El debate sobre la gratuidad, en rigor, es falso cuando siempre hay alguien que termina haci\u00e9ndose cargo de los costos, dado que los fondos p\u00fablicos provienen de los impuestos que paga la ciudadan\u00eda. Pocos se preguntan&nbsp;<mark>por qu\u00e9 todos los contribuyentes deber\u00edan financiar a estudiantes que se encuentran en condiciones de pagar un arancel razonable por su educaci\u00f3n superior, cuando ese financiamiento p\u00fablico no permite alcanzar tasas de graduaci\u00f3n satisfactorias entre los estudiantes de m\u00e1s baja condici\u00f3n socioecon\u00f3mica<\/mark>.<\/p>\n\n\n\n<p class=\"wp-block-paragraph\">De lo que se debe tratar es de buscar alternativas superadoras que vayan m\u00e1s all\u00e1 de soluciones voluntaristas sustentadas en recursos de un Estado que debe dejar definitivamente atr\u00e1s el d\u00e9ficit fiscal, sin olvidar al mismo tiempo que los pa\u00edses que m\u00e1s han crecido son aquellos que, sin desde\u00f1ar el aporte del capital privado, m\u00e1s han invertido en educaci\u00f3n y promoci\u00f3n de la investigaci\u00f3n cient\u00edfica.<\/p>\n\n\n\n<p class=\"wp-block-paragraph\">Por\u00a0<a href=\"https:\/\/www.lanacion.com.ar\/autor\/fernando-laborda-7\/\"><strong>Fernando Laborda<\/strong><\/a><\/p>\n\n\n\n<p class=\"wp-block-paragraph\">Fuente:<a href=\"https:\/\/www.lanacion.com.ar\/\"> La Naci\u00f3n<\/a><\/p>","protected":false},"excerpt":{"rendered":"<p>Ni los m\u00e1s optimistas esperaban que la ley de presupuesto 2026 fuese aprobada con el voto de 46 de los 72 senadores nacionales, cuando el bloque de&nbsp;La Libertad Avanza&nbsp;solo tiene una veintena de miembros. Fue la&nbsp;primera goleada parlamentaria a favor del Gobierno. El festejo oficial ante el primer presupuesto sancionado por el Congreso en dos [&hellip;]<\/p>\n","protected":false},"author":9,"featured_media":0,"comment_status":"open","ping_status":"open","sticky":false,"template":"","format":"standard","meta":{"site-sidebar-layout":"default","site-content-layout":"","ast-site-content-layout":"default","site-content-style":"default","site-sidebar-style":"default","ast-global-header-display":"","ast-banner-title-visibility":"","ast-main-header-display":"","ast-hfb-above-header-display":"","ast-hfb-below-header-display":"","ast-hfb-mobile-header-display":"","site-post-title":"","ast-breadcrumbs-content":"","ast-featured-img":"","footer-sml-layout":"","ast-disable-related-posts":"","theme-transparent-header-meta":"","adv-header-id-meta":"","stick-header-meta":"","header-above-stick-meta":"","header-main-stick-meta":"","header-below-stick-meta":"","astra-migrate-meta-layouts":"default","ast-page-background-enabled":"default","ast-page-background-meta":{"desktop":{"background-color":"","background-image":"","background-repeat":"repeat","background-position":"center center","background-size":"auto","background-attachment":"scroll","background-type":"","background-media":"","overlay-type":"","overlay-color":"","overlay-opacity":"","overlay-gradient":""},"tablet":{"background-color":"","background-image":"","background-repeat":"repeat","background-position":"center center","background-size":"auto","background-attachment":"scroll","background-type":"","background-media":"","overlay-type":"","overlay-color":"","overlay-opacity":"","overlay-gradient":""},"mobile":{"background-color":"","background-image":"","background-repeat":"repeat","background-position":"center center","background-size":"auto","background-attachment":"scroll","background-type":"","background-media":"","overlay-type":"","overlay-color":"","overlay-opacity":"","overlay-gradient":""}},"ast-content-background-meta":{"desktop":{"background-color":"var(--ast-global-color-5)","background-image":"","background-repeat":"repeat","background-position":"center center","background-size":"auto","background-attachment":"scroll","background-type":"","background-media":"","overlay-type":"","overlay-color":"","overlay-opacity":"","overlay-gradient":""},"tablet":{"background-color":"var(--ast-global-color-5)","background-image":"","background-repeat":"repeat","background-position":"center center","background-size":"auto","background-attachment":"scroll","background-type":"","background-media":"","overlay-type":"","overlay-color":"","overlay-opacity":"","overlay-gradient":""},"mobile":{"background-color":"var(--ast-global-color-5)","background-image":"","background-repeat":"repeat","background-position":"center center","background-size":"auto","background-attachment":"scroll","background-type":"","background-media":"","overlay-type":"","overlay-color":"","overlay-opacity":"","overlay-gradient":""}},"footnotes":""},"categories":[12],"tags":[],"class_list":["post-130138","post","type-post","status-publish","format-standard","hentry","category-opinion"],"spectra_blocks_featured_image_url":null,"spectra_blocks_author_info":{"display_name":"Jorge Alfredo Baret","avatar_url":"https:\/\/secure.gravatar.com\/avatar\/31696f5ca83439b642450ec7d3f82f98451a5efacb414343d5478c982b337f26?s=96&d=mm&r=g","author_link":"https:\/\/100xd.com.ar\/en\/author\/jorge\/","description":"Ingeniero Qu\u00edmico UTN - Director Apoderado de Comunicaciones Auditadas SA. Editor Responsable 100xd.com.ar."},"_links":{"self":[{"href":"https:\/\/100xd.com.ar\/en\/wp-json\/wp\/v2\/posts\/130138","targetHints":{"allow":["GET"]}}],"collection":[{"href":"https:\/\/100xd.com.ar\/en\/wp-json\/wp\/v2\/posts"}],"about":[{"href":"https:\/\/100xd.com.ar\/en\/wp-json\/wp\/v2\/types\/post"}],"author":[{"embeddable":true,"href":"https:\/\/100xd.com.ar\/en\/wp-json\/wp\/v2\/users\/9"}],"replies":[{"embeddable":true,"href":"https:\/\/100xd.com.ar\/en\/wp-json\/wp\/v2\/comments?post=130138"}],"version-history":[{"count":1,"href":"https:\/\/100xd.com.ar\/en\/wp-json\/wp\/v2\/posts\/130138\/revisions"}],"predecessor-version":[{"id":130140,"href":"https:\/\/100xd.com.ar\/en\/wp-json\/wp\/v2\/posts\/130138\/revisions\/130140"}],"wp:attachment":[{"href":"https:\/\/100xd.com.ar\/en\/wp-json\/wp\/v2\/media?parent=130138"}],"wp:term":[{"taxonomy":"category","embeddable":true,"href":"https:\/\/100xd.com.ar\/en\/wp-json\/wp\/v2\/categories?post=130138"},{"taxonomy":"post_tag","embeddable":true,"href":"https:\/\/100xd.com.ar\/en\/wp-json\/wp\/v2\/tags?post=130138"}],"curies":[{"name":"wp","href":"https:\/\/api.w.org\/{rel}","templated":true}]}}