{"id":129909,"date":"2025-12-26T11:06:08","date_gmt":"2025-12-26T14:06:08","guid":{"rendered":"https:\/\/100xd.com.ar\/?p=129909"},"modified":"2025-12-26T11:06:08","modified_gmt":"2025-12-26T14:06:08","slug":"patricia-bullrich-palpito-la-previa-de-la-sesion-por-el-presupuesto-2026-en-el-senado-tenemos-confianza","status":"publish","type":"post","link":"https:\/\/100xd.com.ar\/en\/patricia-bullrich-palpito-la-previa-de-la-sesion-por-el-presupuesto-2026-en-el-senado-tenemos-confianza\/","title":{"rendered":"Patricia Bullrich palpit\u00f3 la previa de la sesi\u00f3n por el Presupuesto 2026 en el Senado: &#8220;Tenemos confianza&#8221;"},"content":{"rendered":"<p class=\"wp-block-paragraph\">La jefa del bloque de La Libertad Avanza en el&nbsp;<strong><a href=\"https:\/\/www.mdzol.com\/temas\/senado-342.html\">Senado<\/a><\/strong>,&nbsp;<strong><a href=\"https:\/\/www.mdzol.com\/\/temas\/patricia-bullrich-1534.html\">Patricia Bullrich<\/a><\/strong>, palpit\u00f3 este viernes una sesi\u00f3n clave y manifest\u00f3 la confianza del Gobierno de cara al tratamiento de la&nbsp;<strong>Ley de&nbsp;<a href=\"https:\/\/www.mdzol.com\/presupuesto-2026-a111401\">Presupuesto 2026<\/a><\/strong>&nbsp;y la Ley de Inocencia Fiscal.<\/p>\n\n\n\n<h2 class=\"wp-block-heading\">La confianza de Patricia Bullrich en la previa de la sesi\u00f3n<\/h2>\n\n\n\n<p class=\"wp-block-paragraph\">&#8220;Nosotros estamos trabajando para que haya (Presupuesto). Estamos seguros de que va a haber qu\u00f3rum y para que el pa\u00eds, la gente, las empresas, los trabajadores y todos tengan Presupuesto, que es una herramienta institucional muy importante para el pa\u00eds&#8221;, enfatiz\u00f3 Bullrich antes de ingresar al Congreso en rueda de prensa.<\/p>\n\n\n\n<h2 class=\"wp-block-heading\">Te Podr\u00eda Interesar<\/h2>\n\n\n\n<ul class=\"wp-block-list\"><li><a href=\"https:\/\/www.mdzol.com\/politica\/el-triunfo-del-26-octubre-no-cambio-los-viejos-vicios-del-gobierno-y-la-gestion-javier-milei-n1415934\">El triunfo del 26 de octubre no cambi\u00f3 los viejos vicios del Gobierno y la gesti\u00f3n de Javier Milei<\/a><\/li><li><a href=\"https:\/\/www.mdzol.com\/politica\/presupuesto-2026-contrarreloj-patricia-bullrich-busca-los-votos-blindar-un-articulo-clave-y-tener-ley-n1415815\">Presupuesto 2026: a contrarreloj, Bullrich busca los votos para blindar un art\u00edculo clave y tener ley<\/a><\/li><\/ul>\n\n\n\n<p class=\"wp-block-paragraph\">La l\u00edder de la bancada libertaria tiene<a href=\"https:\/\/www.mdzol.com\/politica\/sesion-clave-el-senado-el-gobierno-va-la-aprobacion-del-presupuesto-2026-y-la-ley-inocencia-fiscal-n1416079\" target=\"_blank\" rel=\"noreferrer noopener\">&nbsp;la misi\u00f3n de que el oficialismo logre sancionar el proyecto de Presupuesto como lleg\u00f3 de la C\u00e1mara de Diputados<\/a>, donde el Gobierno sufri\u00f3 una derrota con la ca\u00edda del Cap\u00edtulo XI que inclu\u00eda -entre otros puntos- la derogaci\u00f3n de la Ley de Emergencia en Discapacidad y la Ley de Financiamiento Universitario, dos medidas de alto costo fiscal.<\/p>\n\n\n\n<p class=\"wp-block-paragraph\">A\u00fan as\u00ed, el presidente Javier Milei decidi\u00f3 que lo mejor es no dilatar m\u00e1s a\u00fan la sanci\u00f3n del Presupuesto y orden\u00f3 que el oficialismo tenga un primer triunfo legislativo en el Senado este viernes de cara a la segunda etapa de su mandato.https:\/\/cdn.jwplayer.com\/previews\/YetalvBV-ct4IVGcW<\/p>\n\n\n\n<h2 class=\"wp-block-heading\">La resistencia de la oposici\u00f3n<\/h2>\n\n\n\n<p class=\"wp-block-paragraph\">En t\u00e9rminos generales, La Libertad Avanza cuenta con los n\u00fameros para aprobar la Ley de leyes, sin embargo en los \u00faltimos d\u00edas la oposici\u00f3n adelant\u00f3 su rechazo a dos art\u00edculos sensibles del texto.<\/p>\n\n\n\n<p class=\"wp-block-paragraph\">Uno de llos es el art\u00edculo 30, que propone eliminar los pisos m\u00ednimos de financiamiento para \u00e1reas como Educaci\u00f3n, Ciencia, Tecnolog\u00eda e Innovaci\u00f3n, Educaci\u00f3n T\u00e9cnico Profesional y el Fondo Nacional de la Defensa (Fondef).<\/p>\n\n\n\n<p class=\"wp-block-paragraph\">Hasta ahora, la legislaci\u00f3n exige destinar el 6% del PBI al sistema educativo, el 1% al financiamiento de Ciencia y Tecnolog\u00eda, el 0,2% del presupuesto en educaci\u00f3n t\u00e9cnica y el 0,8% del gasto presupuestario para reequipamiento de las fuerzas armadas. De aprobarse el proyecto, esos porcentajes dejar\u00e1n de ser obligatorios.<\/p>\n\n\n\n<p class=\"wp-block-paragraph\">Tambi\u00e9n genera resistencia el art\u00edculo 12, que condiciona el financiamiento de las universidades nacionales al cumplimiento de requisitos de informaci\u00f3n ante la Subsecretar\u00eda de Pol\u00edticas Universitarias del Ministerio de Capital Humano.<\/p>\n\n\n\n<p class=\"wp-block-paragraph\">Dicho apartado sostiene: &#8220;Las universidades deber\u00e1n presentar ante la Subsecretar\u00eda de Pol\u00edticas Universitarias de la Secretar\u00eda de Educaci\u00f3n del Ministerio de Capital Humano la informaci\u00f3n necesaria para asignar, ejecutar y evaluar los recursos que se les transfieren por todo concepto. El citado ministerio podr\u00e1 interrumpir las transferencias de fondos en casos de incumplimiento en el env\u00edo de dicha informaci\u00f3n en tiempo y forma\u201d.<\/p>\n\n\n\n<p class=\"wp-block-paragraph\">El peronismo y algunos bloques provinciales ya adelantaron su rechazo a la medida, pero todav\u00eda est\u00e1 en duda la posici\u00f3n del bloque radical -que cuenta con 10 bancas-, que en un principio hab\u00eda manifestado su rechazo a acompa\u00f1ar propuestas que atentaran contra la educaci\u00f3n.<\/p>\n\n\n\n<h2 class=\"wp-block-heading\">Las negociaciones permanentes que encabeza Bullrich<\/h2>\n\n\n\n<p class=\"wp-block-paragraph\">En ese marco, Bullrich asegur\u00f3 que el Gobierno est\u00e1 trabajando en conseguir los apoyos a esos puntos y se\u00f1al\u00f3 que mantienen &#8220;reuniones permanentes&#8221;.<\/p>\n\n\n\n<p class=\"wp-block-paragraph\">&#8220;Lo que estamos haciendo es trabajar siempre en buscar apoyos, entender la importancia de un Presupuesto, de tener estabilidad en el pa\u00eds, previsibilidad&#8221;, remarc\u00f3 la senadora libertaria, y agreg\u00f3: &#8220;Tenemos confianza&#8221;.<\/p>\n\n\n\n<p class=\"wp-block-paragraph\">Sin embargo, Bullrich conoce la din\u00e1mica legislativa y admiti\u00f3 que siempre pueden haber sorpresas. Consultada por un cronista sobre si el Gobierno podr\u00eda encontrarse con un resultado inesperado, respondi\u00f3: &#8220;Qu\u00e9 se yo, uno trabaja con la mejor voluntad tratando de que todos acompa\u00f1en ideas institucionales del pa\u00eds como es un Presupuesto, despu\u00e9s veremos&#8221;.<\/p>\n\n\n\n<p class=\"wp-block-paragraph\">Fuente:<a href=\"https:\/\/www.mdzol.com\/\"> Mendoza online<\/a><\/p>","protected":false},"excerpt":{"rendered":"<p>La jefa del bloque de La Libertad Avanza en el&nbsp;Senado,&nbsp;Patricia Bullrich, palpit\u00f3 este viernes una sesi\u00f3n clave y manifest\u00f3 la confianza del Gobierno de cara al tratamiento de la&nbsp;Ley de&nbsp;Presupuesto 2026&nbsp;y la Ley de Inocencia Fiscal. La confianza de Patricia Bullrich en la previa de la sesi\u00f3n &#8220;Nosotros estamos trabajando para que haya (Presupuesto). Estamos [&hellip;]<\/p>\n","protected":false},"author":9,"featured_media":0,"comment_status":"open","ping_status":"open","sticky":false,"template":"","format":"standard","meta":{"site-sidebar-layout":"default","site-content-layout":"","ast-site-content-layout":"default","site-content-style":"default","site-sidebar-style":"default","ast-global-header-display":"","ast-banner-title-visibility":"","ast-main-header-display":"","ast-hfb-above-header-display":"","ast-hfb-below-header-display":"","ast-hfb-mobile-header-display":"","site-post-title":"","ast-breadcrumbs-content":"","ast-featured-img":"","footer-sml-layout":"","ast-disable-related-posts":"","theme-transparent-header-meta":"","adv-header-id-meta":"","stick-header-meta":"","header-above-stick-meta":"","header-main-stick-meta":"","header-below-stick-meta":"","astra-migrate-meta-layouts":"default","ast-page-background-enabled":"default","ast-page-background-meta":{"desktop":{"background-color":"","background-image":"","background-repeat":"repeat","background-position":"center center","background-size":"auto","background-attachment":"scroll","background-type":"","background-media":"","overlay-type":"","overlay-color":"","overlay-opacity":"","overlay-gradient":""},"tablet":{"background-color":"","background-image":"","background-repeat":"repeat","background-position":"center center","background-size":"auto","background-attachment":"scroll","background-type":"","background-media":"","overlay-type":"","overlay-color":"","overlay-opacity":"","overlay-gradient":""},"mobile":{"background-color":"","background-image":"","background-repeat":"repeat","background-position":"center center","background-size":"auto","background-attachment":"scroll","background-type":"","background-media":"","overlay-type":"","overlay-color":"","overlay-opacity":"","overlay-gradient":""}},"ast-content-background-meta":{"desktop":{"background-color":"var(--ast-global-color-5)","background-image":"","background-repeat":"repeat","background-position":"center center","background-size":"auto","background-attachment":"scroll","background-type":"","background-media":"","overlay-type":"","overlay-color":"","overlay-opacity":"","overlay-gradient":""},"tablet":{"background-color":"var(--ast-global-color-5)","background-image":"","background-repeat":"repeat","background-position":"center center","background-size":"auto","background-attachment":"scroll","background-type":"","background-media":"","overlay-type":"","overlay-color":"","overlay-opacity":"","overlay-gradient":""},"mobile":{"background-color":"var(--ast-global-color-5)","background-image":"","background-repeat":"repeat","background-position":"center center","background-size":"auto","background-attachment":"scroll","background-type":"","background-media":"","overlay-type":"","overlay-color":"","overlay-opacity":"","overlay-gradient":""}},"footnotes":""},"categories":[2],"tags":[],"class_list":["post-129909","post","type-post","status-publish","format-standard","hentry","category-politica"],"spectra_blocks_featured_image_url":null,"spectra_blocks_author_info":{"display_name":"Jorge Alfredo Baret","avatar_url":"https:\/\/secure.gravatar.com\/avatar\/31696f5ca83439b642450ec7d3f82f98451a5efacb414343d5478c982b337f26?s=96&d=mm&r=g","author_link":"https:\/\/100xd.com.ar\/en\/author\/jorge\/","description":"Ingeniero Qu\u00edmico UTN - Director Apoderado de Comunicaciones Auditadas SA. Editor Responsable 100xd.com.ar."},"_links":{"self":[{"href":"https:\/\/100xd.com.ar\/en\/wp-json\/wp\/v2\/posts\/129909","targetHints":{"allow":["GET"]}}],"collection":[{"href":"https:\/\/100xd.com.ar\/en\/wp-json\/wp\/v2\/posts"}],"about":[{"href":"https:\/\/100xd.com.ar\/en\/wp-json\/wp\/v2\/types\/post"}],"author":[{"embeddable":true,"href":"https:\/\/100xd.com.ar\/en\/wp-json\/wp\/v2\/users\/9"}],"replies":[{"embeddable":true,"href":"https:\/\/100xd.com.ar\/en\/wp-json\/wp\/v2\/comments?post=129909"}],"version-history":[{"count":1,"href":"https:\/\/100xd.com.ar\/en\/wp-json\/wp\/v2\/posts\/129909\/revisions"}],"predecessor-version":[{"id":129911,"href":"https:\/\/100xd.com.ar\/en\/wp-json\/wp\/v2\/posts\/129909\/revisions\/129911"}],"wp:attachment":[{"href":"https:\/\/100xd.com.ar\/en\/wp-json\/wp\/v2\/media?parent=129909"}],"wp:term":[{"taxonomy":"category","embeddable":true,"href":"https:\/\/100xd.com.ar\/en\/wp-json\/wp\/v2\/categories?post=129909"},{"taxonomy":"post_tag","embeddable":true,"href":"https:\/\/100xd.com.ar\/en\/wp-json\/wp\/v2\/tags?post=129909"}],"curies":[{"name":"wp","href":"https:\/\/api.w.org\/{rel}","templated":true}]}}