{"id":128761,"date":"2025-11-28T14:01:18","date_gmt":"2025-11-28T17:01:18","guid":{"rendered":"https:\/\/100xd.com.ar\/?p=128761"},"modified":"2025-11-28T14:01:18","modified_gmt":"2025-11-28T17:01:18","slug":"un-general-en-actividad-en-el-ministerio-de-defensa","status":"publish","type":"post","link":"https:\/\/100xd.com.ar\/en\/un-general-en-actividad-en-el-ministerio-de-defensa\/","title":{"rendered":"Un general en actividad en el Ministerio de Defensa"},"content":{"rendered":"<p class=\"wp-block-paragraph\">El jefe actual del&nbsp;<strong>Estado Mayor General del Ej\u00e9rcito<\/strong>, teniente general&nbsp;<strong>Carlos Alberto Presti<\/strong>, suceder\u00e1, como se sabe, al senador electo&nbsp;<strong>Luis Petri<\/strong>, como ministro de<strong>&nbsp;Defensa<\/strong>. Lo har\u00e1, seg\u00fan sus propias palabras, sin renunciar a la condici\u00f3n de oficial superior en actividad,&nbsp;<mark>sin pasar a retiro<\/mark>.<\/p>\n\n\n\n<p class=\"wp-block-paragraph\">Tanto ese anticipo, como la asunci\u00f3n de un militar en el Ministerio de Defensa -la primera vez que esto ocurre, en cuarenta a\u00f1os de democracia-, han provocado controversias que es necesario examinar con la seriedad del caso,&nbsp;<mark>no con la liviandad de ide\u00f3logos que han dejado el Estado en ruinas<\/mark>. Conciernen, en definitiva, al papel por cumplir por parte de los militares en los destinos del pa\u00eds dentro de un mundo cada vez m\u00e1s jaqueado por conflictos b\u00e9licos e hip\u00f3tesis abiertas de una mayor gravedad todav\u00eda para los pr\u00f3ximos a\u00f1os.<\/p>\n\n\n\n<p class=\"wp-block-paragraph\">En ese sentido, resulta indispensable a cualquier pol\u00edtico, legislador, acad\u00e9mico, y dem\u00e1s interesados en temas de la defensa nacional, la lectura del&nbsp;<mark>excepcional documento&nbsp;<\/mark>que se desplegar\u00e1 ma\u00f1ana en dos p\u00e1ginas en el suplemento&nbsp;<em>Ideas<\/em>&nbsp;de LA NACION. Refiere a las palabras pronunciadas recientemente, ante los alcaldes de<strong>&nbsp;Francia<\/strong>, por el jefe de los Ej\u00e9rcitos franceses, general&nbsp;<strong>Fabien Mandon<\/strong>. Constituyen una reflexi\u00f3n descarnada sobre el horizonte que se abre de aqu\u00ed a 2030 desde la perspectiva de<mark>&nbsp;un pensamiento estrat\u00e9gico global tanto militar como pol\u00edtico y proveniente de una potencia central<\/mark>.<\/p>\n\n\n\n<p class=\"wp-block-paragraph\">Pasamos por alto la est\u00fapida impugnaci\u00f3n que alg\u00fan provocador haya hecho a la designaci\u00f3n del teniente general Presti por ser hijo de un militar que actu\u00f3 durante<mark>&nbsp;los a\u00f1os de represi\u00f3n del terrorismo que abrev\u00f3 en el castrismo con la voluntad de conquistar a cualquier costa el poder<\/mark>. Por estas objeciones de portar un apellido ingrato a la izquierda, y a quienes se subieron tard\u00edamente a su carro en el gobierno de los<strong>&nbsp;Kirchner<\/strong>, vieron truncadas sus carreras brillantes oficiales desde 2003.<\/p>\n\n\n\n<p class=\"wp-block-paragraph\">No se puede, en cambio, pasar por alto en la designaci\u00f3n de Presti una calificaci\u00f3n de prop\u00f3sitos que esper\u00e1bamos, en verdad, desde hace muchos a\u00f1os:<mark>&nbsp;dar \u201cpor finalizada la demonizaci\u00f3n de nuestros oficiales, suboficiales y soldados<\/mark>\u201d. O sea, que no solo se abandona de manera expresa la pol\u00edtica de vejar a militares en actividad por el apellido que llevan, sino que tambi\u00e9n se deja de lado&nbsp;<mark>la superstici\u00f3n de que un militar no pueda ser ministro de Defensa en un gobierno de origen democr\u00e1tico<\/mark>.<\/p>\n\n\n\n<hr class=\"wp-block-separator\"\/>\n\n\n\n<blockquote class=\"wp-block-quote is-layout-flow wp-block-quote-is-layout-flow\"><p>Era ya hora de abandonar de manera expresa la pol\u00edtica de vejar a militares en actividad por el apellido que llevan y de dejar de lado la superstici\u00f3n de que un militar no pueda ser ministro de Defensa en un gobierno democr\u00e1tico<\/p><\/blockquote>\n\n\n\n<hr class=\"wp-block-separator\"\/>\n\n\n\n<p class=\"wp-block-paragraph\">El nuevo ministro se gradu\u00f3 de oficial durante el gobierno del presidente&nbsp;<strong>Alfons\u00edn<\/strong>. \u00bfQu\u00e9 puede decirse en su contra, o en la de otros, que hayan hecho una carrera con suficientes m\u00e9ritos profesionales, como para que la condici\u00f3n de militar sea un obst\u00e1culo precisamente en el \u00e1rea donde sus conocimientos espec\u00edficos deber\u00edan ser aun mayores, por principio, que las de un civil?<\/p>\n\n\n\n<p class=\"wp-block-paragraph\">Al instaurarse en 1854 el gobierno de la&nbsp;<strong>Confederaci\u00f3n Argentina<\/strong>,&nbsp;<strong>Urquiza<\/strong>&nbsp;ungi\u00f3 al general&nbsp;<strong>Rudecindo Alvarado<\/strong>&nbsp;para el&nbsp;<strong>Ministerio de Guerra<\/strong>. Y esa historia sigui\u00f3 por largo tiempo con la retenci\u00f3n de la jefatura del Ej\u00e9rcito por el ministro del ramo. Un caso paradigm\u00e1tico se present\u00f3 en la segunda presidencia de&nbsp;<strong>Roca<\/strong>: un coronel, despu\u00e9s ascendido a general, tuvo ese ministerio a su cargo y contribuy\u00f3 a una de las m\u00e1s importantes reformulaciones de la pol\u00edtica militar y del rearme en nuestra historia. Fue el coronel&nbsp;<strong>Pablo Riccheri<\/strong>.<\/p>\n\n\n\n<p class=\"wp-block-paragraph\">As\u00ed las cosas, cabe preguntarse por qu\u00e9 Presti no pasar\u00e1 inmediatamente a retiro, como corresponder\u00eda por los art\u00edculos 15\/16 de la ley para personal militar, que limita su actividad en funciones pol\u00edticas. Sin entrar en m\u00e1s precisiones, Presti ha dicho que mantendr\u00e1 su actual estatus, pero \u201cen una situaci\u00f3n distinta\u201d. \u00bfHabr\u00e1 querido decir que pasar\u00e1 a disponibilidad, v\u00eda legal de la que disponen, tanto \u00e9l como el Presidente, al menos por un a\u00f1o a fin de conferirle, llegado el caso, un destino militar espec\u00edfico?<\/p>\n\n\n\n<hr class=\"wp-block-separator\"\/>\n\n\n\n<blockquote class=\"wp-block-quote is-layout-flow wp-block-quote-is-layout-flow\"><p>Por nefastas objeciones de portar un apellido ingrato a la izquierda, y a quienes se subieron tard\u00edamente a su carro en el gobierno de los Kirchner, vieron truncadas sus carreras brillantes oficiales desde 2003<\/p><\/blockquote>\n\n\n\n<hr class=\"wp-block-separator\"\/>\n\n\n\n<p class=\"wp-block-paragraph\">Un gobierno como este, desatento a los rigores de la formalidad casi como el que m\u00e1s, parece haberse prestado ahora, llamativamente, a la observaci\u00f3n de algunos detalles que se perciben solo con mirada en esmero atenta: un militar en actividad puede vestir uniforme y hacer de esa forma una exteriorizaci\u00f3n simb\u00f3lica de pertenencia que puede ser determinante en una pol\u00edtica hacia las&nbsp;<strong>Fuerzas Armadas<\/strong>&nbsp;que el gobierno procurar\u00eda enfatizar.&nbsp;<mark>M\u00e1s dif\u00edcil es saber el grado de prontitud con el que el Gobierno va a satisfacer demandas poco menos que perentorias en los cuadros militares<\/mark>.<\/p>\n\n\n\n<p class=\"wp-block-paragraph\">Las Fuerzas Armadas han visto alejarse de sus filas miles de hombres, actuantes en todos sus niveles. Han sido unos 18.000 durante la gesti\u00f3n de&nbsp;<strong>Milei<\/strong>. Las remuneraciones a sus miembros se hallan en un piso del 20% por debajo de los gendarmes y prefectos. Ha habido signos de una leve reactivaci\u00f3n respecto de los medios por los cuales se perfecciona a diario el ejercicio de la profesi\u00f3n militar. La pr\u00f3xima semana llegar\u00e1n los primeros seis<strong>&nbsp;F-16<\/strong>&nbsp;adquiridos a&nbsp;<strong>Dinamarca<\/strong>&nbsp;al cabo de cuarenta a\u00f1os de vuelos y renovados en su instrumental por los&nbsp;<strong>Estados Unidos<\/strong>; quedan pendientes de entrega otros 18 cazas involucrados en esa operaci\u00f3n.<\/p>\n\n\n\n<hr class=\"wp-block-separator\"\/>\n\n\n\n<blockquote class=\"wp-block-quote is-layout-flow wp-block-quote-is-layout-flow\"><p>Solo con una visi\u00f3n estrat\u00e9gica de alto vuelo pol\u00edtico e intelectual, y un esfuerzo y continuidad notables en su gobierno y sociedad, podr\u00e1 el pa\u00eds entrar en un per\u00edodo de gran dignidad como el que so\u00f1aron sus fundadores<\/p><\/blockquote>\n\n\n\n<hr class=\"wp-block-separator\"\/>\n\n\n\n<p class=\"wp-block-paragraph\">Como ministro de Defensa, Presti no podr\u00e1 desentenderse de la crisis del&nbsp;<strong>Instituto de la Obra Social de las FF.AA y de Seguridad<\/strong>, con centenares de millones de pesos de deudas impagas, e igualmente con otros temas referidos a recursos. Pero no es menor, por cierto, el papel que cabe esperar del Presidente respecto del desenvolvimiento del Ej\u00e9rcito, la Armada y la Fuerza A\u00e9rea.<\/p>\n\n\n\n<p class=\"wp-block-paragraph\">La estabilidad econ\u00f3mica y su reactivaci\u00f3n, esencialmente a trav\u00e9s de los campos m\u00e1s din\u00e1micos para los tiempos que se avecinan, como el campo, la energ\u00eda, los minerales y las empresas del conocimiento, trazar\u00e1, seg\u00fan su suerte, l\u00edneas esenciales en el contexto en que se desempe\u00f1ar\u00e1n las instituciones aplicadas a la defensa nacional. La inserci\u00f3n de un n\u00famero creciente de gentes en el mercado productivo, la seguridad interna, la afirmaci\u00f3n de nociones como las del m\u00e9rito; de la virtud, sobre la que todav\u00eda hay interrogantes en un gobierno que se dice comprometido a desarmar la maquinaria cleptocr\u00e1tica del kirchnerismo, y de una Justicia confiable,&nbsp;<mark>marcar\u00e1n otras l\u00edneas para que las FF.AA sepan al servicio de qu\u00e9 tipo de pa\u00eds, y en qu\u00e9 direcci\u00f3n, deben prepararse para defender<\/mark>.<\/p>\n\n\n\n<p class=\"wp-block-paragraph\">Los hechos, sobre todo la asistencia financiera reciente sin la cual el Gobierno habr\u00eda entrado seguramente en agon\u00eda, mandan hoy, como siempre los hechos mandan desde una visi\u00f3n realista y descarnada de la pol\u00edtica: nuestro alineamiento con los&nbsp;<strong>Estados Unidos<\/strong>&nbsp;ha traspasado por la fuerza de ese imperativo los l\u00edmites naturales de la cooperaci\u00f3n; ahora, hiera o no la sensibilidad pol\u00edtica de los argentinos, tiene fuerza autom\u00e1tica.<\/p>\n\n\n\n<p class=\"wp-block-paragraph\">Es ese un asunto que convoca m\u00e1s a la reflexi\u00f3n enriquecedora de ideas y propuestas, que a la celebraci\u00f3n de nada. Ser\u00e1 el terreno al que se dirigir\u00e1n nuestras miradas con la expectativa de que el presidente Milei maniobre de tal modo que el precio del alineamiento autom\u00e1tico se traduzca en una pol\u00edtica norteamericana eficaz de fortalecimiento de las habilidades y misi\u00f3n de nuestras FF.AA. Deber\u00e1n contar, por lo tanto, con los instrumentos apropiados para que se luzcan en su desenvolvimiento, en particular a trav\u00e9s de la disponibilidad de tecnolog\u00edas de punta en un pa\u00eds devenido en aliado especial de los Estados Unidos en el Cono Sur y en la diplomacia internacional.<\/p>\n\n\n\n<p class=\"wp-block-paragraph\"><strong>Alemania<\/strong>&nbsp;y&nbsp;<strong>Jap\u00f3n<\/strong>, derrotados por ej\u00e9rcitos extranjeros en la \u00faltima guerra, quedaron por largos a\u00f1os en estado de cr\u00edtica dependencia de los Estados Unidos. La Argentina, derrotada, en cambio, por la estrafalaria sucesi\u00f3n de cat\u00e1strofes producidas como en una interminable implosi\u00f3n por sus propios gobiernos, ha entrado en un ciclo desconocido para todos.&nbsp;<mark>Solo con una visi\u00f3n estrat\u00e9gica de alto vuelo pol\u00edtico e intelectual, y un esfuerzo y continuidad notables en su gobierno y sociedad, podr\u00e1 el pa\u00eds acelerar el cierre de este per\u00edodo tan singular y entrar en otro, de gran dignidad, con el que so\u00f1aron sus fundadores<\/mark>.<\/p>\n\n\n\n<p class=\"wp-block-paragraph\">Hombres como el teniente general Presti pueden ayudar en ese sentido a la modelaci\u00f3n por el Presidente de un pa\u00eds m\u00e1s fuerte, m\u00e1s desarrollado y seguro de s\u00ed mismo. Pero\u00a0<mark>el Presidente deber\u00e1 saber c\u00f3mo dejarse ayudar por los m\u00e1s sabios y los m\u00e1s honestos<\/mark>.<\/p>\n\n\n\n<p class=\"wp-block-paragraph\">Fuente: <a href=\"https:\/\/www.lanacion.com.ar\/\">La Naci\u00f3n<\/a><\/p>","protected":false},"excerpt":{"rendered":"<p>El jefe actual del&nbsp;Estado Mayor General del Ej\u00e9rcito, teniente general&nbsp;Carlos Alberto Presti, suceder\u00e1, como se sabe, al senador electo&nbsp;Luis Petri, como ministro de&nbsp;Defensa. Lo har\u00e1, seg\u00fan sus propias palabras, sin renunciar a la condici\u00f3n de oficial superior en actividad,&nbsp;sin pasar a retiro. Tanto ese anticipo, como la asunci\u00f3n de un militar en el Ministerio de [&hellip;]<\/p>\n","protected":false},"author":9,"featured_media":0,"comment_status":"open","ping_status":"open","sticky":false,"template":"","format":"standard","meta":{"site-sidebar-layout":"default","site-content-layout":"","ast-site-content-layout":"default","site-content-style":"default","site-sidebar-style":"default","ast-global-header-display":"","ast-banner-title-visibility":"","ast-main-header-display":"","ast-hfb-above-header-display":"","ast-hfb-below-header-display":"","ast-hfb-mobile-header-display":"","site-post-title":"","ast-breadcrumbs-content":"","ast-featured-img":"","footer-sml-layout":"","ast-disable-related-posts":"","theme-transparent-header-meta":"","adv-header-id-meta":"","stick-header-meta":"","header-above-stick-meta":"","header-main-stick-meta":"","header-below-stick-meta":"","astra-migrate-meta-layouts":"default","ast-page-background-enabled":"default","ast-page-background-meta":{"desktop":{"background-color":"","background-image":"","background-repeat":"repeat","background-position":"center center","background-size":"auto","background-attachment":"scroll","background-type":"","background-media":"","overlay-type":"","overlay-color":"","overlay-opacity":"","overlay-gradient":""},"tablet":{"background-color":"","background-image":"","background-repeat":"repeat","background-position":"center center","background-size":"auto","background-attachment":"scroll","background-type":"","background-media":"","overlay-type":"","overlay-color":"","overlay-opacity":"","overlay-gradient":""},"mobile":{"background-color":"","background-image":"","background-repeat":"repeat","background-position":"center center","background-size":"auto","background-attachment":"scroll","background-type":"","background-media":"","overlay-type":"","overlay-color":"","overlay-opacity":"","overlay-gradient":""}},"ast-content-background-meta":{"desktop":{"background-color":"var(--ast-global-color-5)","background-image":"","background-repeat":"repeat","background-position":"center center","background-size":"auto","background-attachment":"scroll","background-type":"","background-media":"","overlay-type":"","overlay-color":"","overlay-opacity":"","overlay-gradient":""},"tablet":{"background-color":"var(--ast-global-color-5)","background-image":"","background-repeat":"repeat","background-position":"center center","background-size":"auto","background-attachment":"scroll","background-type":"","background-media":"","overlay-type":"","overlay-color":"","overlay-opacity":"","overlay-gradient":""},"mobile":{"background-color":"var(--ast-global-color-5)","background-image":"","background-repeat":"repeat","background-position":"center center","background-size":"auto","background-attachment":"scroll","background-type":"","background-media":"","overlay-type":"","overlay-color":"","overlay-opacity":"","overlay-gradient":""}},"footnotes":""},"categories":[149],"tags":[],"class_list":["post-128761","post","type-post","status-publish","format-standard","hentry","category-entrevistas"],"spectra_blocks_featured_image_url":null,"spectra_blocks_author_info":{"display_name":"Jorge Alfredo Baret","avatar_url":"https:\/\/secure.gravatar.com\/avatar\/31696f5ca83439b642450ec7d3f82f98451a5efacb414343d5478c982b337f26?s=96&d=mm&r=g","author_link":"https:\/\/100xd.com.ar\/en\/author\/jorge\/","description":"Ingeniero Qu\u00edmico UTN - Director Apoderado de Comunicaciones Auditadas SA. Editor Responsable 100xd.com.ar."},"_links":{"self":[{"href":"https:\/\/100xd.com.ar\/en\/wp-json\/wp\/v2\/posts\/128761","targetHints":{"allow":["GET"]}}],"collection":[{"href":"https:\/\/100xd.com.ar\/en\/wp-json\/wp\/v2\/posts"}],"about":[{"href":"https:\/\/100xd.com.ar\/en\/wp-json\/wp\/v2\/types\/post"}],"author":[{"embeddable":true,"href":"https:\/\/100xd.com.ar\/en\/wp-json\/wp\/v2\/users\/9"}],"replies":[{"embeddable":true,"href":"https:\/\/100xd.com.ar\/en\/wp-json\/wp\/v2\/comments?post=128761"}],"version-history":[{"count":1,"href":"https:\/\/100xd.com.ar\/en\/wp-json\/wp\/v2\/posts\/128761\/revisions"}],"predecessor-version":[{"id":128763,"href":"https:\/\/100xd.com.ar\/en\/wp-json\/wp\/v2\/posts\/128761\/revisions\/128763"}],"wp:attachment":[{"href":"https:\/\/100xd.com.ar\/en\/wp-json\/wp\/v2\/media?parent=128761"}],"wp:term":[{"taxonomy":"category","embeddable":true,"href":"https:\/\/100xd.com.ar\/en\/wp-json\/wp\/v2\/categories?post=128761"},{"taxonomy":"post_tag","embeddable":true,"href":"https:\/\/100xd.com.ar\/en\/wp-json\/wp\/v2\/tags?post=128761"}],"curies":[{"name":"wp","href":"https:\/\/api.w.org\/{rel}","templated":true}]}}