{"id":128327,"date":"2025-11-20T09:51:41","date_gmt":"2025-11-20T12:51:41","guid":{"rendered":"https:\/\/100xd.com.ar\/?p=128327"},"modified":"2025-11-20T09:51:41","modified_gmt":"2025-11-20T12:51:41","slug":"federico-sturzenegger-dijo-que-la-reforma-laboral-no-afectara-a-los-estatales-y-que-busca-crear-empleo-formal","status":"publish","type":"post","link":"https:\/\/100xd.com.ar\/en\/federico-sturzenegger-dijo-que-la-reforma-laboral-no-afectara-a-los-estatales-y-que-busca-crear-empleo-formal\/","title":{"rendered":"Federico Sturzenegger dijo que la reforma laboral no afectar\u00e1 a los estatales y que busca &#8220;crear empleo formal&#8221;"},"content":{"rendered":"<p class=\"wp-block-paragraph\"><a target=\"_blank\" href=\"https:\/\/www.perfil.com\/noticias\/nea\/sturzenegger-hablo-sobre-el-monotributo-pero-la-incognita-sobre-que-pasara-se-mantiene.phtml\" rel=\"noreferrer noopener\"><strong>Federico Sturzenegger<\/strong><\/a>, ministro de Desregulaci\u00f3n y Transformaci\u00f3n del Estado, dio detalles sobre la&nbsp;<strong><a target=\"_blank\" href=\"https:\/\/www.perfil.com\/noticias\/sociedad\/la-confederacion-general-del-trabajo-se-planto-ante-la-reforma-laboral-y-exigio-bajar-impuestos-es-la-reforma-que-necesita-la-argentina.phtml\" rel=\"noreferrer noopener\">reforma laboral<\/a>&nbsp;<\/strong>que impulsar\u00e1 el Gobierno en el Congreso a partir del 10 de diciembre, y atac\u00f3 el paro con marcha organizado este mi\u00e9rcoles por la Asociaci\u00f3n Argentina de Trabajadores del Estado&nbsp;<strong><a target=\"_blank\" href=\"https:\/\/www.perfil.com\/noticias\/politica\/ate-realizara-hoy-un-paro-nacional-con-marcha-contra-la-reforma-laboral-que-impulsa-javier-milei.phtml\" rel=\"noreferrer noopener\">(ATE)<\/a><\/strong>, se\u00f1alando que no conocen los detalles del proyecto que, adelant\u00f3,<strong>&nbsp;\u201cno alcanza a los empleados estatales\u201d&nbsp;<\/strong>porque \u201cen principio es solo para el sector privado\u201d. &#8220;Protestan por protestar\u201d, acus\u00f3 y asegur\u00f3 que su proyecto busca crear empleo formal.<\/p>\n\n\n\n<p class=\"wp-block-paragraph\">El funcionario habl\u00f3 en<em>&nbsp;LN+<\/em>&nbsp;y se\u00f1al\u00f3: \u201c\u00bfMarchan en contra de la reforma laboral? \u00bfLa conocen? Se protesta ante la nada.&nbsp;<strong>Protestan por protestar.<\/strong>&nbsp;No conocen los detalles ni el Gobierno present\u00f3 la reforma.&nbsp;<strong>El proyecto tiene como objetivo central que la gente gane m\u00e1s y tenga m\u00e1s empleo.<\/strong>&nbsp;Hace diez a\u00f1os que no se crea empleo formal. Necesitamos crear m\u00e1s empleo\u201d, argument\u00f3.<\/p>\n\n\n\n<p class=\"wp-block-paragraph\">Luego Sturzenegger detall\u00f3 los&nbsp;<strong>tres puntos centrales<\/strong>&nbsp;de la reforma laboral que impulsa el Gobierno: en primer lugar, habl\u00f3 de&nbsp;<strong>\u201cla industria del juicio y la registraci\u00f3n laboral\u201d<\/strong>. El objetivo es \u201cbajar la incertidumbre que enfrenta el empresario cuando contrata por la posible contingencia legal de una contrataci\u00f3n\u201d.Esto no les gusta a los autoritariosEl ejercicio del periodismo profesional y cr\u00edtico es un pilar fundamental de la democracia. Por eso molesta a quienes creen ser los due\u00f1os de la verdad.Hoy m\u00e1s que nunca<a href=\"https:\/\/mi.perfil.com\/\">Suscribite<\/a><\/p>\n\n\n\n<p class=\"wp-block-paragraph\"><a target=\"_blank\" href=\"https:\/\/www.perfil.com\/noticias\/politica\/reforma-laboral-bullrich-arremete-contra-los-gremios-y-apunto-contra-el-lider-de-ate.phtml\" rel=\"noreferrer noopener\">Reforma Laboral: Bullrich arremeti\u00f3 contra los gremios y apunt\u00f3 contra el l\u00edder de ATE<\/a><\/p>\n\n\n\n<p class=\"wp-block-paragraph\">En segundo lugar, hizo referencia a los&nbsp;<strong>convenios colectivos de trabajo, diciendo que deben renegociarse<\/strong>, y agreg\u00f3: \u201cHay algunos que son de los a\u00f1os 70, donde hay un bloqueo. Pero si las partes (c\u00e1maras empresariales, gremios y empleados) deciden quedarse como est\u00e1n,&nbsp;<strong>van a poder quedarse como est\u00e1n<\/strong>\u201d.<\/p>\n\n\n\n<p class=\"wp-block-paragraph\">En tercer lugar, el ministro habl\u00f3 a la \u201c<strong>prelaci\u00f3n<\/strong>\u201d. \u201cEn la Argentina se negocia por sector para todo el pa\u00eds, con una negociaci\u00f3n centralizada en Buenos Aires\u2026 pero los pa\u00edses tienen diversidad de condiciones\u201d, especific\u00f3, y luego adelant\u00f3 que el objetivo es que los convenios<strong>&nbsp;puedan dividirse por rubro, regi\u00f3n, provincia o compa\u00f1\u00eda.<\/strong><\/p>\n\n\n\n<p class=\"wp-block-paragraph\">Ante la pregunta sobre el papel que cumplir\u00e1n los&nbsp;<strong>sindicatos&nbsp;<\/strong>y los sistemas de afiliaci\u00f3n, el funcionario acept\u00f3 la importancia que tienen para negociar los convenios colectivos, pero&nbsp;<strong>cuestion\u00f3 las contribuciones&nbsp;<\/strong>que le piden a los afiliados y empleados, en muchos casos, de forma obligatoria. \u201cEs importante que, al cambiar el orden de prelaci\u00f3n, se genere en toda la cadena mayor flexibilidad\u201d, detall\u00f3.<\/p>\n\n\n\n<p class=\"wp-block-paragraph\"><a target=\"_blank\" href=\"https:\/\/www.perfil.com\/noticias\/politica\/ate-y-aceiteros-lanzan-un-paro-preventivo-contra-la-reforma-laboral-no-hay-que-esperar-la-letra-chica.phtml\" rel=\"noreferrer noopener\">ATE y Aceiteros lanzan un &#8220;paro preventivo&#8221; contra la reforma laboral: &#8220;Nos quieren joder&#8221;<\/a><\/p>\n\n\n\n<p class=\"wp-block-paragraph\"><strong>Y luego cuestion\u00f3 la afiliaci\u00f3n: \u201cLo llamo \u2018carancheo de la relaci\u00f3n laboral\u2019<\/strong>. En la relaci\u00f3n hay mucha gente que cobra de la relaci\u00f3n laboral que uno tiene con su empleador. El Estado te cobra impuestos, el sindicato te cobra una cuota o comisi\u00f3n por negociarte tu convenio colectivo. A veces tambi\u00e9n las c\u00e1maras empresarias, la industria del juicio\u2026 se genera una capa de costos que, si lo podemos reducir,&nbsp;<strong>podr\u00eda subir el sueldo<\/strong>&#8220;, afirm\u00f3.<\/p>\n\n\n\n<p class=\"wp-block-paragraph\">&#8220;Si logramos que sea menor, la plata en el bolsillo sube.&nbsp;<strong>La cuota sindical es algo que hay que discutir.&nbsp;<\/strong>Es parte del costo argentino del que tanto se habla. A veces lo que cobra en neto el trabajador es casi la mitad de lo que paga el empleador, por la sumatoria de los descuentos. Tiene que haber un debate abierto\u201d, propuso.<\/p>\n\n\n\n<h2 class=\"wp-block-heading\">Sturzenegger neg\u00f3 que el Gobierno impulse turnos de 12 horas de trabajo<\/h2>\n\n\n\n<p class=\"wp-block-paragraph\">El pasado 30 de octubre, el ministro de Desregulaci\u00f3n y Transformaci\u00f3n del Estado afirm\u00f3 que \u201cno escuch\u00f3 nunca\u201d hablar sobre turnos laborales de 12 horas. \u201c<strong>Lo de trabajar m\u00e1s horas no s\u00e9 de donde sali\u00f3<\/strong>, lo van tirando como para hacer ruido, nunca lo escuch\u00e9. Ahora que se est\u00e1 discutiendo, van a tirar de todo. Eso de las horas no lo escuch\u00e9 nunca\u201d, insisti\u00f3 el funcionario en radio&nbsp;<em>Mitre<\/em>.<\/p>\n\n\n\n<p class=\"wp-block-paragraph\">El ministro remarc\u00f3 que \u201chay much\u00edsimos argentinos que no tienen trabajo\u201d, pero tambi\u00e9n \u201chay much\u00edsimas&nbsp;<strong>empresas que no pueden cumplir con las condiciones de la formalidad<\/strong>. Tenemos que permitir que lo hagan y esta reforma me parece que va aumentar y mejorar las condiciones\u201d.<\/p>\n\n\n\n<p class=\"wp-block-paragraph\">Sturzenegger cerr\u00f3 diciendo: \u201cHay que tener un poco la cabeza fr\u00eda y, en el momento que corresponda, vamos a presentar la propuesta y el Congreso la va a tener que discutir\u2026 ya la venimos trabajando en el Consejo de Mayo, en una mesa bastante amplia, hace muchos meses. No hay que darle mucha bolilla a todo lo que ande circulando. Por ahora y hay que esperar\u201d.<\/p>\n\n\n\n<p class=\"wp-block-paragraph\">Fuente: <a href=\"https:\/\/www.perfil.com\/\">Perfil.com<\/a><\/p>","protected":false},"excerpt":{"rendered":"<p>Federico Sturzenegger, ministro de Desregulaci\u00f3n y Transformaci\u00f3n del Estado, dio detalles sobre la&nbsp;reforma laboral&nbsp;que impulsar\u00e1 el Gobierno en el Congreso a partir del 10 de diciembre, y atac\u00f3 el paro con marcha organizado este mi\u00e9rcoles por la Asociaci\u00f3n Argentina de Trabajadores del Estado&nbsp;(ATE), se\u00f1alando que no conocen los detalles del proyecto que, adelant\u00f3,&nbsp;\u201cno alcanza a [&hellip;]<\/p>\n","protected":false},"author":9,"featured_media":0,"comment_status":"open","ping_status":"open","sticky":false,"template":"","format":"standard","meta":{"site-sidebar-layout":"default","site-content-layout":"","ast-site-content-layout":"default","site-content-style":"default","site-sidebar-style":"default","ast-global-header-display":"","ast-banner-title-visibility":"","ast-main-header-display":"","ast-hfb-above-header-display":"","ast-hfb-below-header-display":"","ast-hfb-mobile-header-display":"","site-post-title":"","ast-breadcrumbs-content":"","ast-featured-img":"","footer-sml-layout":"","ast-disable-related-posts":"","theme-transparent-header-meta":"","adv-header-id-meta":"","stick-header-meta":"","header-above-stick-meta":"","header-main-stick-meta":"","header-below-stick-meta":"","astra-migrate-meta-layouts":"default","ast-page-background-enabled":"default","ast-page-background-meta":{"desktop":{"background-color":"","background-image":"","background-repeat":"repeat","background-position":"center center","background-size":"auto","background-attachment":"scroll","background-type":"","background-media":"","overlay-type":"","overlay-color":"","overlay-opacity":"","overlay-gradient":""},"tablet":{"background-color":"","background-image":"","background-repeat":"repeat","background-position":"center center","background-size":"auto","background-attachment":"scroll","background-type":"","background-media":"","overlay-type":"","overlay-color":"","overlay-opacity":"","overlay-gradient":""},"mobile":{"background-color":"","background-image":"","background-repeat":"repeat","background-position":"center center","background-size":"auto","background-attachment":"scroll","background-type":"","background-media":"","overlay-type":"","overlay-color":"","overlay-opacity":"","overlay-gradient":""}},"ast-content-background-meta":{"desktop":{"background-color":"var(--ast-global-color-5)","background-image":"","background-repeat":"repeat","background-position":"center center","background-size":"auto","background-attachment":"scroll","background-type":"","background-media":"","overlay-type":"","overlay-color":"","overlay-opacity":"","overlay-gradient":""},"tablet":{"background-color":"var(--ast-global-color-5)","background-image":"","background-repeat":"repeat","background-position":"center center","background-size":"auto","background-attachment":"scroll","background-type":"","background-media":"","overlay-type":"","overlay-color":"","overlay-opacity":"","overlay-gradient":""},"mobile":{"background-color":"var(--ast-global-color-5)","background-image":"","background-repeat":"repeat","background-position":"center center","background-size":"auto","background-attachment":"scroll","background-type":"","background-media":"","overlay-type":"","overlay-color":"","overlay-opacity":"","overlay-gradient":""}},"footnotes":""},"categories":[25],"tags":[],"class_list":["post-128327","post","type-post","status-publish","format-standard","hentry","category-destacado"],"spectra_blocks_featured_image_url":null,"spectra_blocks_author_info":{"display_name":"Jorge Alfredo Baret","avatar_url":"https:\/\/secure.gravatar.com\/avatar\/31696f5ca83439b642450ec7d3f82f98451a5efacb414343d5478c982b337f26?s=96&d=mm&r=g","author_link":"https:\/\/100xd.com.ar\/en\/author\/jorge\/","description":"Ingeniero Qu\u00edmico UTN - Director Apoderado de Comunicaciones Auditadas SA. Editor Responsable 100xd.com.ar."},"_links":{"self":[{"href":"https:\/\/100xd.com.ar\/en\/wp-json\/wp\/v2\/posts\/128327","targetHints":{"allow":["GET"]}}],"collection":[{"href":"https:\/\/100xd.com.ar\/en\/wp-json\/wp\/v2\/posts"}],"about":[{"href":"https:\/\/100xd.com.ar\/en\/wp-json\/wp\/v2\/types\/post"}],"author":[{"embeddable":true,"href":"https:\/\/100xd.com.ar\/en\/wp-json\/wp\/v2\/users\/9"}],"replies":[{"embeddable":true,"href":"https:\/\/100xd.com.ar\/en\/wp-json\/wp\/v2\/comments?post=128327"}],"version-history":[{"count":1,"href":"https:\/\/100xd.com.ar\/en\/wp-json\/wp\/v2\/posts\/128327\/revisions"}],"predecessor-version":[{"id":128329,"href":"https:\/\/100xd.com.ar\/en\/wp-json\/wp\/v2\/posts\/128327\/revisions\/128329"}],"wp:attachment":[{"href":"https:\/\/100xd.com.ar\/en\/wp-json\/wp\/v2\/media?parent=128327"}],"wp:term":[{"taxonomy":"category","embeddable":true,"href":"https:\/\/100xd.com.ar\/en\/wp-json\/wp\/v2\/categories?post=128327"},{"taxonomy":"post_tag","embeddable":true,"href":"https:\/\/100xd.com.ar\/en\/wp-json\/wp\/v2\/tags?post=128327"}],"curies":[{"name":"wp","href":"https:\/\/api.w.org\/{rel}","templated":true}]}}