{"id":126367,"date":"2025-10-12T11:37:32","date_gmt":"2025-10-12T14:37:32","guid":{"rendered":"https:\/\/100xd.com.ar\/?p=126367"},"modified":"2025-10-12T11:37:32","modified_gmt":"2025-10-12T14:37:32","slug":"provincia-de-salta-dia-de-la-diversidad-cultural","status":"publish","type":"post","link":"https:\/\/100xd.com.ar\/en\/provincia-de-salta-dia-de-la-diversidad-cultural\/","title":{"rendered":"Provincia de Salta: Dia de la Diversidad Cultural"},"content":{"rendered":"<p class=\"wp-block-paragraph\">La Secretar\u00eda Asuntos Ind\u00edgenas del Ministerio de Desarrollo Social, despliega sus acciones en territorio trabajando, acompa\u00f1ando y asistiendo a comunidades ind\u00edgenas en distintos puntos de la provincia de Salta, adaptando las modalidades de arribo en cada sitio y atento a la gran diversidad \u00e9tnica.<a href=\"https:\/\/www.salta.gob.ar\/public\/images\/noticias\/104368-dia-del-respeto-por-la-diversidad-cultural-el-gobierno-de-salta-reafirma-su-compromiso-con-los-pueblos-originarios.webp\"><\/a><\/p>\n\n\n\n<p class=\"wp-block-paragraph\">El Gobierno de Salta reafirma su compromiso con los pueblos originarios.<\/p>\n\n\n\n<p class=\"wp-block-paragraph\">En el marco del D\u00eda del Respeto por la Diversidad Cultural, el&nbsp;<strong>Gobierno de la Provincia de Salta<\/strong>&nbsp;renueva su compromiso con la construcci\u00f3n de una sociedad plural, justa y profundamente respetuosa de las identidades que la habitan. Salta, la provincia con mayor diversidad \u00e9tnica del pa\u00eds, es hogar de m\u00faltiples pueblos originarios que expresan cosmovisiones \u00fanicas y modos diversos de comprender y habitar el mundo.<\/p>\n\n\n\n<p class=\"wp-block-paragraph\">Desde el Ministerio de Desarrollo Social, a cargo de&nbsp;<strong>Mario Mimessi<\/strong>, a trav\u00e9s de la Secretar\u00eda de Asuntos Ind\u00edgenas, se impulsa un trabajo sostenido en territorio que reconoce y fortalece el ejercicio pleno de los derechos humanos de las comunidades ind\u00edgenas. Esta labor se traduce en acciones concretas que promueven el acceso a servicios esenciales, el acompa\u00f1amiento en procesos de consulta previa, y el dise\u00f1o de pol\u00edticas p\u00fablicas con enfoque intercultural.<\/p>\n\n\n\n<p class=\"wp-block-paragraph\">Esta jornada nos convoca a reflexionar sobre los procesos hist\u00f3ricos de las diferentes regiones habitadas por comunidades, atendiendo a las formas de di\u00e1logo intercultural y las tareas realizadas desde el Estado con las poblaciones ind\u00edgenas, que tienen el objetivo de a fomentar el cumplimiento de sus derechos, de igualdad, identidad, acceso a la salud, educaci\u00f3n, justicia y personer\u00eda jur\u00eddica; construyendo as\u00ed, una sociedad m\u00e1s justa y democr\u00e1tica.<\/p>\n\n\n\n<p class=\"wp-block-paragraph\">El Estado provincial, presente en cada rinc\u00f3n del territorio provincial para trabajar junto a los pueblos originarios, fomenta el di\u00e1logo respetuoso entre culturas y la participaci\u00f3n activa de las comunidades en la toma de decisiones que afectan su vida cotidiana. En este sentido, la Secretar\u00eda de Asuntos Ind\u00edgenas trabaja codo a codo con referentes comunitarios, fortaleciendo v\u00ednculos, escuchando demandas y construyendo soluciones desde una perspectiva de derechos.<\/p>\n\n\n\n<p class=\"wp-block-paragraph\">En esta fecha, que invita a reflexionar sobre nuestra historia y nuestras pr\u00e1cticas, reafirmamos que la diversidad cultural no solo es parte de nuestra memoria colectiva, sino tambi\u00e9n un pilar fundamental para el desarrollo de una Salta m\u00e1s inclusiva y democr\u00e1tica.<\/p>\n\n\n\n<hr class=\"wp-block-separator\"\/>\n\n\n\n<p class=\"wp-block-paragraph\">Fuente:&nbsp;<strong>Secretaria de Prensa y Comunicaci\u00f3n<\/strong><\/p>","protected":false},"excerpt":{"rendered":"<p>La Secretar\u00eda Asuntos Ind\u00edgenas del Ministerio de Desarrollo Social, despliega sus acciones en territorio trabajando, acompa\u00f1ando y asistiendo a comunidades ind\u00edgenas en distintos puntos de la provincia de Salta, adaptando las modalidades de arribo en cada sitio y atento a la gran diversidad \u00e9tnica. El Gobierno de Salta reafirma su compromiso con los pueblos originarios. [&hellip;]<\/p>\n","protected":false},"author":9,"featured_media":126368,"comment_status":"open","ping_status":"open","sticky":false,"template":"","format":"standard","meta":{"site-sidebar-layout":"default","site-content-layout":"","ast-site-content-layout":"default","site-content-style":"default","site-sidebar-style":"default","ast-global-header-display":"","ast-banner-title-visibility":"","ast-main-header-display":"","ast-hfb-above-header-display":"","ast-hfb-below-header-display":"","ast-hfb-mobile-header-display":"","site-post-title":"","ast-breadcrumbs-content":"","ast-featured-img":"","footer-sml-layout":"","ast-disable-related-posts":"","theme-transparent-header-meta":"","adv-header-id-meta":"","stick-header-meta":"","header-above-stick-meta":"","header-main-stick-meta":"","header-below-stick-meta":"","astra-migrate-meta-layouts":"default","ast-page-background-enabled":"default","ast-page-background-meta":{"desktop":{"background-color":"","background-image":"","background-repeat":"repeat","background-position":"center center","background-size":"auto","background-attachment":"scroll","background-type":"","background-media":"","overlay-type":"","overlay-color":"","overlay-opacity":"","overlay-gradient":""},"tablet":{"background-color":"","background-image":"","background-repeat":"repeat","background-position":"center center","background-size":"auto","background-attachment":"scroll","background-type":"","background-media":"","overlay-type":"","overlay-color":"","overlay-opacity":"","overlay-gradient":""},"mobile":{"background-color":"","background-image":"","background-repeat":"repeat","background-position":"center center","background-size":"auto","background-attachment":"scroll","background-type":"","background-media":"","overlay-type":"","overlay-color":"","overlay-opacity":"","overlay-gradient":""}},"ast-content-background-meta":{"desktop":{"background-color":"var(--ast-global-color-5)","background-image":"","background-repeat":"repeat","background-position":"center center","background-size":"auto","background-attachment":"scroll","background-type":"","background-media":"","overlay-type":"","overlay-color":"","overlay-opacity":"","overlay-gradient":""},"tablet":{"background-color":"var(--ast-global-color-5)","background-image":"","background-repeat":"repeat","background-position":"center center","background-size":"auto","background-attachment":"scroll","background-type":"","background-media":"","overlay-type":"","overlay-color":"","overlay-opacity":"","overlay-gradient":""},"mobile":{"background-color":"var(--ast-global-color-5)","background-image":"","background-repeat":"repeat","background-position":"center center","background-size":"auto","background-attachment":"scroll","background-type":"","background-media":"","overlay-type":"","overlay-color":"","overlay-opacity":"","overlay-gradient":""}},"footnotes":""},"categories":[8,4],"tags":[],"class_list":["post-126367","post","type-post","status-publish","format-standard","has-post-thumbnail","hentry","category-el-mundo","category-sociedad"],"spectra_blocks_featured_image_url":{"thumbnail":{"url":"https:\/\/100xd.com.ar\/wp-content\/uploads\/2025\/10\/festejos-150x150.webp","width":150,"height":150},"medium":{"url":"https:\/\/100xd.com.ar\/wp-content\/uploads\/2025\/10\/festejos-300x169.webp","width":300,"height":169},"medium_large":{"url":"https:\/\/100xd.com.ar\/wp-content\/uploads\/2025\/10\/festejos-768x432.webp","width":768,"height":432},"large":{"url":"https:\/\/100xd.com.ar\/wp-content\/uploads\/2025\/10\/festejos-1024x576.webp","width":1024,"height":576},"full":{"url":"https:\/\/100xd.com.ar\/wp-content\/uploads\/2025\/10\/festejos.webp","width":1066,"height":600}},"spectra_blocks_author_info":{"display_name":"Jorge Alfredo Baret","avatar_url":"https:\/\/secure.gravatar.com\/avatar\/31696f5ca83439b642450ec7d3f82f98451a5efacb414343d5478c982b337f26?s=96&d=mm&r=g","author_link":"https:\/\/100xd.com.ar\/en\/author\/jorge\/","description":"Ingeniero Qu\u00edmico UTN - Director Apoderado de Comunicaciones Auditadas SA. Editor Responsable 100xd.com.ar."},"_links":{"self":[{"href":"https:\/\/100xd.com.ar\/en\/wp-json\/wp\/v2\/posts\/126367","targetHints":{"allow":["GET"]}}],"collection":[{"href":"https:\/\/100xd.com.ar\/en\/wp-json\/wp\/v2\/posts"}],"about":[{"href":"https:\/\/100xd.com.ar\/en\/wp-json\/wp\/v2\/types\/post"}],"author":[{"embeddable":true,"href":"https:\/\/100xd.com.ar\/en\/wp-json\/wp\/v2\/users\/9"}],"replies":[{"embeddable":true,"href":"https:\/\/100xd.com.ar\/en\/wp-json\/wp\/v2\/comments?post=126367"}],"version-history":[{"count":1,"href":"https:\/\/100xd.com.ar\/en\/wp-json\/wp\/v2\/posts\/126367\/revisions"}],"predecessor-version":[{"id":126369,"href":"https:\/\/100xd.com.ar\/en\/wp-json\/wp\/v2\/posts\/126367\/revisions\/126369"}],"wp:featuredmedia":[{"embeddable":true,"href":"https:\/\/100xd.com.ar\/en\/wp-json\/wp\/v2\/media\/126368"}],"wp:attachment":[{"href":"https:\/\/100xd.com.ar\/en\/wp-json\/wp\/v2\/media?parent=126367"}],"wp:term":[{"taxonomy":"category","embeddable":true,"href":"https:\/\/100xd.com.ar\/en\/wp-json\/wp\/v2\/categories?post=126367"},{"taxonomy":"post_tag","embeddable":true,"href":"https:\/\/100xd.com.ar\/en\/wp-json\/wp\/v2\/tags?post=126367"}],"curies":[{"name":"wp","href":"https:\/\/api.w.org\/{rel}","templated":true}]}}