{"id":126256,"date":"2025-10-10T11:26:45","date_gmt":"2025-10-10T14:26:45","guid":{"rendered":"https:\/\/100xd.com.ar\/?p=126256"},"modified":"2025-10-10T11:26:45","modified_gmt":"2025-10-10T14:26:45","slug":"vialidad-una-exoneracion-de-inusitada-gravedad","status":"publish","type":"post","link":"https:\/\/100xd.com.ar\/en\/vialidad-una-exoneracion-de-inusitada-gravedad\/","title":{"rendered":"Vialidad: una exoneraci\u00f3n de inusitada gravedad"},"content":{"rendered":"<p class=\"wp-block-paragraph\">Un reciente fallo dividido declar\u00f3 terminado por inactividad procesal el juicio promovido por la&nbsp;<strong>Direcci\u00f3n Nacional de Vialidad<\/strong>&nbsp;(<strong>DNV<\/strong>) para cobrar de la expresidenta&nbsp;<strong>Cristina Kirchner<\/strong>&nbsp;y de sus c\u00f3mplices un monto sin actualizar superior a 23.000 millones de pesos. Adem\u00e1s, le impuso al Estado las costas del juicio.<\/p>\n\n\n\n<p class=\"wp-block-paragraph\">La acci\u00f3n hab\u00eda sido promovida por la DNV para reclamar rubros que no se pod\u00edan incluir en la sentencia penal que los conden\u00f3 por corrupci\u00f3n. Aunque la caducidad solo extingue el proceso, al considerar que no hubo un juicio, el plazo de prescripci\u00f3n de la acci\u00f3n contin\u00faa corriendo y se pierde el derecho de fondo, lo cual impide iniciar un nuevo juicio.<\/p>\n\n\n\n<p class=\"wp-block-paragraph\">Por los involucrados, los montos en juego y la forma absolutamente anormal en que se pretende cerrar la cuesti\u00f3n,&nbsp;<mark>estamos ante un hecho de una gravedad inusitada<\/mark>. Se descuenta un recurso ante la&nbsp;<strong>Corte Suprema de Justicia<\/strong>&nbsp;para revertir esta decisi\u00f3n o, al menos, liberar al Estado de las costas ante lo discutible de los argumentos.<\/p>\n\n\n\n<p class=\"wp-block-paragraph\">\u00bfC\u00f3mo es posible que, condenados en la causa penal, los culpables puedan ahora quedar exonerados del pago por esta nueva sentencia en otra causa? Todo conduce a preguntarnos:&nbsp;<mark>\u00bfqu\u00e9 tan bien defendido est\u00e1 nuestro Estado Nacional?<\/mark>&nbsp;La defensa, que hasta 1967 se concentraba en la&nbsp;<strong>Procuraci\u00f3n del Tesoro<\/strong>&nbsp;pas\u00f3 por ley a distribuirse entre las oficinas jur\u00eddicas de ministerios y reparticiones. A casi 60 a\u00f1os ser\u00eda \u00fatil hacer un balance de la decisi\u00f3n y, adem\u00e1s, un relevamiento exhaustivo del cuerpo de abogados del Estado. Tambi\u00e9n deber\u00edan conocerse los resultados del programa de Coordinaci\u00f3n y asistencia del Cuerpo de Abogados del Estado, impulsado durante el gobierno de Macri.<\/p>\n\n\n\n<p class=\"wp-block-paragraph\">Es igualmente importante conocer la cantidad exacta de juicios que afronta el Estado en nuestro pa\u00eds y en el exterior, especialmente los reclamos monetarios y el pasivo contingente que implican. Hacia fines de 2015, el entonces titular de la Procuraci\u00f3n,&nbsp;<strong>Carlos Balb\u00edn<\/strong>, estim\u00f3 que ser\u00edan 60.000, en tanto&nbsp;<strong>Bernardo Saravia Fr\u00edas<\/strong>, quien lo sucedi\u00f3, habl\u00f3 de 100.000, sin contar juicios previsionales que podr\u00edan superar los 500.000.<\/p>\n\n\n\n<p class=\"wp-block-paragraph\">No parece l\u00f3gico que todos los juicios que enfrenta el pa\u00eds se defiendan de la misma forma. Muchos justifican una atenci\u00f3n especial y una precisa informaci\u00f3n a la ciudadan\u00eda como la causa de Vialidad que nos ocupa, y, mucho m\u00e1s todav\u00eda, respecto de la de&nbsp;<strong>YPF<\/strong>, que se tramita ante los tribunales de Nueva York, que conden\u00f3 a la Argentina a pagar 16.000 millones de d\u00f3lares, monto \u00e9ste que podr\u00eda superar el de todos los reclamos contra el Estado sumados.<\/p>\n\n\n\n<p class=\"wp-block-paragraph\">El ciudadano de a pie puede no tomar verdadera dimensi\u00f3n de cu\u00e1nto impactan estas cuestiones en su vida. Una vez m\u00e1s, la dirigencia pol\u00edtica y los funcionarios le deben no solo la claridad para explicarlas e informarle sobre el derrotero de las causas sino, sobre todo, la garant\u00eda de que la defensa de los intereses de todos es la m\u00e1s adecuada, en los tiempos y en las formas. Sembrar dudas en este terreno es, una vez m\u00e1s, violentar el Estado de Derecho y seguir sentando p\u00e9simos precedentes para el futuro.<\/p>\n\n\n\n<p class=\"wp-block-paragraph\">Fuente: <a href=\"https:\/\/www.lanacion.com.ar\/\">La Naci\u00f3n<\/a><\/p>","protected":false},"excerpt":{"rendered":"<p>Un reciente fallo dividido declar\u00f3 terminado por inactividad procesal el juicio promovido por la&nbsp;Direcci\u00f3n Nacional de Vialidad&nbsp;(DNV) para cobrar de la expresidenta&nbsp;Cristina Kirchner&nbsp;y de sus c\u00f3mplices un monto sin actualizar superior a 23.000 millones de pesos. Adem\u00e1s, le impuso al Estado las costas del juicio. La acci\u00f3n hab\u00eda sido promovida por la DNV para reclamar [&hellip;]<\/p>\n","protected":false},"author":9,"featured_media":126257,"comment_status":"open","ping_status":"open","sticky":false,"template":"","format":"standard","meta":{"site-sidebar-layout":"default","site-content-layout":"","ast-site-content-layout":"default","site-content-style":"default","site-sidebar-style":"default","ast-global-header-display":"","ast-banner-title-visibility":"","ast-main-header-display":"","ast-hfb-above-header-display":"","ast-hfb-below-header-display":"","ast-hfb-mobile-header-display":"","site-post-title":"","ast-breadcrumbs-content":"","ast-featured-img":"","footer-sml-layout":"","ast-disable-related-posts":"","theme-transparent-header-meta":"","adv-header-id-meta":"","stick-header-meta":"","header-above-stick-meta":"","header-main-stick-meta":"","header-below-stick-meta":"","astra-migrate-meta-layouts":"default","ast-page-background-enabled":"default","ast-page-background-meta":{"desktop":{"background-color":"","background-image":"","background-repeat":"repeat","background-position":"center center","background-size":"auto","background-attachment":"scroll","background-type":"","background-media":"","overlay-type":"","overlay-color":"","overlay-opacity":"","overlay-gradient":""},"tablet":{"background-color":"","background-image":"","background-repeat":"repeat","background-position":"center center","background-size":"auto","background-attachment":"scroll","background-type":"","background-media":"","overlay-type":"","overlay-color":"","overlay-opacity":"","overlay-gradient":""},"mobile":{"background-color":"","background-image":"","background-repeat":"repeat","background-position":"center center","background-size":"auto","background-attachment":"scroll","background-type":"","background-media":"","overlay-type":"","overlay-color":"","overlay-opacity":"","overlay-gradient":""}},"ast-content-background-meta":{"desktop":{"background-color":"var(--ast-global-color-5)","background-image":"","background-repeat":"repeat","background-position":"center center","background-size":"auto","background-attachment":"scroll","background-type":"","background-media":"","overlay-type":"","overlay-color":"","overlay-opacity":"","overlay-gradient":""},"tablet":{"background-color":"var(--ast-global-color-5)","background-image":"","background-repeat":"repeat","background-position":"center center","background-size":"auto","background-attachment":"scroll","background-type":"","background-media":"","overlay-type":"","overlay-color":"","overlay-opacity":"","overlay-gradient":""},"mobile":{"background-color":"var(--ast-global-color-5)","background-image":"","background-repeat":"repeat","background-position":"center center","background-size":"auto","background-attachment":"scroll","background-type":"","background-media":"","overlay-type":"","overlay-color":"","overlay-opacity":"","overlay-gradient":""}},"footnotes":""},"categories":[149],"tags":[],"class_list":["post-126256","post","type-post","status-publish","format-standard","has-post-thumbnail","hentry","category-entrevistas"],"spectra_blocks_featured_image_url":{"thumbnail":{"url":"https:\/\/100xd.com.ar\/wp-content\/uploads\/2025\/10\/ladrona-150x150.jpg","width":150,"height":150},"medium":{"url":"https:\/\/100xd.com.ar\/wp-content\/uploads\/2025\/10\/ladrona-300x200.jpg","width":300,"height":200},"medium_large":{"url":"https:\/\/100xd.com.ar\/wp-content\/uploads\/2025\/10\/ladrona-768x511.jpg","width":768,"height":511},"large":{"url":"https:\/\/100xd.com.ar\/wp-content\/uploads\/2025\/10\/ladrona.jpg","width":880,"height":586},"full":{"url":"https:\/\/100xd.com.ar\/wp-content\/uploads\/2025\/10\/ladrona.jpg","width":880,"height":586}},"spectra_blocks_author_info":{"display_name":"Jorge Alfredo Baret","avatar_url":"https:\/\/secure.gravatar.com\/avatar\/31696f5ca83439b642450ec7d3f82f98451a5efacb414343d5478c982b337f26?s=96&d=mm&r=g","author_link":"https:\/\/100xd.com.ar\/en\/author\/jorge\/","description":"Ingeniero Qu\u00edmico UTN - Director Apoderado de Comunicaciones Auditadas SA. Editor Responsable 100xd.com.ar."},"_links":{"self":[{"href":"https:\/\/100xd.com.ar\/en\/wp-json\/wp\/v2\/posts\/126256","targetHints":{"allow":["GET"]}}],"collection":[{"href":"https:\/\/100xd.com.ar\/en\/wp-json\/wp\/v2\/posts"}],"about":[{"href":"https:\/\/100xd.com.ar\/en\/wp-json\/wp\/v2\/types\/post"}],"author":[{"embeddable":true,"href":"https:\/\/100xd.com.ar\/en\/wp-json\/wp\/v2\/users\/9"}],"replies":[{"embeddable":true,"href":"https:\/\/100xd.com.ar\/en\/wp-json\/wp\/v2\/comments?post=126256"}],"version-history":[{"count":1,"href":"https:\/\/100xd.com.ar\/en\/wp-json\/wp\/v2\/posts\/126256\/revisions"}],"predecessor-version":[{"id":126258,"href":"https:\/\/100xd.com.ar\/en\/wp-json\/wp\/v2\/posts\/126256\/revisions\/126258"}],"wp:featuredmedia":[{"embeddable":true,"href":"https:\/\/100xd.com.ar\/en\/wp-json\/wp\/v2\/media\/126257"}],"wp:attachment":[{"href":"https:\/\/100xd.com.ar\/en\/wp-json\/wp\/v2\/media?parent=126256"}],"wp:term":[{"taxonomy":"category","embeddable":true,"href":"https:\/\/100xd.com.ar\/en\/wp-json\/wp\/v2\/categories?post=126256"},{"taxonomy":"post_tag","embeddable":true,"href":"https:\/\/100xd.com.ar\/en\/wp-json\/wp\/v2\/tags?post=126256"}],"curies":[{"name":"wp","href":"https:\/\/api.w.org\/{rel}","templated":true}]}}