{"id":125932,"date":"2025-10-02T11:15:44","date_gmt":"2025-10-02T14:15:44","guid":{"rendered":"https:\/\/100xd.com.ar\/?p=125932"},"modified":"2025-10-02T11:15:44","modified_gmt":"2025-10-02T14:15:44","slug":"espert-hablo-sobre-sus-vinculos-con-fred-machado-puedo-saber-yo-en-2019-lo-que-hace-una-persona-anos-despues","status":"publish","type":"post","link":"https:\/\/100xd.com.ar\/en\/espert-hablo-sobre-sus-vinculos-con-fred-machado-puedo-saber-yo-en-2019-lo-que-hace-una-persona-anos-despues\/","title":{"rendered":"Espert habl\u00f3 sobre sus v\u00ednculos con Fred Machado: \u201c\u00bfPuedo saber yo en 2019 lo que hace una persona a\u00f1os despu\u00e9s?\u201d"},"content":{"rendered":"<p class=\"wp-block-paragraph\">Jos\u00e9 Luis Espert habl\u00f3 por primera vez de la denuncia en su contra por tener v\u00ednculos con Fred Machado, el empresario detenido por narcotr\u00e1fico.&nbsp;<strong>Al candidato a diputado nacional por La Libertad Avanza se lo acusa de haber sido financiado por Machado en 2019, cuando compiti\u00f3 por la presidencia de la Naci\u00f3n.<\/strong><a href=\"https:\/\/www.infobae.com\/politica\/2025\/10\/02\/patricia-bullrich-exigio-que-espert-vuelva-a-los-medios-y-conteste-claro-sobre-su-vinculo-con-fred-machado\/\" target=\"_blank\" rel=\"noreferrer noopener\">Te puede interesar:<strong>Patricia Bullrich exigi\u00f3 que Espert \u201cvuelva a los medios y conteste claro\u201d sobre su v\u00ednculo con Fred Machado<\/strong><\/a><\/p>\n\n\n\n<p class=\"wp-block-paragraph\">\u201cLa causa es de 2021 y hablan de la campa\u00f1a en 2019. Est\u00e1 compuesta por recortes de diarios que eran una campa\u00f1a de difamaci\u00f3n. En 2021 me ve\u00edan como amenaza, yo entr\u00e9 como diputado.&nbsp;<strong>Me hacen una campa\u00f1a sucia relacion\u00e1ndome con la campa\u00f1a de 2019. Hace cuatro a\u00f1os que da vueltas la causa\u201d,&nbsp;<\/strong>comenz\u00f3 Espert en di\u00e1logo con Pablo Rossi por&nbsp;<em>A24<\/em>.<\/p>\n\n\n\n<p class=\"wp-block-paragraph\"><strong>\u201c\u00bfPuedo saber yo cuando en 2019 voy a presentar mi libro lo que hace esa persona dos a\u00f1os despu\u00e9s?\u201c,&nbsp;<\/strong>agreg\u00f3 sobre los conflictos judiciales que posteriormente enfrent\u00f3 Machado.<a href=\"https:\/\/www.infobae.com\/politica\/2025\/10\/02\/el-gobierno-se-puso-en-modo-resistencia-ante-la-ofensiva-opositora-y-los-errores-propios\/\" target=\"_blank\" rel=\"noreferrer noopener\">Te puede interesar:<strong>El Gobierno se puso en \u201cmodo resistencia\u201d ante la ofensiva opositora y los errores propios<\/strong><\/a><\/p>\n\n\n\n<p class=\"wp-block-paragraph\">El economista libertario admiti\u00f3 que lo conoci\u00f3 a Machado en 2018 cuando estaba presentando su libro. Cont\u00f3 que el empresario le ofreci\u00f3 su avi\u00f3n para ir a presentar el libro a Viedma. Sin embargo, aclar\u00f3 que al a\u00f1o siguiente, durante su campa\u00f1a presidencial, tanto el avi\u00f3n como la camioneta blindada Grand Cherokee que presuntamente provey\u00f3 Machado, fueron a trav\u00e9s del sello partidario UNITE por el cual compiti\u00f3.<\/p>\n\n\n\n<p class=\"wp-block-paragraph\">\u201cLos candidatos en campa\u00f1a nos subimos a d\u00f3nde el sello partidario nos dice.&nbsp;<strong>Nosotros no manejamos fondos partidarios. Mi sello era UNIR de Alberto Assef y despu\u00e9s UNITE de Bonacci. Yo usaba los aviones que ellos me prove\u00edan. \u00bfVos sab\u00e9s si el taxi que te tom\u00e1s tuvo accidentes antes?\u201c,<\/strong>&nbsp;explic\u00f3.<a href=\"https:\/\/www.infobae.com\/politica\/2025\/10\/02\/facundo-manes-hablo-de-su-nuevo-espacio-politico-queremos-discutir-como-generamos-riqueza\/\" target=\"_blank\" rel=\"noreferrer noopener\">Te puede interesar:<strong>Facundo Manes habl\u00f3 de su nuevo espacio pol\u00edtico: \u201cQueremos discutir c\u00f3mo generamos riqueza\u201d<\/strong><\/a><img loading=\"lazy\" decoding=\"async\" alt=\"El candidato a diputado saliendo\" height=\"1080\" src=\"https:\/\/www.infobae.com\/resizer\/v2\/IJFY2IRISJDKJP57AUDQRECB5I.jpg?auth=986d5d909a0dd5e3e7d93a4338becaf66f3b61c1e92c86fd68009e33e4213c72&amp;smart=true&amp;width=350&amp;height=197&amp;quality=85\" width=\"1920\" title=\"Espert habl\u00f3 sobre sus v\u00ednculos con Fred Machado: \u201c\u00bfPuedo saber yo en 2019 lo que hace una persona a\u00f1os despu\u00e9s?\u201d\">El candidato a diputado saliendo de la Casa Rosada (Maximiliano Luna)<\/p>\n\n\n\n<p class=\"wp-block-paragraph\">Y a\u00f1adi\u00f3: \u201cCuando uno entra en una campa\u00f1a de cero, la cantidad de gente que se te acerca es enorme. Arrancaba de cero en pol\u00edtica, reci\u00e9n me hab\u00eda casado, estaba presentando mi libro, estaba presentando la plataforma pol\u00edtica.<strong>&nbsp;Cuando entr\u00e1s en pol\u00edtica y te ven atractivo, se te mete gente buena que te quiere apoyar y otra gente muy mala que hoy anda diciendo cualquier cosa de m\u00ed.<\/strong>&nbsp;Esa gente mala te la mete los que no quieren que te dediques a la pol\u00edtica\u201d.<\/p>\n\n\n\n<p class=\"wp-block-paragraph\"><strong>\u201cYo us\u00e9 veh\u00edculos que el sello partidario me prove\u00eda. No sab\u00eda que eran de \u00e9l. Fui ingenuo en 2019. El mundo de la pol\u00edtica es esot\u00e9rico.&nbsp;<\/strong>Hoy me siento muy bien, con muchas ganas de ir para adelante y apoyar el proyecto de Milei\u201d, complet\u00f3 sobre este tema.<\/p>\n\n\n\n<p class=\"wp-block-paragraph\">Espert fue consultado sobre la supuesta transferencia de 200 mil d\u00f3lares que le hizo Machado, pero intent\u00f3 despegarse:&nbsp;<strong>\u201cEs un papel de una supuesta contrariedad paralela de una causa que hay en Estados Unidos. \u00bfDe qu\u00e9 estamos hablando? No le voy a dar le gusto a Grabois que sea el \u00fanico tema de campa\u00f1a.<\/strong>&nbsp;Grabois fue a la Justicia con esto y vamos a ir con \u00e9l. Ellos no quieren que se discutan las cosas importantes en campa\u00f1a&#8221;.<\/p>\n\n\n\n<p class=\"wp-block-paragraph\">Ante esto, aprovech\u00f3 y redobl\u00f3 las cr\u00edticas contra el candidato del peronismo:<strong>&nbsp;\u201cNo voy a prestarme al juego de Grabois. En 2019 laburaba en el sector privado. Todo el dinero que tengo lo puedo justificar. Grabois vive de sacarle guita a los pobres, yo vivo de mi laburo.<\/strong>&nbsp;A Grabois le voy a contestar en la justicia y lo voy a seguir hasta abajo de la cama\u201d.<\/p>\n\n\n\n<p class=\"wp-block-paragraph\">En el final, aclar\u00f3 que en ning\u00fan momento pens\u00f3 en bajarse de la campa\u00f1a de cara a octubre:\u00a0<strong>\u201cDe ninguna manera. Me siento m\u00e1s fuerte que nunca. No hubiera aceptado dar un paso al costado porque ser\u00eda darle el gusto a los tipos que quieren que el pa\u00eds siga siendo una villa miseria para que ellos puedan vivir de la d\u00e1diva que les dan a los pobres que terminan generando ellos. No lo voy permitir y el Presidente me ha recontra bancado junto a su equipo de Gobierno. Me siento m\u00e1s fuerte que nunca porque estos golpes me fortalecen.<\/strong>\u00a0Grabois, meteme m\u00e1s denuncias. Van a venir las m\u00edas. No voy a permitir que manches el laburo de mi viejo de toda la vida\u201d.<\/p>\n\n\n\n<p class=\"wp-block-paragraph\">Fuente:<a href=\"https:\/\/www.infobae.com\/\"> Infobae.com<\/a><\/p>","protected":false},"excerpt":{"rendered":"<p>Jos\u00e9 Luis Espert habl\u00f3 por primera vez de la denuncia en su contra por tener v\u00ednculos con Fred Machado, el empresario detenido por narcotr\u00e1fico.&nbsp;Al candidato a diputado nacional por La Libertad Avanza se lo acusa de haber sido financiado por Machado en 2019, cuando compiti\u00f3 por la presidencia de la Naci\u00f3n.Te puede interesar:Patricia Bullrich exigi\u00f3 [&hellip;]<\/p>\n","protected":false},"author":9,"featured_media":125933,"comment_status":"open","ping_status":"open","sticky":false,"template":"","format":"standard","meta":{"site-sidebar-layout":"default","site-content-layout":"","ast-site-content-layout":"default","site-content-style":"default","site-sidebar-style":"default","ast-global-header-display":"","ast-banner-title-visibility":"","ast-main-header-display":"","ast-hfb-above-header-display":"","ast-hfb-below-header-display":"","ast-hfb-mobile-header-display":"","site-post-title":"","ast-breadcrumbs-content":"","ast-featured-img":"","footer-sml-layout":"","ast-disable-related-posts":"","theme-transparent-header-meta":"","adv-header-id-meta":"","stick-header-meta":"","header-above-stick-meta":"","header-main-stick-meta":"","header-below-stick-meta":"","astra-migrate-meta-layouts":"default","ast-page-background-enabled":"default","ast-page-background-meta":{"desktop":{"background-color":"","background-image":"","background-repeat":"repeat","background-position":"center center","background-size":"auto","background-attachment":"scroll","background-type":"","background-media":"","overlay-type":"","overlay-color":"","overlay-opacity":"","overlay-gradient":""},"tablet":{"background-color":"","background-image":"","background-repeat":"repeat","background-position":"center center","background-size":"auto","background-attachment":"scroll","background-type":"","background-media":"","overlay-type":"","overlay-color":"","overlay-opacity":"","overlay-gradient":""},"mobile":{"background-color":"","background-image":"","background-repeat":"repeat","background-position":"center center","background-size":"auto","background-attachment":"scroll","background-type":"","background-media":"","overlay-type":"","overlay-color":"","overlay-opacity":"","overlay-gradient":""}},"ast-content-background-meta":{"desktop":{"background-color":"var(--ast-global-color-5)","background-image":"","background-repeat":"repeat","background-position":"center center","background-size":"auto","background-attachment":"scroll","background-type":"","background-media":"","overlay-type":"","overlay-color":"","overlay-opacity":"","overlay-gradient":""},"tablet":{"background-color":"var(--ast-global-color-5)","background-image":"","background-repeat":"repeat","background-position":"center center","background-size":"auto","background-attachment":"scroll","background-type":"","background-media":"","overlay-type":"","overlay-color":"","overlay-opacity":"","overlay-gradient":""},"mobile":{"background-color":"var(--ast-global-color-5)","background-image":"","background-repeat":"repeat","background-position":"center center","background-size":"auto","background-attachment":"scroll","background-type":"","background-media":"","overlay-type":"","overlay-color":"","overlay-opacity":"","overlay-gradient":""}},"footnotes":""},"categories":[2],"tags":[],"class_list":["post-125932","post","type-post","status-publish","format-standard","has-post-thumbnail","hentry","category-politica"],"spectra_blocks_featured_image_url":{"thumbnail":{"url":"https:\/\/100xd.com.ar\/wp-content\/uploads\/2025\/10\/jose-luis-150x150.jpg","width":150,"height":150},"medium":{"url":"https:\/\/100xd.com.ar\/wp-content\/uploads\/2025\/10\/jose-luis-300x169.jpg","width":300,"height":169},"medium_large":{"url":"https:\/\/100xd.com.ar\/wp-content\/uploads\/2025\/10\/jose-luis-768x432.jpg","width":768,"height":432},"large":{"url":"https:\/\/100xd.com.ar\/wp-content\/uploads\/2025\/10\/jose-luis.jpg","width":992,"height":558},"full":{"url":"https:\/\/100xd.com.ar\/wp-content\/uploads\/2025\/10\/jose-luis.jpg","width":992,"height":558}},"spectra_blocks_author_info":{"display_name":"Jorge Alfredo Baret","avatar_url":"https:\/\/secure.gravatar.com\/avatar\/31696f5ca83439b642450ec7d3f82f98451a5efacb414343d5478c982b337f26?s=96&d=mm&r=g","author_link":"https:\/\/100xd.com.ar\/en\/author\/jorge\/","description":"Ingeniero Qu\u00edmico UTN - Director Apoderado de Comunicaciones Auditadas SA. Editor Responsable 100xd.com.ar."},"_links":{"self":[{"href":"https:\/\/100xd.com.ar\/en\/wp-json\/wp\/v2\/posts\/125932","targetHints":{"allow":["GET"]}}],"collection":[{"href":"https:\/\/100xd.com.ar\/en\/wp-json\/wp\/v2\/posts"}],"about":[{"href":"https:\/\/100xd.com.ar\/en\/wp-json\/wp\/v2\/types\/post"}],"author":[{"embeddable":true,"href":"https:\/\/100xd.com.ar\/en\/wp-json\/wp\/v2\/users\/9"}],"replies":[{"embeddable":true,"href":"https:\/\/100xd.com.ar\/en\/wp-json\/wp\/v2\/comments?post=125932"}],"version-history":[{"count":1,"href":"https:\/\/100xd.com.ar\/en\/wp-json\/wp\/v2\/posts\/125932\/revisions"}],"predecessor-version":[{"id":125934,"href":"https:\/\/100xd.com.ar\/en\/wp-json\/wp\/v2\/posts\/125932\/revisions\/125934"}],"wp:featuredmedia":[{"embeddable":true,"href":"https:\/\/100xd.com.ar\/en\/wp-json\/wp\/v2\/media\/125933"}],"wp:attachment":[{"href":"https:\/\/100xd.com.ar\/en\/wp-json\/wp\/v2\/media?parent=125932"}],"wp:term":[{"taxonomy":"category","embeddable":true,"href":"https:\/\/100xd.com.ar\/en\/wp-json\/wp\/v2\/categories?post=125932"},{"taxonomy":"post_tag","embeddable":true,"href":"https:\/\/100xd.com.ar\/en\/wp-json\/wp\/v2\/tags?post=125932"}],"curies":[{"name":"wp","href":"https:\/\/api.w.org\/{rel}","templated":true}]}}