{"id":125289,"date":"2025-09-19T11:54:43","date_gmt":"2025-09-19T14:54:43","guid":{"rendered":"https:\/\/100xd.com.ar\/?p=125289"},"modified":"2025-09-19T12:45:32","modified_gmt":"2025-09-19T15:45:32","slug":"esta-noche-desfilan-las-carrozas-del-grupo-b-orden-de-pasada-horario-de-inicio-modificaciones-en-el-transito-y-mas","status":"publish","type":"post","link":"https:\/\/100xd.com.ar\/en\/esta-noche-desfilan-las-carrozas-del-grupo-b-orden-de-pasada-horario-de-inicio-modificaciones-en-el-transito-y-mas\/","title":{"rendered":"Provincia de Jujuy: Esta noche desfilan las carrozas del Grupo B: orden de pasada, horario de inicio, modificaciones en el tr\u00e1nsito y m\u00e1s"},"content":{"rendered":"<p class=\"wp-block-paragraph\">La Fiesta Nacional de los Estudiantes 2025 contin\u00faa a puro color y creatividad en Ciudad Cultural. Este viernes 19 de septiembre ser\u00e1 el turno del&nbsp;<strong>Grupo B<\/strong>, que desplegar\u00e1 su trabajo en el tradicional circuito con un total de&nbsp;<strong>6 carrozas t\u00e9cnicas, 11 carrozas no t\u00e9cnicas y 23 carruajes<\/strong>.<\/p>\n\n\n\n<p class=\"wp-block-paragraph\">El desfile arrancar\u00e1 a las&nbsp;<strong>20:00 horas<\/strong>, mientras que los cortes de tr\u00e1nsito en la zona estar\u00e1n vigentes desde las&nbsp;<strong>17:00<\/strong>, para garantizar la seguridad y el orden durante el evento.<\/p>\n\n\n\n<h2 class=\"wp-block-heading\"><strong>Orden de pasada del Grupo B<\/strong><\/h2>\n\n\n\n<figure data-spectra-id=\"spectra-ac72621c-34ce-4253-a8fd-77f4c2ba4080\" class=\"wp-block-image\"><img decoding=\"async\" src=\"https:\/\/statics.somosjujuy.com.ar\/2025\/09\/crop\/68cd4cb60fd6a__912x912.webp\" alt=\"orden grupo b\" title=\"Provincia de Jujuy: Esta noche desfilan las carrozas del Grupo B: orden de pasada, horario de inicio, modificaciones en el tr\u00e1nsito y m\u00e1s\" \/><\/figure>\n\n\n\n<h2 class=\"wp-block-heading\"><strong>Modificaciones en el tr\u00e1nsito<\/strong><\/h2>\n\n\n\n<p class=\"wp-block-paragraph\">A partir de las&nbsp;<strong>17:00 horas<\/strong>, se implementar\u00e1n cortes de tr\u00e1nsito en los siguientes puntos:<\/p>\n\n\n\n<ul class=\"wp-block-list\"><li>Avenida Bolivia y Avenida de los Estudiantes<\/li><li>Avenida de los Estudiantes y Avenida de las Carrozas<\/li><li>Avenida de los Estudiantes y Prolongaci\u00f3n Zorrilla de San Mart\u00edn<\/li><li>Curupait\u00ed y Avenida Bolivia<\/li><li>Curupait\u00ed y Zorrilla de San Mart\u00edn<\/li><li>Curupait\u00ed y derivador de ingreso a Zona Sur de Avenida de los Estudiantes<\/li><li>Curupait\u00ed y Prolongaci\u00f3n Juntos en Jujuy<\/li><li>Curupait\u00ed y F\u00e9lix de Olaz\u00e1bal<\/li><li>Colectora Ruta 9 y Washington (ingreso clandestino)<\/li><li>Rotonda de Avenida de los Estudiantes ingreso a Ciudad Cultural<\/li><li>Avenida de los Estudiantes y Colectora Pila Sol\u00e1<\/li><li>Colectora Pila Sol\u00e1 y Avenida de las Carrozas<\/li><li>Avenida de las Carrozas y Juntos en Jujuy<\/li><li>Avenida de las Carrozas y Dr. Vidal<\/li><li>Avenida de las Carrozas y Pedro del Portal<\/li><li>Avenida de las Carrozas ingreso Zona Sur<\/li><li>Avenida de los Estudiantes ingreso a Airampo (B\u00b0 23 de Agosto)<\/li><li>Suipacha y Coronel Arias<\/li><li>Ituzaing\u00f3 y Dr. Vidal<\/li><\/ul>\n\n\n\n<p class=\"wp-block-paragraph\">Adem\u00e1s, habr\u00e1 restricciones de estacionamiento en Suipacha, entre Pedro del Portal y Colectora Pila Sol\u00e1, desde las 18:00 horas.&nbsp;<\/p>\n\n\n\n<figure data-spectra-id=\"spectra-35680895-0c94-4568-88b3-3df8298b2b32\" class=\"wp-block-image\"><a href=\"https:\/\/www.somosjujuy.com.ar\/fne\/el-grupo-brillo-primera-noche-desfiles-carrozas-mira-fotos-n108545\"><img decoding=\"async\" src=\"https:\/\/statics.somosjujuy.com.ar\/2025\/09\/crop\/68cccc06caa61__180x180.webp\" alt=\"El Grupo A brill\u00f3 en la primera noche de desfiles de carrozas: mir\u00e1 las fotos\" title=\"Provincia de Jujuy: Esta noche desfilan las carrozas del Grupo B: orden de pasada, horario de inicio, modificaciones en el tr\u00e1nsito y m\u00e1s\" \/><\/a><\/figure>\n\n\n\n<p class=\"wp-block-paragraph\"><strong>Lee tambi\u00e9n<\/strong><\/p>\n\n\n\n<h3 class=\"wp-block-heading\"><a href=\"https:\/\/www.somosjujuy.com.ar\/fne\/el-grupo-brillo-primera-noche-desfiles-carrozas-mira-fotos-n108545\">FNE 2025&nbsp;El Grupo A brill\u00f3 en la primera noche de desfiles de carrozas: mir\u00e1 las fotos<\/a><\/h3>\n\n\n\n<h2 class=\"wp-block-heading\"><strong>Desv\u00edos en el transporte urbano<\/strong><\/h2>\n\n\n\n<p class=\"wp-block-paragraph\">Las unidades de transporte p\u00fablico modificar\u00e1n su recorrido por las siguientes arterias: Santib\u00e1\u00f1ez, Comandante P\u00e9rez, Airampo, Acceso a barrio 23 de Agosto, Suipacha, Colectora Pila Sol\u00e1, Avenida de las Carrozas, Avenida Bolivia, Avenida C\u00f3rdoba, retomando luego su trayecto habitual. Las paradas estar\u00e1n designadas en Avenida de las Carrozas en toda su extensi\u00f3n.&nbsp;<\/p>\n\n\n\n<h2 class=\"wp-block-heading\"><strong>Ingreso al barrio Alto Padilla<\/strong><\/h2>\n\n\n\n<p class=\"wp-block-paragraph\">Los vecinos del barrio Alto Padilla podr\u00e1n ingresar al sector con la acreditaci\u00f3n de alguna documentaci\u00f3n que certifique el domicilio, como un DNI, boleta de impuesto o contrato de alquiler. El acceso se realizar\u00e1 por F\u00e9lix de Olaz\u00e1bal y por Zorrilla de San Mart\u00edn.<\/p>\n\n\n\n<h2 class=\"wp-block-heading\"><strong>Recomendaciones para los asistentes<\/strong><\/h2>\n\n\n\n<p class=\"wp-block-paragraph\">Se recomienda a los asistentes utilizar el transporte p\u00fablico para facilitar el acceso al evento y evitar inconvenientes con el estacionamiento. Adem\u00e1s, se solicita respetar las se\u00f1alizaciones y las indicaciones del personal de la Direcci\u00f3n de Tr\u00e1nsito, apostado en cada punto de control.&nbsp;<\/p>\n\n\n\n<p class=\"wp-block-paragraph\"><\/p>","protected":false},"excerpt":{"rendered":"<p>La Fiesta Nacional de los Estudiantes 2025 contin\u00faa a puro color y creatividad en Ciudad Cultural. Este viernes 19 de septiembre ser\u00e1 el turno del&nbsp;Grupo B, que desplegar\u00e1 su trabajo en el tradicional circuito con un total de&nbsp;6 carrozas t\u00e9cnicas, 11 carrozas no t\u00e9cnicas y 23 carruajes. El desfile arrancar\u00e1 a las&nbsp;20:00 horas, mientras que [&hellip;]<\/p>\n","protected":false},"author":9,"featured_media":125290,"comment_status":"open","ping_status":"open","sticky":false,"template":"","format":"standard","meta":{"site-sidebar-layout":"default","site-content-layout":"","ast-site-content-layout":"default","site-content-style":"default","site-sidebar-style":"default","ast-global-header-display":"","ast-banner-title-visibility":"","ast-main-header-display":"","ast-hfb-above-header-display":"","ast-hfb-below-header-display":"","ast-hfb-mobile-header-display":"","site-post-title":"","ast-breadcrumbs-content":"","ast-featured-img":"","footer-sml-layout":"","ast-disable-related-posts":"","theme-transparent-header-meta":"","adv-header-id-meta":"","stick-header-meta":"","header-above-stick-meta":"","header-main-stick-meta":"","header-below-stick-meta":"","astra-migrate-meta-layouts":"default","ast-page-background-enabled":"default","ast-page-background-meta":{"desktop":{"background-color":"","background-image":"","background-repeat":"repeat","background-position":"center center","background-size":"auto","background-attachment":"scroll","background-type":"","background-media":"","overlay-type":"","overlay-color":"","overlay-opacity":"","overlay-gradient":""},"tablet":{"background-color":"","background-image":"","background-repeat":"repeat","background-position":"center center","background-size":"auto","background-attachment":"scroll","background-type":"","background-media":"","overlay-type":"","overlay-color":"","overlay-opacity":"","overlay-gradient":""},"mobile":{"background-color":"","background-image":"","background-repeat":"repeat","background-position":"center center","background-size":"auto","background-attachment":"scroll","background-type":"","background-media":"","overlay-type":"","overlay-color":"","overlay-opacity":"","overlay-gradient":""}},"ast-content-background-meta":{"desktop":{"background-color":"var(--ast-global-color-5)","background-image":"","background-repeat":"repeat","background-position":"center center","background-size":"auto","background-attachment":"scroll","background-type":"","background-media":"","overlay-type":"","overlay-color":"","overlay-opacity":"","overlay-gradient":""},"tablet":{"background-color":"var(--ast-global-color-5)","background-image":"","background-repeat":"repeat","background-position":"center center","background-size":"auto","background-attachment":"scroll","background-type":"","background-media":"","overlay-type":"","overlay-color":"","overlay-opacity":"","overlay-gradient":""},"mobile":{"background-color":"var(--ast-global-color-5)","background-image":"","background-repeat":"repeat","background-position":"center center","background-size":"auto","background-attachment":"scroll","background-type":"","background-media":"","overlay-type":"","overlay-color":"","overlay-opacity":"","overlay-gradient":""}},"footnotes":""},"categories":[8,4],"tags":[],"class_list":["post-125289","post","type-post","status-publish","format-standard","has-post-thumbnail","hentry","category-el-mundo","category-sociedad"],"spectra_blocks_featured_image_url":{"thumbnail":{"url":"https:\/\/100xd.com.ar\/wp-content\/uploads\/2025\/09\/fiesta-150x150.webp","width":150,"height":150},"medium":{"url":"https:\/\/100xd.com.ar\/wp-content\/uploads\/2025\/09\/fiesta-300x184.webp","width":300,"height":184},"medium_large":{"url":"https:\/\/100xd.com.ar\/wp-content\/uploads\/2025\/09\/fiesta-768x472.webp","width":768,"height":472},"large":{"url":"https:\/\/100xd.com.ar\/wp-content\/uploads\/2025\/09\/fiesta.webp","width":993,"height":610},"full":{"url":"https:\/\/100xd.com.ar\/wp-content\/uploads\/2025\/09\/fiesta.webp","width":993,"height":610}},"spectra_blocks_author_info":{"display_name":"Jorge Alfredo Baret","avatar_url":"https:\/\/secure.gravatar.com\/avatar\/31696f5ca83439b642450ec7d3f82f98451a5efacb414343d5478c982b337f26?s=96&d=mm&r=g","author_link":"https:\/\/100xd.com.ar\/en\/author\/jorge\/","description":"Ingeniero Qu\u00edmico UTN - Director Apoderado de Comunicaciones Auditadas SA. Editor Responsable 100xd.com.ar."},"_links":{"self":[{"href":"https:\/\/100xd.com.ar\/en\/wp-json\/wp\/v2\/posts\/125289","targetHints":{"allow":["GET"]}}],"collection":[{"href":"https:\/\/100xd.com.ar\/en\/wp-json\/wp\/v2\/posts"}],"about":[{"href":"https:\/\/100xd.com.ar\/en\/wp-json\/wp\/v2\/types\/post"}],"author":[{"embeddable":true,"href":"https:\/\/100xd.com.ar\/en\/wp-json\/wp\/v2\/users\/9"}],"replies":[{"embeddable":true,"href":"https:\/\/100xd.com.ar\/en\/wp-json\/wp\/v2\/comments?post=125289"}],"version-history":[{"count":2,"href":"https:\/\/100xd.com.ar\/en\/wp-json\/wp\/v2\/posts\/125289\/revisions"}],"predecessor-version":[{"id":125321,"href":"https:\/\/100xd.com.ar\/en\/wp-json\/wp\/v2\/posts\/125289\/revisions\/125321"}],"wp:featuredmedia":[{"embeddable":true,"href":"https:\/\/100xd.com.ar\/en\/wp-json\/wp\/v2\/media\/125290"}],"wp:attachment":[{"href":"https:\/\/100xd.com.ar\/en\/wp-json\/wp\/v2\/media?parent=125289"}],"wp:term":[{"taxonomy":"category","embeddable":true,"href":"https:\/\/100xd.com.ar\/en\/wp-json\/wp\/v2\/categories?post=125289"},{"taxonomy":"post_tag","embeddable":true,"href":"https:\/\/100xd.com.ar\/en\/wp-json\/wp\/v2\/tags?post=125289"}],"curies":[{"name":"wp","href":"https:\/\/api.w.org\/{rel}","templated":true}]}}