{"id":124183,"date":"2025-08-27T11:25:32","date_gmt":"2025-08-27T14:25:32","guid":{"rendered":"https:\/\/100xd.com.ar\/?p=124183"},"modified":"2025-08-27T11:25:32","modified_gmt":"2025-08-27T14:25:32","slug":"coimas-en-andis-se-desarticulo-la-incipiente-estrategia-del-gobierno-y-vuelven-a-asomar-las-internas","status":"publish","type":"post","link":"https:\/\/100xd.com.ar\/en\/coimas-en-andis-se-desarticulo-la-incipiente-estrategia-del-gobierno-y-vuelven-a-asomar-las-internas\/","title":{"rendered":"Coimas en ANDIS: se desarticul\u00f3 la incipiente estrategia del Gobierno y vuelven a asomar las internas"},"content":{"rendered":"<p class=\"wp-block-paragraph\">A seis d\u00edas del estallido de la peor crisis libertaria, desatada por los&nbsp;<strong>audios&nbsp;<\/strong>sobre supuestas&nbsp;<strong>coimas&nbsp;<\/strong>en la Agencia Nacional de Discapacidad (ANDIS), ya no hay una estrategia unificada en el Gobierno para controlar da\u00f1os. En cambio, las distintas alas -a veces enfrentadas- del oficialismo ensayan discursos incoherentes entre s\u00ed, cambian el eje con el paso de las horas y apuntan en variadas direcciones.<a href=\"https:\/\/www.infobae.com\/politica\/2025\/08\/27\/luis-juez-cuestiono-al-gobierno-por-las-coimas-en-andis-no-hay-plata-para-discapacidad-pero-si-para-la-cometa\/\" target=\"_blank\" rel=\"noreferrer noopener\">Te puede interesar:<strong>Luis Juez cuestion\u00f3 al Gobierno por las coimas en ANDIS: \u201c\u00bfNo hay plata para discapacidad pero s\u00ed para la cometa?\u201d<\/strong><\/a><\/p>\n\n\n\n<p class=\"wp-block-paragraph\"><strong>Javier y Karina Milei siguieron como siempre con sus actividades de campa\u00f1a y gesti\u00f3n, pero nada dijeron del caso.&nbsp;<\/strong>Y el vac\u00edo comunicacional que dejaron, sumado a las internas entre el sector del asesor Santiago Caputo y los Menem generaron un desorden discursivo que, por ahora, el oficialismo no logra cohesionar.<\/p>\n\n\n\n<p class=\"wp-block-paragraph\">El sector del asesor, que suele lidiar con las situaciones de crisis, hab\u00eda determinado hasta el fin de semana que la mejor t\u00e1ctica era esperar a que actuara la Justicia y, mientras tanto, evitar poner en tela de juicio la veracidad del material y de su contenido. \u201cSer\u00eda inveros\u00edmil\u201d, dec\u00edan el s\u00e1bado.<a href=\"https:\/\/www.infobae.com\/politica\/2025\/08\/27\/javier-milei-retoma-la-campana-electoral-en-lomas-de-zamora-en-medio-del-escandalo-por-las-denuncias-de-corrupcion\/\" target=\"_blank\" rel=\"noreferrer noopener\">Te puede interesar:<strong>Javier Milei retoma la campa\u00f1a electoral en Lomas de Zamora en medio del esc\u00e1ndalo por las denuncias de corrupci\u00f3n<\/strong><\/a><a href=\"https:\/\/www.infobae.com\/argentina-conversa\/?starting_question=1364\"><\/a>https:\/\/app.mycountrytalks.org\/talks\/af9f572e-59d0-4d95-ae44-47cb29badd94\/join?starting_question=1364<\/p>\n\n\n\n<p class=\"wp-block-paragraph\">Los Menem, en cambio, se inclinaban por poner en duda la autenticidad de los audios con la voz del titular de la ANDIS, Diego Spagnuolo. Al final, dijeron que se trataba de una&nbsp;<strong>\u201coperaci\u00f3n\u201d,&nbsp;<\/strong>sin dar mayores explicaciones de los autores (en principio, incluso hab\u00edan sugerido que lo mejor era clamar ante la opini\u00f3n p\u00fablica que las supuestas grabaciones eran ap\u00f3crifas y que hab\u00edan sido trucadas o creadas a trav\u00e9s de la inteligencia artificial).<img loading=\"lazy\" decoding=\"async\" alt=\"Diego Spagnuolo\" height=\"1080\" src=\"https:\/\/www.infobae.com\/resizer\/v2\/GIKQNV2JGFBMJLDDASYEIFE5JQ.jpg?auth=f95e977102cbf91a0b42eb6112e8f12a62f292d4a16048b685ee06b5f0b7e3b0&amp;smart=true&amp;width=350&amp;height=197&amp;quality=85\" width=\"1920\" title=\"Coimas en ANDIS: se desarticul\u00f3 la incipiente estrategia del Gobierno y vuelven a asomar las internas\">Diego Spagnuolo<\/p>\n\n\n\n<p class=\"wp-block-paragraph\">Despu\u00e9s del viraje, Caputo sigue haci\u00e9ndose cargo de la parte operativo de la auditor\u00eda de la ANDIS -por caso, ayer en Gobierno dejaron trascender que cambiar\u00e1n el sistema de contrataciones y pasar\u00e1n el organismo al \u00e1rea de Salud que maneja el ministro Mario Lugones, amigo del consultor.<strong>&nbsp;Pero la organizaci\u00f3n cabal de la estrategia, con la comunicaci\u00f3n incluida, dej\u00f3 de estar en sus manos.<\/strong><a href=\"https:\/\/www.infobae.com\/politica\/2025\/08\/27\/el-gobierno-sigue-dominado-por-el-caso-spagnuolo-respuesta-limitada-y-sin-senal-para-su-propio-publico\/\" target=\"_blank\" rel=\"noreferrer noopener\">Te puede interesar:<strong>El Gobierno sigue dominado por el caso Spagnuolo: respuesta limitada y sin se\u00f1al para su propio p\u00fablico<\/strong><\/a><\/p>\n\n\n\n<p class=\"wp-block-paragraph\">Tambi\u00e9n hubo cambio de voceros. Hasta el lunes estaba decidido que el encargado de dar la cara y unificar el mensaje del oficialismo fuera el jefe de Gabinete,&nbsp;<strong>Guillermo Francos.&nbsp;<\/strong>Pero entre el s\u00e1bado y el domingo hubo un cambio de planes y se decidi\u00f3, con aval de Karina Milei que fueran los propios involucrados, Lule y -por extensi\u00f3n- Mart\u00edn Menem quienes salieran a defenderse y a su jefa, sin apegarse al guion. \u201cHacen lo que quieren\u201d, refunfu\u00f1aron en un despacho palaciego.<\/p>\n\n\n\n<p class=\"wp-block-paragraph\">En los pasillos de la Casa Rosada, algunos cr\u00edticos de los riojanos deslizaban que esperaban con ansias que Lule Menem presentara su renuncia. Pero en el entorno del subsecretario de Gesti\u00f3n Institucional evitaban contestar. En oficinas cercanas a las de Mart\u00edn Menem tambi\u00e9n&nbsp;<strong>apelaban a la evitaci\u00f3n:&nbsp;<\/strong>\u201cMart\u00edn est\u00e1 dedicado principalmente a la tarea parlamentaria\u201d, aseguraban allegados suyos mientras arreciaban los rumores de que podr\u00eda ser desplazado de la presidencia de la C\u00e1mara de Diputados a partir de diciembre, con el recambio de autoridades.<\/p>\n\n\n\n<figure data-spectra-id=\"spectra-ab8baab9-c5e9-45e5-809e-ffd6ed096ad3\" class=\"wp-block-image\"><img decoding=\"async\" src=\"https:\/\/www.infobae.com\/resizer\/v2\/R2BAEIMB5FF2XMCCKX2XF5RLBU.png?auth=852fa2fde69783fa299113d9273e22a292d8d3d3e76531e295e0e786d08feb4b&amp;smart=true&amp;width=350&amp;height=197&amp;quality=85\" alt=\"R2BAEIMB5FF2XMCCKX2XF5RLBU\" title=\"Coimas en ANDIS: se desarticul\u00f3 la incipiente estrategia del Gobierno y vuelven a asomar las internas\" \/><\/figure>\n\n\n\n<p class=\"wp-block-paragraph\">La habitual falta de un \u00fanico liderazgo -el mando del Gobierno, por acci\u00f3n u omisi\u00f3n, se divide entre Javier y Karina Milei- llevaron a la una multiplicidad de versiones y posiciones sobre el mismo tema. Seg\u00fan el despacho consultado, dec\u00edan que prefer\u00edan la cautela hasta que actuara la Justicia; que el audio hab\u00eda sido trucado; o que es real, pero que Spagnuolo minti\u00f3 en una parte. Al mismo tiempo, apuntaban contra actores tan dis\u00edmiles como la vicepresidenta, Victoria Villarruel; la diputada ex libertaria Marcela Pagano; o la oposici\u00f3n kirchnerista. En&nbsp;<em>on the record<\/em>, los Menem denunciaron una maniobra pol\u00edtica, pero no dijeron qui\u00e9nes creen que son los responsables.<\/p>\n\n\n\n<p class=\"wp-block-paragraph\">M\u00e1s all\u00e1 de los trascendidos, el Gobierno en sus distintas vertientes tambi\u00e9n fue variando el discurso oficial, inclusive usando las mismas palabras pero en sentido contrario.\u00a0<strong>Francos dijo, en sus primeras declaraciones al respecto, que no pon\u00eda las manos en el fuego por ning\u00fan funcionario, mientras que Mart\u00edn Menem repiti\u00f3 dos veces que pon\u00eda las manos en el fuego por su t\u00edo Lule, y por Karina Milei.<\/strong>\u00a0Con el agravante de que el contraste entre un mensaje y otro se ley\u00f3 puertas adentro y afuera del Gobierno como una respuesta tirante entre unos y otros, que en ambos sectores negaron.<\/p>\n\n\n\n<p class=\"wp-block-paragraph\">Fuente:<a href=\"https:\/\/www.infobae.com\/\"> Infobae.com<\/a><\/p>","protected":false},"excerpt":{"rendered":"<p>A seis d\u00edas del estallido de la peor crisis libertaria, desatada por los&nbsp;audios&nbsp;sobre supuestas&nbsp;coimas&nbsp;en la Agencia Nacional de Discapacidad (ANDIS), ya no hay una estrategia unificada en el Gobierno para controlar da\u00f1os. En cambio, las distintas alas -a veces enfrentadas- del oficialismo ensayan discursos incoherentes entre s\u00ed, cambian el eje con el paso de las [&hellip;]<\/p>\n","protected":false},"author":9,"featured_media":124184,"comment_status":"open","ping_status":"open","sticky":false,"template":"","format":"standard","meta":{"site-sidebar-layout":"default","site-content-layout":"","ast-site-content-layout":"default","site-content-style":"default","site-sidebar-style":"default","ast-global-header-display":"","ast-banner-title-visibility":"","ast-main-header-display":"","ast-hfb-above-header-display":"","ast-hfb-below-header-display":"","ast-hfb-mobile-header-display":"","site-post-title":"","ast-breadcrumbs-content":"","ast-featured-img":"","footer-sml-layout":"","ast-disable-related-posts":"","theme-transparent-header-meta":"","adv-header-id-meta":"","stick-header-meta":"","header-above-stick-meta":"","header-main-stick-meta":"","header-below-stick-meta":"","astra-migrate-meta-layouts":"default","ast-page-background-enabled":"default","ast-page-background-meta":{"desktop":{"background-color":"","background-image":"","background-repeat":"repeat","background-position":"center center","background-size":"auto","background-attachment":"scroll","background-type":"","background-media":"","overlay-type":"","overlay-color":"","overlay-opacity":"","overlay-gradient":""},"tablet":{"background-color":"","background-image":"","background-repeat":"repeat","background-position":"center center","background-size":"auto","background-attachment":"scroll","background-type":"","background-media":"","overlay-type":"","overlay-color":"","overlay-opacity":"","overlay-gradient":""},"mobile":{"background-color":"","background-image":"","background-repeat":"repeat","background-position":"center center","background-size":"auto","background-attachment":"scroll","background-type":"","background-media":"","overlay-type":"","overlay-color":"","overlay-opacity":"","overlay-gradient":""}},"ast-content-background-meta":{"desktop":{"background-color":"var(--ast-global-color-5)","background-image":"","background-repeat":"repeat","background-position":"center center","background-size":"auto","background-attachment":"scroll","background-type":"","background-media":"","overlay-type":"","overlay-color":"","overlay-opacity":"","overlay-gradient":""},"tablet":{"background-color":"var(--ast-global-color-5)","background-image":"","background-repeat":"repeat","background-position":"center center","background-size":"auto","background-attachment":"scroll","background-type":"","background-media":"","overlay-type":"","overlay-color":"","overlay-opacity":"","overlay-gradient":""},"mobile":{"background-color":"var(--ast-global-color-5)","background-image":"","background-repeat":"repeat","background-position":"center center","background-size":"auto","background-attachment":"scroll","background-type":"","background-media":"","overlay-type":"","overlay-color":"","overlay-opacity":"","overlay-gradient":""}},"footnotes":""},"categories":[25],"tags":[],"class_list":["post-124183","post","type-post","status-publish","format-standard","has-post-thumbnail","hentry","category-destacado"],"spectra_blocks_featured_image_url":{"thumbnail":{"url":"https:\/\/100xd.com.ar\/wp-content\/uploads\/2025\/08\/fotito-150x150.jpg","width":150,"height":150},"medium":{"url":"https:\/\/100xd.com.ar\/wp-content\/uploads\/2025\/08\/fotito-300x169.jpg","width":300,"height":169},"medium_large":{"url":"https:\/\/100xd.com.ar\/wp-content\/uploads\/2025\/08\/fotito-768x432.jpg","width":768,"height":432},"large":{"url":"https:\/\/100xd.com.ar\/wp-content\/uploads\/2025\/08\/fotito.jpg","width":992,"height":558},"full":{"url":"https:\/\/100xd.com.ar\/wp-content\/uploads\/2025\/08\/fotito.jpg","width":992,"height":558}},"spectra_blocks_author_info":{"display_name":"Jorge Alfredo Baret","avatar_url":"https:\/\/secure.gravatar.com\/avatar\/31696f5ca83439b642450ec7d3f82f98451a5efacb414343d5478c982b337f26?s=96&d=mm&r=g","author_link":"https:\/\/100xd.com.ar\/en\/author\/jorge\/","description":"Ingeniero Qu\u00edmico UTN - Director Apoderado de Comunicaciones Auditadas SA. Editor Responsable 100xd.com.ar."},"_links":{"self":[{"href":"https:\/\/100xd.com.ar\/en\/wp-json\/wp\/v2\/posts\/124183","targetHints":{"allow":["GET"]}}],"collection":[{"href":"https:\/\/100xd.com.ar\/en\/wp-json\/wp\/v2\/posts"}],"about":[{"href":"https:\/\/100xd.com.ar\/en\/wp-json\/wp\/v2\/types\/post"}],"author":[{"embeddable":true,"href":"https:\/\/100xd.com.ar\/en\/wp-json\/wp\/v2\/users\/9"}],"replies":[{"embeddable":true,"href":"https:\/\/100xd.com.ar\/en\/wp-json\/wp\/v2\/comments?post=124183"}],"version-history":[{"count":1,"href":"https:\/\/100xd.com.ar\/en\/wp-json\/wp\/v2\/posts\/124183\/revisions"}],"predecessor-version":[{"id":124185,"href":"https:\/\/100xd.com.ar\/en\/wp-json\/wp\/v2\/posts\/124183\/revisions\/124185"}],"wp:featuredmedia":[{"embeddable":true,"href":"https:\/\/100xd.com.ar\/en\/wp-json\/wp\/v2\/media\/124184"}],"wp:attachment":[{"href":"https:\/\/100xd.com.ar\/en\/wp-json\/wp\/v2\/media?parent=124183"}],"wp:term":[{"taxonomy":"category","embeddable":true,"href":"https:\/\/100xd.com.ar\/en\/wp-json\/wp\/v2\/categories?post=124183"},{"taxonomy":"post_tag","embeddable":true,"href":"https:\/\/100xd.com.ar\/en\/wp-json\/wp\/v2\/tags?post=124183"}],"curies":[{"name":"wp","href":"https:\/\/api.w.org\/{rel}","templated":true}]}}