{"id":124111,"date":"2025-08-25T13:40:18","date_gmt":"2025-08-25T16:40:18","guid":{"rendered":"https:\/\/100xd.com.ar\/?p=124111"},"modified":"2025-08-25T13:40:18","modified_gmt":"2025-08-25T16:40:18","slug":"por-orden-de-karina-milei-los-menem-dieron-sus-explicaciones-sobre-el-escandalo-de-las-presuntas-coimas","status":"publish","type":"post","link":"https:\/\/100xd.com.ar\/en\/por-orden-de-karina-milei-los-menem-dieron-sus-explicaciones-sobre-el-escandalo-de-las-presuntas-coimas\/","title":{"rendered":"Por orden de Karina Milei, los Menem dieron sus explicaciones sobre el esc\u00e1ndalo de las presuntas coimas"},"content":{"rendered":"<p class=\"wp-block-paragraph\">Seis d\u00edas despu\u00e9s de la explosi\u00f3n medi\u00e1tica del esc\u00e1ndalo de los audios que aludieron a presuntas coimas en el \u00e1mbito de la Agencia Nacional de Discapacidad (Andis), y con el Presidente&nbsp;<a href=\"https:\/\/www.lanacion.com.ar\/politica\/milei-mantiene-el-silencio-sobre-el-caso-spagnuolo-y-viaja-a-junin-para-volver-a-zambullirse-en-la-nid24082025\/\">en silencio<\/a>, los primos&nbsp;<strong>Mart\u00edn y Eduardo \u201cLule\u201d Menem<\/strong>&nbsp;dieron sus explicaciones y buscaron tomar distancia de las acusaciones que los involucran en la trama. La estrategia fue ordenada por&nbsp;<strong>Karina Milei<\/strong>, tambi\u00e9n involucrada en las escuchas, y quien tampoco se refiri\u00f3 a\u00fan p\u00fablicamente al episodio, por el que fueron desplazados los funcionarios&nbsp;<strong>Diego Spagnuolo&nbsp;<\/strong>y&nbsp;<a href=\"https:\/\/www.lanacion.com.ar\/politica\/quien-es-daniel-garbellini-el-apuntado-por-spagnuolo-bajo-la-mira-judicial-por-la-operatoria-en-nid24082025\/\"><strong>Daniel Garbellini<\/strong><\/a>, que ten\u00edan a cargo el manejo de la Andis.<\/p>\n\n\n\n<p class=\"wp-block-paragraph\">Hasta anoche, altas fuentes oficiales aseguraban que el jefe de gabinete,&nbsp;<strong>Guillermo Francos<\/strong>, ser\u00eda el&nbsp;<a href=\"https:\/\/www.lanacion.com.ar\/politica\/francos-insistio-en-su-defensa-a-milei-y-karina-tras-el-escandalo-de-los-audios-de-spagnuolo-nid23082025\/\">\u00fanico vocero<\/a>&nbsp;del Gobierno en el caso que conmueve al oficialismo. Pero lleg\u00f3 la orden- varias fuentes la atribuyen a Karina Milei- y aparecieron los comunicados y las entrevistas de los Menem.<\/p>\n\n\n\n<p class=\"wp-block-paragraph\">\u201cS\u00ed, hubo cambio de estrategia, estamos todos coordinados\u201d, reconocieron dos altas fuentes del Gobierno. \u201cNo quer\u00edamos salir hasta no tener todos los elementos analizados\u201d, agregaron a modo de explicaci\u00f3n por la demora, en una ma\u00f1ana de reuniones y consultas en la Casa Rosada. \u201cAlgo hab\u00eda que hacer\u201d, coment\u00f3 un allegado al Presidente, que no dispensa mucha simpat\u00eda por los Menem.<\/p>\n\n\n\n<p class=\"wp-block-paragraph\">\u201cLule me quiso meter una mina en una direcci\u00f3n nacional, lo friz\u00e9. Me quiso meter el de Recursos Humanos, lo friz\u00e9.Pero me meti\u00f3 el m\u00e1s importante de todos. Para chorear\u201d, dice uno de los audios atribuidos a Spagnuolo. Reci\u00e9n anoche, \u201cLule\u201d Menem sali\u00f3 a desmentir su contenido a trav\u00e9s de un comunicado. \u201c<strong>Jam\u00e1s imagin\u00e9 tener que salir a desmentir una burda operaci\u00f3n pol\u00edtica del kirchnerismo<\/strong>, a la que se sumaron algunos medios, dirigentes y periodistas, utiliz\u00e1ndola para intentar manchar la honestidad y la imagen de un gobierno\u201d, expres\u00f3 el funcionario, a trav\u00e9s de un posteo publicado en una cuenta de X a su nombre, en horas de la madrugada.<\/p>\n\n\n\n<p class=\"wp-block-paragraph\">Horas despu\u00e9s, el presidente de la C\u00e1mara de Diputados, Mart\u00edn Menem, lleg\u00f3 a los estudios de Am\u00e9rica 24 con un discurso calcado al de su primo:&nbsp;<a href=\"https:\/\/www.lanacion.com.ar\/politica\/martin-menem-denuncio-una-operacion-politica-tras-el-escandalo-pongo-las-manos-en-el-fuego-por-nid25082025\/\">dudar de la autenticidad&nbsp;<\/a>de los audios, negar cualquier irregularidad, apuntar a una \u201coperaci\u00f3n del kirchnerismo\u201d y defender a capa y espada a la secretaria general de la Presidencia, Karina Milei, \u00faltimo destino de las supuestas coimas seg\u00fan el audio atribuido al ya extitular de la Andis, a quien la Justicia le secuestr\u00f3 el celular y est\u00e1 bajo investigaci\u00f3n.<\/p>\n\n\n\n<p class=\"wp-block-paragraph\">\u00bfPor qu\u00e9 salir ahora y no antes? \u201cNo puedo pasarme la vida contestando\u201d, dijo&nbsp;<strong>Mart\u00edn Menem<\/strong>&nbsp;en la conversaci\u00f3n con Agust\u00edn Laje. En la medianoche del domingo, y luego de consultas en lo m\u00e1s alto del poder, hab\u00eda sido \u201cLule\u201d quien manifest\u00f3 los por qu\u00e9 de la demora. Lo atribuy\u00f3 tambi\u00e9n \u201ca una operaci\u00f3n pol\u00edtica del kirchnerismo\u201d.<\/p>\n\n\n\n<p class=\"wp-block-paragraph\">\u201cAprobado\u201d, comentaron en el Gobierno luego de la primera escala del raid televisivo que el titular de la C\u00e1mara de Diputados continuar\u00e1 esta noche en la pantalla de LN+. Durante su paso por A24, Mart\u00edn Menem reiter\u00f3 ocho veces que pon\u00eda \u201clas manos en el fuego\u201d por Karina Milei, afirm\u00f3 que los audios tienen \u201cdudosa autenticidad\u201d y que su contenido- coimas a empresas ligadas a la salud a ser repartidas entre funcionarios- es \u201cabsolutamente falso\u201d.<\/p>\n\n\n\n<p class=\"wp-block-paragraph\">Precavidas, otras fuentes del oficialismo afirmaron que \u201ca\u00fan es muy temprano para evaluar si fue exitosa\u201d la respuesta medi\u00e1tica. Y se\u00f1alaron como dato preocupante el hundimiento de los bonos argentinos en los mercados globales, en la ma\u00f1ana del lunes.<\/p>\n\n\n\n<figure data-spectra-id=\"spectra-9c5bb463-0c11-43e6-85c3-66e16a2a8672\" class=\"wp-block-image\"><img decoding=\"async\" src=\"https:\/\/resizer.glanacion.com\/resizer\/v2\/diego-spagnuolo-y-javier-3H4T5E6GUBCVTAGLJ6WHROZWTY.webp?auth=a28a94606bb7e0caae9e173b314aef558f1bc247f293def87dcc988d61bd87d2&amp;width=420&amp;height=315&amp;quality=70&amp;smart=true\" alt=\"Diego Spagnuolo y Javier Milei\" title=\"Por orden de Karina Milei, los Menem dieron sus explicaciones sobre el esc\u00e1ndalo de las presuntas coimas\" \/><figcaption>Diego Spagnuolo y Javier Milei<\/figcaption><\/figure>\n\n\n\n<p class=\"wp-block-paragraph\">Quien contin\u00faa con la decisi\u00f3n de no hablar sobre el tema es, seg\u00fan comentaron altas fuentes oficiales, el presidente Milei. \u201cEl cree que es la Justicia la que tiene que hablar\u201d, coment\u00f3 una fuente del Poder Ejecutivo. Spagnuolo, de&nbsp;<a href=\"https:\/\/www.lanacion.com.ar\/politica\/diego-spagnuolo-registra-al-menos-38-visitas-a-olivos-y-48-a-la-casa-rosada-nid22082025\/\">fluido v\u00ednculo con el Presidente<\/a>&nbsp;desde antes de su triunfo electoral de 2023, visitaba asiduamente la quinta presidencial de Olivos durante el primer per\u00edodo de Milei en el Gobierno, aunque en los \u00faltimos meses la relaci\u00f3n se hab\u00eda enfriado.<\/p>\n\n\n\n<p class=\"wp-block-paragraph\">\u201cEs Spagnuolo el que tiene que dar explicaciones\u201d, retrucaron desde otro despacho oficial. Anoche, antes de coordinar la respuesta del clan menemista, los dardos cayeron sobre Spagnuolo. \u201cTen\u00eda que limpiar el padr\u00f3n de las pensiones por discapacidad, con todos los curros que hab\u00eda ah\u00ed, y no hizo nada\u201d, lo cuestionaron desde uno de los despachos m\u00e1s importantes de Balcarce 50, en una muestra de otra frase de la nueva estrategia asumida por el oficialismo para amortiguar las consecuencias del esc\u00e1ndalo.<\/p>\n\n\n\n<p class=\"wp-block-paragraph\">\u201cEstamos tranquilos\u201d, repitieron desde Balcarce 50, sin descartar nuevas apariciones medi\u00e1ticas para contrarrestar los efectos del esc\u00e1ndalo.<\/p>\n\n\n\n<p class=\"wp-block-paragraph\">Por\u00a0<a href=\"https:\/\/www.lanacion.com.ar\/autor\/jaime-rosemberg-163\/\"><strong>Jaime Rosemberg<\/strong><\/a><\/p>\n\n\n\n<p class=\"wp-block-paragraph\">Fuente: <a href=\"https:\/\/www.lanacion.com.ar\/\">La Naci\u00f3n<\/a><\/p>","protected":false},"excerpt":{"rendered":"<p>Seis d\u00edas despu\u00e9s de la explosi\u00f3n medi\u00e1tica del esc\u00e1ndalo de los audios que aludieron a presuntas coimas en el \u00e1mbito de la Agencia Nacional de Discapacidad (Andis), y con el Presidente&nbsp;en silencio, los primos&nbsp;Mart\u00edn y Eduardo \u201cLule\u201d Menem&nbsp;dieron sus explicaciones y buscaron tomar distancia de las acusaciones que los involucran en la trama. La estrategia [&hellip;]<\/p>\n","protected":false},"author":9,"featured_media":124112,"comment_status":"open","ping_status":"open","sticky":false,"template":"","format":"standard","meta":{"site-sidebar-layout":"default","site-content-layout":"","ast-site-content-layout":"default","site-content-style":"default","site-sidebar-style":"default","ast-global-header-display":"","ast-banner-title-visibility":"","ast-main-header-display":"","ast-hfb-above-header-display":"","ast-hfb-below-header-display":"","ast-hfb-mobile-header-display":"","site-post-title":"","ast-breadcrumbs-content":"","ast-featured-img":"","footer-sml-layout":"","ast-disable-related-posts":"","theme-transparent-header-meta":"","adv-header-id-meta":"","stick-header-meta":"","header-above-stick-meta":"","header-main-stick-meta":"","header-below-stick-meta":"","astra-migrate-meta-layouts":"default","ast-page-background-enabled":"default","ast-page-background-meta":{"desktop":{"background-color":"","background-image":"","background-repeat":"repeat","background-position":"center center","background-size":"auto","background-attachment":"scroll","background-type":"","background-media":"","overlay-type":"","overlay-color":"","overlay-opacity":"","overlay-gradient":""},"tablet":{"background-color":"","background-image":"","background-repeat":"repeat","background-position":"center center","background-size":"auto","background-attachment":"scroll","background-type":"","background-media":"","overlay-type":"","overlay-color":"","overlay-opacity":"","overlay-gradient":""},"mobile":{"background-color":"","background-image":"","background-repeat":"repeat","background-position":"center center","background-size":"auto","background-attachment":"scroll","background-type":"","background-media":"","overlay-type":"","overlay-color":"","overlay-opacity":"","overlay-gradient":""}},"ast-content-background-meta":{"desktop":{"background-color":"var(--ast-global-color-5)","background-image":"","background-repeat":"repeat","background-position":"center center","background-size":"auto","background-attachment":"scroll","background-type":"","background-media":"","overlay-type":"","overlay-color":"","overlay-opacity":"","overlay-gradient":""},"tablet":{"background-color":"var(--ast-global-color-5)","background-image":"","background-repeat":"repeat","background-position":"center center","background-size":"auto","background-attachment":"scroll","background-type":"","background-media":"","overlay-type":"","overlay-color":"","overlay-opacity":"","overlay-gradient":""},"mobile":{"background-color":"var(--ast-global-color-5)","background-image":"","background-repeat":"repeat","background-position":"center center","background-size":"auto","background-attachment":"scroll","background-type":"","background-media":"","overlay-type":"","overlay-color":"","overlay-opacity":"","overlay-gradient":""}},"footnotes":""},"categories":[2],"tags":[],"class_list":["post-124111","post","type-post","status-publish","format-standard","has-post-thumbnail","hentry","category-politica"],"spectra_blocks_featured_image_url":{"thumbnail":{"url":"https:\/\/100xd.com.ar\/wp-content\/uploads\/2025\/08\/banda-150x150.jpg","width":150,"height":150},"medium":{"url":"https:\/\/100xd.com.ar\/wp-content\/uploads\/2025\/08\/banda-300x200.jpg","width":300,"height":200},"medium_large":{"url":"https:\/\/100xd.com.ar\/wp-content\/uploads\/2025\/08\/banda-768x511.jpg","width":768,"height":511},"large":{"url":"https:\/\/100xd.com.ar\/wp-content\/uploads\/2025\/08\/banda.jpg","width":880,"height":586},"full":{"url":"https:\/\/100xd.com.ar\/wp-content\/uploads\/2025\/08\/banda.jpg","width":880,"height":586}},"spectra_blocks_author_info":{"display_name":"Jorge Alfredo Baret","avatar_url":"https:\/\/secure.gravatar.com\/avatar\/31696f5ca83439b642450ec7d3f82f98451a5efacb414343d5478c982b337f26?s=96&d=mm&r=g","author_link":"https:\/\/100xd.com.ar\/en\/author\/jorge\/","description":"Ingeniero Qu\u00edmico UTN - Director Apoderado de Comunicaciones Auditadas SA. Editor Responsable 100xd.com.ar."},"_links":{"self":[{"href":"https:\/\/100xd.com.ar\/en\/wp-json\/wp\/v2\/posts\/124111","targetHints":{"allow":["GET"]}}],"collection":[{"href":"https:\/\/100xd.com.ar\/en\/wp-json\/wp\/v2\/posts"}],"about":[{"href":"https:\/\/100xd.com.ar\/en\/wp-json\/wp\/v2\/types\/post"}],"author":[{"embeddable":true,"href":"https:\/\/100xd.com.ar\/en\/wp-json\/wp\/v2\/users\/9"}],"replies":[{"embeddable":true,"href":"https:\/\/100xd.com.ar\/en\/wp-json\/wp\/v2\/comments?post=124111"}],"version-history":[{"count":1,"href":"https:\/\/100xd.com.ar\/en\/wp-json\/wp\/v2\/posts\/124111\/revisions"}],"predecessor-version":[{"id":124113,"href":"https:\/\/100xd.com.ar\/en\/wp-json\/wp\/v2\/posts\/124111\/revisions\/124113"}],"wp:featuredmedia":[{"embeddable":true,"href":"https:\/\/100xd.com.ar\/en\/wp-json\/wp\/v2\/media\/124112"}],"wp:attachment":[{"href":"https:\/\/100xd.com.ar\/en\/wp-json\/wp\/v2\/media?parent=124111"}],"wp:term":[{"taxonomy":"category","embeddable":true,"href":"https:\/\/100xd.com.ar\/en\/wp-json\/wp\/v2\/categories?post=124111"},{"taxonomy":"post_tag","embeddable":true,"href":"https:\/\/100xd.com.ar\/en\/wp-json\/wp\/v2\/tags?post=124111"}],"curies":[{"name":"wp","href":"https:\/\/api.w.org\/{rel}","templated":true}]}}