{"id":123520,"date":"2025-08-14T11:20:39","date_gmt":"2025-08-14T14:20:39","guid":{"rendered":"https:\/\/100xd.com.ar\/?p=123520"},"modified":"2025-08-14T11:20:39","modified_gmt":"2025-08-14T14:20:39","slug":"javier-milei-pondra-la-cara-este-jueves-en-la-plata-junto-a-sus-candidatos-bonaerenses","status":"publish","type":"post","link":"https:\/\/100xd.com.ar\/en\/javier-milei-pondra-la-cara-este-jueves-en-la-plata-junto-a-sus-candidatos-bonaerenses\/","title":{"rendered":"Javier Milei pondr\u00e1 la cara este jueves en La Plata junto a sus candidatos bonaerenses"},"content":{"rendered":"<p class=\"wp-block-paragraph\">Por lo general,&nbsp;<a target=\"_blank\" href=\"https:\/\/www.perfil.com\/noticias\/sociedad\/javier-milei-y-los-discursos-de-incivilidad-como-el-estilo-presidencial-erosiona-el-dialogo-democratico.phtml\" rel=\"noreferrer noopener\">el presidente Javier Milei<\/a>&nbsp;suele estar s\u00f3lo en la tarima de sus actos pol\u00edticos y acaparar toda la atenci\u00f3n del p\u00fablico. Sin embargo, por decisi\u00f3n propia, o sugerencia de su \u201cequipo\u201d (ergo Santiago Caputo), esta vez cambiar\u00e1 la estrategia.&nbsp;<strong>Ya<\/strong>&nbsp;<strong>en plena campa\u00f1a para las elecciones legislativas bonaerenses 2025<\/strong>,&nbsp;<strong><a target=\"_blank\" href=\"https:\/\/www.perfil.com\/noticias\/politica\/la-libertad-avanza-ultima-detalles-para-un-acto-masivo-en-la-plata-que-dara-inicio-a-la-campana-electoral-de-javier-milei-en-la-provincia.phtml\" rel=\"noreferrer noopener\">el lider de La Libertad Avanza estar\u00e1 este jueves en La Plata<\/a><\/strong>&nbsp;acompa\u00f1ado por&nbsp;<a target=\"_blank\" href=\"https:\/\/www.perfil.com\/noticias\/politica\/provincia-de-buenos-aires-quien-lidera-en-cada-seccion-electoral-a-un-mes-de-las-elecciones.phtml\" rel=\"noreferrer noopener\">los ocho candidatos que encabezan las listas de cada secci\u00f3n electoral de la provincia de Buenos Aires<\/a>.<\/p>\n\n\n\n<p class=\"wp-block-paragraph\">La intenci\u00f3n es clara:&nbsp;<strong>vincular la imagen presidencial con la de sus postulantes<\/strong>, a la vez que busca trasladarles parte del caudal electoral libertario que lo llev\u00f3 a la Casa Rosada.<\/p>\n\n\n\n<p class=\"wp-block-paragraph\">El acto comenzar\u00e1 a las 17:00 y&nbsp;<strong>se prev\u00e9 que el discurso de Milei, \u00fanico orador en principio, sea a las 19:00 para el cierre<\/strong>. A su lado o detr\u00e1s se ubicar\u00e1n Diego Valenzuela (Primera secci\u00f3n), Natalia Blanco (Segunda), Maximiliano Bondarenko (Tercera), Gonzalo Cabezas (Cuarta), Guillermo Montenegro (Quinta), Oscar Liberman (Sexta), Alejandro Speroni (S\u00e9ptima) y Francisco Adorni (Octava), hermano del vocero presidencial.Esto no les gusta a los autoritariosEl ejercicio del periodismo profesional y cr\u00edtico es un pilar fundamental de la democracia. Por eso molesta a quienes creen ser los due\u00f1os de la verdad.Hoy m\u00e1s que nunca<a href=\"https:\/\/mi.perfil.com\/\">Suscribite<\/a><\/p>\n\n\n\n<p class=\"wp-block-paragraph\"><a target=\"_blank\" href=\"https:\/\/www.perfil.com\/noticias\/politica\/estela-de-carlotto-critico-a-lla-por-la-banalizacion-del-nunca-mas-no-tienen-cerebro-tienen-que-copiar-y-sobre-todo-ofender.phtml\" rel=\"noreferrer noopener\"><strong>Estela de Carlotto critic\u00f3 a LLA por la banalizaci\u00f3n del &#8220;Nunca m\u00e1s&#8221;: \u201cNo tienen cerebro, tienen que copiar y sobre todo ofender\u201d<\/strong><\/a><\/p>\n\n\n\n<p class=\"wp-block-paragraph\">\u201c<strong>Van a tener protagonismo Milei y sus candidatos<\/strong>\u201d, se\u00f1alaron desde el b\u00fanker bonaerense, donde planean repetir la foto grupal tomada hace una semana en Villa Celina, cuando presentaron el lema \u201cKirchnerismo Nunca M\u00e1s\u201d.<\/p>\n\n\n\n<p class=\"wp-block-paragraph\">No est\u00e1 confirmado si esta vez volver\u00e1n a lucir&nbsp;<strong>los buzos violetas confeccionados por Karina Milei<\/strong>, prenda que gener\u00f3&nbsp;<strong>un alto nivel de bromas<\/strong>&nbsp;en el \u00e1mbito pol\u00edtico y principalmente en redes sociales.<\/p>\n\n\n\n<figure data-spectra-id=\"spectra-af947eb8-594c-4dd0-9bfc-946ad52d87f6\" class=\"wp-block-image\"><img decoding=\"async\" src=\"https:\/\/fotos.perfil.com\/\/2025\/08\/07\/900\/0\/villa-celina-2076473.jpeg\" alt=\"Javier Milei y La Libertad Avanza lanzaron su campa\u00f1a bonaerense en Villa Celina\" title=\"Javier Milei pondr\u00e1 la cara este jueves en La Plata junto a sus candidatos bonaerenses\" \/><figcaption>Javier Milei y La Libertad Avanza lanzaron su campa\u00f1a bonaerense en Villa Celina<\/figcaption><\/figure>\n\n\n\n<h2 class=\"wp-block-heading\"><strong>La Libertad Avanza se enfoca en superar la apat\u00eda pol\u00edtica<\/strong><\/h2>\n\n\n\n<p class=\"wp-block-paragraph\"><strong>El principal desaf\u00edo de esta etapa de campa\u00f1a es incentivar la participaci\u00f3n ciudadana<\/strong>, en un contexto de alto desinter\u00e9s electoral. Por eso, no se descarta que Milei haga un llamado a cumplir con el deber c\u00edvico e incluso advierta sobre los riesgos&nbsp;<strong>que implicar\u00eda un eventual triunfo de Fuerza Patria<\/strong>, seg\u00fan dejaron trascender en la Casa Rosada.<\/p>\n\n\n\n<p class=\"wp-block-paragraph\"><a target=\"_blank\" href=\"https:\/\/www.perfil.com\/noticias\/politica\/javier-milei-arranco-la-campana-electoral-con-un-acto-en-la-matanza.phtml\" rel=\"noreferrer noopener\"><strong>Javier Milei arranc\u00f3 la campa\u00f1a electoral con un acto en La Matanza: \u201cKirchnerismo Nunca M\u00e1s\u201d<\/strong><\/a><\/p>\n\n\n\n<p class=\"wp-block-paragraph\">\u201c<strong>Los van a subir y puede ser que algunos digan algo<\/strong>\u201d, dijo un dirigente de La Libertad Avanza, aunque otras fuentes afirmaron que el \u00fanico orador ser\u00e1 el presidente.<\/p>\n\n\n\n<p class=\"wp-block-paragraph\"><strong>Adorni (Francisco) jugar\u00e1 de local<\/strong>. La Plata es la ciudad m\u00e1s relevante de la Octava Secci\u00f3n y, aunque su presencia es notoria,<strong>&nbsp;no se confirm\u00f3 si tendr\u00e1 un papel m\u00e1s destacado<\/strong>&nbsp;que el resto de los candidatos.<\/p>\n\n\n\n<p class=\"wp-block-paragraph\">\u201c<strong>Valenzuela seguramente ensaye algo<\/strong>\u201d, se\u00f1alaron en el partido libertario bonaerense, que valora la decisi\u00f3n del intendente de Tres de Febrero de abandonar el PRO para sumarse formalmente a La Libertad Avanza.<\/p>\n\n\n\n<p class=\"wp-block-paragraph\"><a target=\"_blank\" href=\"https:\/\/www.perfil.com\/noticias\/politica\/elecciones-en-provincia-de-buenos-aires-que-se-vota-y-como-estan-divididas-las-secciones-electorales.phtml\" rel=\"noreferrer noopener\"><strong>Elecciones en provincia de Buenos Aires: qu\u00e9 se vota y c\u00f3mo est\u00e1n divididas las secciones electorales<\/strong><\/a><\/p>\n\n\n\n<h2 class=\"wp-block-heading\"><strong>Qui\u00e9nes acompa\u00f1ar\u00e1n ma\u00f1ana a Milei en el acto en La Plata<\/strong><\/h2>\n\n\n\n<p class=\"wp-block-paragraph\">En esta ocasi\u00f3n,&nbsp;<strong>el presidente no convoc\u00f3 a todo su gabinete<\/strong>, como s\u00ed planea hacer para el cierre de campa\u00f1a en la Primera Secci\u00f3n (se prev\u00e9 que ser\u00e1 en Moreno). S\u00ed estar\u00e1n figuras clave con v\u00ednculo en el territorio bonaerense, como la ministra de Seguridad,&nbsp;<strong>Patricia Bullrich<\/strong>, quien desde hace meses confronta con el gobernador&nbsp;<strong>Axel Kicillof<\/strong>&nbsp;y cuyo nombre figura como posible candidata a senadora por la Ciudad de Buenos Aires.<\/p>\n\n\n\n<p class=\"wp-block-paragraph\">La inseguridad y el narcotr\u00e1fico, ejes de su cartera, figuran entre las principales preocupaciones del electorado bonaerense.&nbsp;<strong>Bullrich asistir\u00eda pese a haberse sometido este mi\u00e9rcoles a una cirug\u00eda<\/strong>&nbsp;programada de baja complejidad.<\/p>\n\n\n\n<p class=\"wp-block-paragraph\"><strong>Tambi\u00e9n estar\u00eda presente Federico Sturzenegger<\/strong>, ministro de Desregulaci\u00f3n y uno de los pocos funcionarios con potencial de ser candidato; y&nbsp;<strong>Sandra Pettovello<\/strong>, titular de Capital Humano, quien son\u00f3 como posible integrante de las listas pero finalmente fue descartada.<\/p>\n\n\n\n<p class=\"wp-block-paragraph\"><a target=\"_blank\" href=\"https:\/\/www.perfil.com\/noticias\/sociedad\/donde-voto-en-las-elecciones-legislativas-en-provincia-de-buenos-aires.phtml\" rel=\"noreferrer noopener\"><strong>D\u00f3nde voto en las Elecciones Legislativas en provincia de Buenos Aires<\/strong><\/a><\/p>\n\n\n\n<figure data-spectra-id=\"spectra-8e762a39-9338-459c-85f3-3b7658a75f61\" class=\"wp-block-image\"><img decoding=\"async\" src=\"https:\/\/fotos.perfil.com\/\/2025\/08\/04\/900\/0\/karina-milei-y-sebastian-pareja-2073688.jpg?webp\" alt=\"Karina Milei y Sebastian Pareja\" title=\"Javier Milei pondr\u00e1 la cara este jueves en La Plata junto a sus candidatos bonaerenses\" \/><figcaption>Karina Milei y Sebastian Pareja estar\u00e1n presentes en el acto de La Libertad Avanza este viernes en La Plata<\/figcaption><\/figure>\n\n\n\n<p class=\"wp-block-paragraph\">Sobre el escenario tambi\u00e9n estar\u00e1n<strong>&nbsp;Karina Milei<\/strong>, presidenta de La Libertad Avanza a nivel nacional, y los l\u00edderes bonaerenses de LLA y del PRO,&nbsp;<strong>Sebasti\u00e1n Pareja<\/strong>&nbsp;y&nbsp;<strong>Cristian Ritondo<\/strong>.<\/p>\n\n\n\n<p class=\"wp-block-paragraph\">Casi asegurada est\u00e1 la participaci\u00f3n de\u00a0<strong>Jos\u00e9 Luis Espert<\/strong>,\u00a0<strong>posible primer candidato a diputado nacional en octubre<\/strong>. Sin embargo, la confirmaci\u00f3n oficial de la lista nacional se conocer\u00e1 este domingo 17 de agosto, fecha l\u00edmite establecida por la\u00a0<strong>Justicia Electoral<\/strong>\u00a0para la presentaci\u00f3n de n\u00f3minas.<\/p>\n\n\n\n<p class=\"wp-block-paragraph\">Fuente:<a href=\"https:\/\/www.perfil.com\/\"> Perfil.com<\/a><\/p>","protected":false},"excerpt":{"rendered":"<p>Por lo general,&nbsp;el presidente Javier Milei&nbsp;suele estar s\u00f3lo en la tarima de sus actos pol\u00edticos y acaparar toda la atenci\u00f3n del p\u00fablico. Sin embargo, por decisi\u00f3n propia, o sugerencia de su \u201cequipo\u201d (ergo Santiago Caputo), esta vez cambiar\u00e1 la estrategia.&nbsp;Ya&nbsp;en plena campa\u00f1a para las elecciones legislativas bonaerenses 2025,&nbsp;el lider de La Libertad Avanza estar\u00e1 este [&hellip;]<\/p>\n","protected":false},"author":9,"featured_media":123521,"comment_status":"open","ping_status":"open","sticky":false,"template":"","format":"standard","meta":{"site-sidebar-layout":"default","site-content-layout":"","ast-site-content-layout":"default","site-content-style":"default","site-sidebar-style":"default","ast-global-header-display":"","ast-banner-title-visibility":"","ast-main-header-display":"","ast-hfb-above-header-display":"","ast-hfb-below-header-display":"","ast-hfb-mobile-header-display":"","site-post-title":"","ast-breadcrumbs-content":"","ast-featured-img":"","footer-sml-layout":"","ast-disable-related-posts":"","theme-transparent-header-meta":"","adv-header-id-meta":"","stick-header-meta":"","header-above-stick-meta":"","header-main-stick-meta":"","header-below-stick-meta":"","astra-migrate-meta-layouts":"default","ast-page-background-enabled":"default","ast-page-background-meta":{"desktop":{"background-color":"","background-image":"","background-repeat":"repeat","background-position":"center center","background-size":"auto","background-attachment":"scroll","background-type":"","background-media":"","overlay-type":"","overlay-color":"","overlay-opacity":"","overlay-gradient":""},"tablet":{"background-color":"","background-image":"","background-repeat":"repeat","background-position":"center center","background-size":"auto","background-attachment":"scroll","background-type":"","background-media":"","overlay-type":"","overlay-color":"","overlay-opacity":"","overlay-gradient":""},"mobile":{"background-color":"","background-image":"","background-repeat":"repeat","background-position":"center center","background-size":"auto","background-attachment":"scroll","background-type":"","background-media":"","overlay-type":"","overlay-color":"","overlay-opacity":"","overlay-gradient":""}},"ast-content-background-meta":{"desktop":{"background-color":"var(--ast-global-color-5)","background-image":"","background-repeat":"repeat","background-position":"center center","background-size":"auto","background-attachment":"scroll","background-type":"","background-media":"","overlay-type":"","overlay-color":"","overlay-opacity":"","overlay-gradient":""},"tablet":{"background-color":"var(--ast-global-color-5)","background-image":"","background-repeat":"repeat","background-position":"center center","background-size":"auto","background-attachment":"scroll","background-type":"","background-media":"","overlay-type":"","overlay-color":"","overlay-opacity":"","overlay-gradient":""},"mobile":{"background-color":"var(--ast-global-color-5)","background-image":"","background-repeat":"repeat","background-position":"center center","background-size":"auto","background-attachment":"scroll","background-type":"","background-media":"","overlay-type":"","overlay-color":"","overlay-opacity":"","overlay-gradient":""}},"footnotes":""},"categories":[25],"tags":[],"class_list":["post-123520","post","type-post","status-publish","format-standard","has-post-thumbnail","hentry","category-destacado"],"spectra_blocks_featured_image_url":{"thumbnail":{"url":"https:\/\/100xd.com.ar\/wp-content\/uploads\/2025\/08\/pateticos-150x150.webp","width":150,"height":150},"medium":{"url":"https:\/\/100xd.com.ar\/wp-content\/uploads\/2025\/08\/pateticos-300x169.webp","width":300,"height":169},"medium_large":{"url":"https:\/\/100xd.com.ar\/wp-content\/uploads\/2025\/08\/pateticos-768x432.webp","width":768,"height":432},"large":{"url":"https:\/\/100xd.com.ar\/wp-content\/uploads\/2025\/08\/pateticos.webp","width":987,"height":555},"full":{"url":"https:\/\/100xd.com.ar\/wp-content\/uploads\/2025\/08\/pateticos.webp","width":987,"height":555}},"spectra_blocks_author_info":{"display_name":"Jorge Alfredo Baret","avatar_url":"https:\/\/secure.gravatar.com\/avatar\/31696f5ca83439b642450ec7d3f82f98451a5efacb414343d5478c982b337f26?s=96&d=mm&r=g","author_link":"https:\/\/100xd.com.ar\/en\/author\/jorge\/","description":"Ingeniero Qu\u00edmico UTN - Director Apoderado de Comunicaciones Auditadas SA. Editor Responsable 100xd.com.ar."},"_links":{"self":[{"href":"https:\/\/100xd.com.ar\/en\/wp-json\/wp\/v2\/posts\/123520","targetHints":{"allow":["GET"]}}],"collection":[{"href":"https:\/\/100xd.com.ar\/en\/wp-json\/wp\/v2\/posts"}],"about":[{"href":"https:\/\/100xd.com.ar\/en\/wp-json\/wp\/v2\/types\/post"}],"author":[{"embeddable":true,"href":"https:\/\/100xd.com.ar\/en\/wp-json\/wp\/v2\/users\/9"}],"replies":[{"embeddable":true,"href":"https:\/\/100xd.com.ar\/en\/wp-json\/wp\/v2\/comments?post=123520"}],"version-history":[{"count":1,"href":"https:\/\/100xd.com.ar\/en\/wp-json\/wp\/v2\/posts\/123520\/revisions"}],"predecessor-version":[{"id":123522,"href":"https:\/\/100xd.com.ar\/en\/wp-json\/wp\/v2\/posts\/123520\/revisions\/123522"}],"wp:featuredmedia":[{"embeddable":true,"href":"https:\/\/100xd.com.ar\/en\/wp-json\/wp\/v2\/media\/123521"}],"wp:attachment":[{"href":"https:\/\/100xd.com.ar\/en\/wp-json\/wp\/v2\/media?parent=123520"}],"wp:term":[{"taxonomy":"category","embeddable":true,"href":"https:\/\/100xd.com.ar\/en\/wp-json\/wp\/v2\/categories?post=123520"},{"taxonomy":"post_tag","embeddable":true,"href":"https:\/\/100xd.com.ar\/en\/wp-json\/wp\/v2\/tags?post=123520"}],"curies":[{"name":"wp","href":"https:\/\/api.w.org\/{rel}","templated":true}]}}