{"id":123320,"date":"2025-08-10T11:38:02","date_gmt":"2025-08-10T14:38:02","guid":{"rendered":"https:\/\/100xd.com.ar\/?p=123320"},"modified":"2025-08-10T11:38:02","modified_gmt":"2025-08-10T14:38:02","slug":"el-consejo-de-seguridad-de-la-onu-celebrara-este-domingo-una-reunion-de-urgencia-sobre-el-plan-de-israel-para-gaza","status":"publish","type":"post","link":"https:\/\/100xd.com.ar\/en\/el-consejo-de-seguridad-de-la-onu-celebrara-este-domingo-una-reunion-de-urgencia-sobre-el-plan-de-israel-para-gaza\/","title":{"rendered":"El Consejo de Seguridad de la ONU celebrar\u00e1 este domingo una reuni\u00f3n de urgencia sobre el plan de Israel para Gaza"},"content":{"rendered":"<p class=\"wp-block-paragraph\">El&nbsp;<strong>Consejo de Seguridad de Naciones Unidas<\/strong>&nbsp;celebra este domingo una reuni\u00f3n de urgencia para tratar el plan del gobierno de&nbsp;<strong>Benjamin Netanyahu<\/strong>&nbsp;de tomar el control de&nbsp;<strong>Ciudad de Gaza<\/strong>, una medida que numerosos pa\u00edses han criticado y que el secretario general de la ONU,&nbsp;<strong>Ant\u00f3nio Guterres<\/strong>, calific\u00f3 como una \u201cpeligrosa escalada\u201d.<a href=\"https:\/\/www.infobae.com\/america\/mundo\/2025\/08\/10\/lideres-europeos-reafirmaron-su-apoyo-a-ucrania-y-llamaron-a-mantener-la-presion-sobre-rusia-antes-de-cumbre-entre-trump-y-putin\/\" target=\"_blank\" rel=\"noreferrer noopener\">Te puede interesar:<strong>L\u00edderes europeos reafirmaron su apoyo a Ucrania y llamaron a mantener la presi\u00f3n sobre Rusia antes de la cumbre entre Trump y Putin<\/strong><\/a><\/p>\n\n\n\n<p class=\"wp-block-paragraph\">La sesi\u00f3n, que estaba inicialmente prevista para el s\u00e1bado, comenzar\u00e1 a las 10:00 (14:00 GMT) bajo la presidencia del mandatario paname\u00f1o&nbsp;<strong>Jos\u00e9 Ra\u00fal Mulino<\/strong>, cuyo pa\u00eds ostenta la presidencia rotativa del organismo. La convocatoria fue solicitada por varios miembros, entre ellos Dinamarca, Francia, Grecia, Eslovenia y Reino Unido, ante \u201c<strong>la creciente preocupaci\u00f3n<\/strong>\u201d por la expansi\u00f3n de las operaciones militares en Gaza.<\/p>\n\n\n\n<p class=\"wp-block-paragraph\">Seg\u00fan el plan aprobado por el gabinete israel\u00ed, el ej\u00e9rcito se prepara para tomar la ciudad m\u00e1s importante del enclave con el objetivo de derrotar al grupo terrorista<strong>&nbsp;Hamas<\/strong>, liberar a los rehenes y garantizar el control de la seguridad antes de entregar la administraci\u00f3n a una autoridad civil que no est\u00e9 vinculada ni a esa organizaci\u00f3n ni a la Autoridad Palestina. El esquema incluye la desmilitarizaci\u00f3n de la Franja y la distribuci\u00f3n de ayuda humanitaria fuera de las zonas de combate.<a href=\"https:\/\/www.infobae.com\/america\/mundo\/2025\/08\/10\/israel-confirmo-el-ingreso-de-casi-1900-camiones-de-ayuda-a-gaza-durante-la-ultima-semana\/\" target=\"_blank\" rel=\"noreferrer noopener\">Te puede interesar:<strong>Israel confirm\u00f3 el ingreso de casi 1.900 camiones de ayuda a Gaza durante la \u00faltima semana<\/strong><\/a><\/p>\n\n\n\n<p class=\"wp-block-paragraph\">El representante palestino ante la ONU,&nbsp;<strong>Riyad Mansour<\/strong>, denunci\u00f3 que la ofensiva contradice la voluntad de la comunidad internacional. \u201cYa basta.&nbsp;<strong>No necesitamos m\u00e1s guerras<\/strong>, m\u00e1s matanzas, m\u00e1s agon\u00edas, m\u00e1s ocupaci\u00f3n, m\u00e1s genocidio\u201d, afirm\u00f3, y advirti\u00f3 que Estados Unidos podr\u00eda usar su veto para proteger a Israel de medidas de censura. La misi\u00f3n estadounidense ante la ONU no coment\u00f3 antes del encuentro.<img loading=\"lazy\" decoding=\"async\" alt=\"La sesi\u00f3n comenzar\u00e1 a las\" height=\"1825\" src=\"https:\/\/www.infobae.com\/resizer\/v2\/J7VX7GXVTVDGDAR3SSDYSWA5GU.jpg?auth=f583219d65dba3f9233aa8ce92b24e4b346cd893ec1aca7007d2062ebc870f84&amp;smart=true&amp;width=350&amp;height=233&amp;quality=85\" width=\"2738\" title=\"El Consejo de Seguridad de la ONU celebrar\u00e1 este domingo una reuni\u00f3n de urgencia sobre el plan de Israel para Gaza\">La sesi\u00f3n comenzar\u00e1 a las 10:00 (14:00 GMT) bajo la presidencia del mandatario paname\u00f1o Jos\u00e9 Ra\u00fal Mulino, cuyo pa\u00eds ostenta la presidencia rotativa del organismo (EFE\/SARAH YENESEL)<\/p>\n\n\n\n<p class=\"wp-block-paragraph\">El embajador israel\u00ed,&nbsp;<strong>Danny Danon<\/strong>, defendi\u00f3 la operaci\u00f3n: \u201cIsrael no cesar\u00e1 en la lucha por la liberaci\u00f3n de todos los rehenes.<strong>&nbsp;Garantizar la seguridad y protecci\u00f3n de nuestros ciudadanos es nuestro deber<\/strong>\u201d.<a href=\"https:\/\/www.infobae.com\/america\/mundo\/2025\/08\/10\/benjamin-netanyahu-afirmo-que-el-objetivo-de-israel-no-es-ocupar-la-franja-de-gaza\/\" target=\"_blank\" rel=\"noreferrer noopener\">Te puede interesar:<strong>Benjamin Netanyahu afirm\u00f3 que el objetivo de Israel \u201cno es ocupar la Franja de Gaza\u201d<\/strong><\/a><\/p>\n\n\n\n<p class=\"wp-block-paragraph\">Distintos gobiernos y organismos internacionales expresaron su&nbsp;<strong>rechazo a la decisi\u00f3n de Israel<\/strong>. El canciller alem\u00e1n,&nbsp;<strong>Friedrich Merz<\/strong>, afirm\u00f3 que el plan \u201c<strong>no aclara c\u00f3mo se pretende alcanzar los objetivos de desarmar a Hamas<\/strong>, lograr la liberaci\u00f3n de los rehenes y abrir de inmediato negociaciones para un alto el fuego\u201d. Anunci\u00f3 adem\u00e1s la suspensi\u00f3n, hasta nuevo aviso, de exportaciones de material militar que pueda ser utilizado en la Franja de Gaza, una medida in\u00e9dita para Alemania desde el inicio del conflicto.<\/p>\n\n\n\n<p class=\"wp-block-paragraph\">En la misma l\u00ednea,&nbsp;<strong>Pa\u00edses Bajos<\/strong>&nbsp;calific\u00f3 la iniciativa como&nbsp;<strong>\u201cun paso equivocado\u201d<\/strong>&nbsp;y cancel\u00f3 entregas navales a Israel al considerar que existe \u201criesgo de uso\u201d contra Gaza. El gobierno neerland\u00e9s subray\u00f3 que la ciudad \u201cpertenece a los palestinos\u201d y advirti\u00f3 que la operaci\u00f3n \u201cno contribuye en absoluto\u201d a mejorar la situaci\u00f3n humanitaria del enclave.<img loading=\"lazy\" decoding=\"async\" alt=\" El canciller alem\u00e1n, Friedrich\" height=\"3872\" src=\"https:\/\/www.infobae.com\/resizer\/v2\/NADAHK34XZHCPPN4GENLNDIJJA.JPG?auth=265c9a83e3cd718d24899a525c24a8a0725c35f995599df64f862d63f6b25435&amp;smart=true&amp;width=350&amp;height=233&amp;quality=85\" width=\"5808\" title=\"El Consejo de Seguridad de la ONU celebrar\u00e1 este domingo una reuni\u00f3n de urgencia sobre el plan de Israel para Gaza\">El canciller alem\u00e1n, Friedrich Merz (REUTERS)<\/p>\n\n\n\n<p class=\"wp-block-paragraph\">Las reacciones diplom\u00e1ticas tambi\u00e9n llegaron desde&nbsp;<strong>B\u00e9lgica<\/strong>, donde el ministro de Asuntos Exteriores,&nbsp;<strong>Maxime Pr\u00e9vot<\/strong>, convoc\u00f3 a la embajadora israel\u00ed,&nbsp;<strong>Idit Rosenzweig-Abu<\/strong>, para expresar la oposici\u00f3n del gobierno y pedir que se reviertan los planes anunciados.<\/p>\n\n\n\n<p class=\"wp-block-paragraph\">Por su parte,&nbsp;<strong>Espa\u00f1a<\/strong>, a trav\u00e9s del ministro de Asuntos Exteriores,&nbsp;<strong>Jos\u00e9 Manuel Albares<\/strong>, conden\u00f3 de manera firme la decisi\u00f3n e inst\u00f3 a establecer un alto el fuego permanente, permitir la entrada masiva de ayuda humanitaria y liberar a los rehenes.<\/p>\n\n\n\n<p class=\"wp-block-paragraph\">El primer ministro brit\u00e1nico,&nbsp;<strong>Keir Starmer<\/strong>, calific\u00f3 la medida de&nbsp;<strong>\u201cerr\u00f3nea\u201d<\/strong>&nbsp;y advirti\u00f3 que la expansi\u00f3n militar solo provocar\u00e1&nbsp;<strong>\u201cm\u00e1s derramamiento de sangre\u201d<\/strong>. Argument\u00f3 que no contribuir\u00e1 a resolver el conflicto ni a la liberaci\u00f3n de las personas retenidas, y record\u00f3 que el Reino Unido prev\u00e9 reconocer el Estado palestino en la ONU si no hay avances hacia un alto el fuego.<img loading=\"lazy\" decoding=\"async\" alt=\"El primer ministro brit\u00e1nico, Keir\" height=\"2667\" src=\"https:\/\/www.infobae.com\/resizer\/v2\/COQRFTFE4NDSHBUUNVLTYFTRJU.jpg?auth=45879e0af862d393a185bc58b083005487b13c94b3a6c3a0048da7b626d2a9cf&amp;smart=true&amp;width=350&amp;height=233&amp;quality=85\" width=\"4000\" title=\"El Consejo de Seguridad de la ONU celebrar\u00e1 este domingo una reuni\u00f3n de urgencia sobre el plan de Israel para Gaza\">El primer ministro brit\u00e1nico, Keir Starmer (EFE)<\/p>\n\n\n\n<p class=\"wp-block-paragraph\">El desarrollo de la reuni\u00f3n del Consejo de Seguridad de la ONU ser\u00e1 determinante para definir la respuesta internacional ante los \u00faltimos acontecimientos en Gaza y evaluar posibles acciones diplom\u00e1ticas que permitan contener la escalada en la regi\u00f3n.<\/p>\n\n\n\n<p class=\"wp-block-paragraph\"><em>(Con informaci\u00f3n de AFP)<\/em><\/p>\n\n\n\n<p class=\"wp-block-paragraph\">Fuente:<a href=\"https:\/\/www.infobae.com\/\"> Infobae.com<\/a><\/p>","protected":false},"excerpt":{"rendered":"<p>El&nbsp;Consejo de Seguridad de Naciones Unidas&nbsp;celebra este domingo una reuni\u00f3n de urgencia para tratar el plan del gobierno de&nbsp;Benjamin Netanyahu&nbsp;de tomar el control de&nbsp;Ciudad de Gaza, una medida que numerosos pa\u00edses han criticado y que el secretario general de la ONU,&nbsp;Ant\u00f3nio Guterres, calific\u00f3 como una \u201cpeligrosa escalada\u201d.Te puede interesar:L\u00edderes europeos reafirmaron su apoyo a Ucrania [&hellip;]<\/p>\n","protected":false},"author":9,"featured_media":123321,"comment_status":"open","ping_status":"open","sticky":false,"template":"","format":"standard","meta":{"site-sidebar-layout":"default","site-content-layout":"","ast-site-content-layout":"default","site-content-style":"default","site-sidebar-style":"default","ast-global-header-display":"","ast-banner-title-visibility":"","ast-main-header-display":"","ast-hfb-above-header-display":"","ast-hfb-below-header-display":"","ast-hfb-mobile-header-display":"","site-post-title":"","ast-breadcrumbs-content":"","ast-featured-img":"","footer-sml-layout":"","ast-disable-related-posts":"","theme-transparent-header-meta":"","adv-header-id-meta":"","stick-header-meta":"","header-above-stick-meta":"","header-main-stick-meta":"","header-below-stick-meta":"","astra-migrate-meta-layouts":"default","ast-page-background-enabled":"default","ast-page-background-meta":{"desktop":{"background-color":"","background-image":"","background-repeat":"repeat","background-position":"center center","background-size":"auto","background-attachment":"scroll","background-type":"","background-media":"","overlay-type":"","overlay-color":"","overlay-opacity":"","overlay-gradient":""},"tablet":{"background-color":"","background-image":"","background-repeat":"repeat","background-position":"center center","background-size":"auto","background-attachment":"scroll","background-type":"","background-media":"","overlay-type":"","overlay-color":"","overlay-opacity":"","overlay-gradient":""},"mobile":{"background-color":"","background-image":"","background-repeat":"repeat","background-position":"center center","background-size":"auto","background-attachment":"scroll","background-type":"","background-media":"","overlay-type":"","overlay-color":"","overlay-opacity":"","overlay-gradient":""}},"ast-content-background-meta":{"desktop":{"background-color":"var(--ast-global-color-5)","background-image":"","background-repeat":"repeat","background-position":"center center","background-size":"auto","background-attachment":"scroll","background-type":"","background-media":"","overlay-type":"","overlay-color":"","overlay-opacity":"","overlay-gradient":""},"tablet":{"background-color":"var(--ast-global-color-5)","background-image":"","background-repeat":"repeat","background-position":"center center","background-size":"auto","background-attachment":"scroll","background-type":"","background-media":"","overlay-type":"","overlay-color":"","overlay-opacity":"","overlay-gradient":""},"mobile":{"background-color":"var(--ast-global-color-5)","background-image":"","background-repeat":"repeat","background-position":"center center","background-size":"auto","background-attachment":"scroll","background-type":"","background-media":"","overlay-type":"","overlay-color":"","overlay-opacity":"","overlay-gradient":""}},"footnotes":""},"categories":[80],"tags":[],"class_list":["post-123320","post","type-post","status-publish","format-standard","has-post-thumbnail","hentry","category-ultimas-noticias"],"spectra_blocks_featured_image_url":{"thumbnail":{"url":"https:\/\/100xd.com.ar\/wp-content\/uploads\/2025\/08\/multituld-150x150.jpg","width":150,"height":150},"medium":{"url":"https:\/\/100xd.com.ar\/wp-content\/uploads\/2025\/08\/multituld-300x200.jpg","width":300,"height":200},"medium_large":{"url":"https:\/\/100xd.com.ar\/wp-content\/uploads\/2025\/08\/multituld-768x512.jpg","width":768,"height":512},"large":{"url":"https:\/\/100xd.com.ar\/wp-content\/uploads\/2025\/08\/multituld.jpg","width":992,"height":661},"full":{"url":"https:\/\/100xd.com.ar\/wp-content\/uploads\/2025\/08\/multituld.jpg","width":992,"height":661}},"spectra_blocks_author_info":{"display_name":"Jorge Alfredo Baret","avatar_url":"https:\/\/secure.gravatar.com\/avatar\/31696f5ca83439b642450ec7d3f82f98451a5efacb414343d5478c982b337f26?s=96&d=mm&r=g","author_link":"https:\/\/100xd.com.ar\/en\/author\/jorge\/","description":"Ingeniero Qu\u00edmico UTN - Director Apoderado de Comunicaciones Auditadas SA. Editor Responsable 100xd.com.ar."},"_links":{"self":[{"href":"https:\/\/100xd.com.ar\/en\/wp-json\/wp\/v2\/posts\/123320","targetHints":{"allow":["GET"]}}],"collection":[{"href":"https:\/\/100xd.com.ar\/en\/wp-json\/wp\/v2\/posts"}],"about":[{"href":"https:\/\/100xd.com.ar\/en\/wp-json\/wp\/v2\/types\/post"}],"author":[{"embeddable":true,"href":"https:\/\/100xd.com.ar\/en\/wp-json\/wp\/v2\/users\/9"}],"replies":[{"embeddable":true,"href":"https:\/\/100xd.com.ar\/en\/wp-json\/wp\/v2\/comments?post=123320"}],"version-history":[{"count":1,"href":"https:\/\/100xd.com.ar\/en\/wp-json\/wp\/v2\/posts\/123320\/revisions"}],"predecessor-version":[{"id":123322,"href":"https:\/\/100xd.com.ar\/en\/wp-json\/wp\/v2\/posts\/123320\/revisions\/123322"}],"wp:featuredmedia":[{"embeddable":true,"href":"https:\/\/100xd.com.ar\/en\/wp-json\/wp\/v2\/media\/123321"}],"wp:attachment":[{"href":"https:\/\/100xd.com.ar\/en\/wp-json\/wp\/v2\/media?parent=123320"}],"wp:term":[{"taxonomy":"category","embeddable":true,"href":"https:\/\/100xd.com.ar\/en\/wp-json\/wp\/v2\/categories?post=123320"},{"taxonomy":"post_tag","embeddable":true,"href":"https:\/\/100xd.com.ar\/en\/wp-json\/wp\/v2\/tags?post=123320"}],"curies":[{"name":"wp","href":"https:\/\/api.w.org\/{rel}","templated":true}]}}